{"id":577780,"date":"2025-12-04T15:01:35","date_gmt":"2025-12-04T15:01:35","guid":{"rendered":"https:\/\/www.europesays.com\/fr\/577780\/"},"modified":"2025-12-04T15:01:35","modified_gmt":"2025-12-04T15:01:35","slug":"haise-proche-de-pleurer-securite-incriminee-les-coulisses-de-la-reunion-de-crise-a-nice","status":"publish","type":"post","link":"https:\/\/www.europesays.com\/fr\/577780\/","title":{"rendered":"Haise proche de pleurer, s\u00e9curit\u00e9 incrimin\u00e9e\u2026 les coulisses de la r\u00e9union de crise \u00e0 Nice !"},"content":{"rendered":"<p>La m\u00e8che \u00e9tait allum\u00e9e et la bombe a fini par exploser. Trois jours apr\u00e8s les graves incidents ayant eu lieu <a href=\"https:\/\/www.footmercato.net\/a4421112928469161470-coups-crachats-insultes-les-coulisses-de-la-confrontation-violente-entre-les-joueurs-de-nice-et-leurs-supporters\" target=\"_blank\" rel=\"noopener\">lors du retour des joueurs ni\u00e7ois<\/a> de leur d\u00e9faite \u00e0 Lorient (3-1), l\u2019incompr\u00e9hension reste totale au club, et les interrogations nombreuses. Comment la s\u00e9curit\u00e9 a-t-elle pu faire preuve d\u2019autant de laxisme face \u00e0 une situation aussi sensible ? Les joueurs eux-m\u00eames seraient bien curieux de le savoir.<\/p>\n<p>            La suite apr\u00e8s cette publicit\u00e9<\/p>\n<p>Ce mercredi, une r\u00e9union de crise a eu lieu \u00e0 <a href=\"https:\/\/www.footmercato.net\/club\/ogc-nice\/\" target=\"_blank\" rel=\"noopener\">Nice<\/a> entre le staff, l\u2019entra\u00eeneur, mais aussi les joueurs. Au cours de cette entrevue, le vestiaire aurait point\u00e9 du doigt les d\u00e9faillances et l\u2019organisation du dispositif de s\u00e9curit\u00e9 mis en place, aussi bien du c\u00f4t\u00e9 du club que des autorit\u00e9s. Comme l\u2019indique RMC, les joueurs ne se seraient tout simplement pas sentis assez prot\u00e9g\u00e9s. Ils se seraient \u00e9galement \u00e9tonn\u00e9s de voir de nombreux individus cagoul\u00e9s sur place\u2026 alors que la loi l\u2019interdit. <\/p>\n<p>            La suite apr\u00e8s cette publicit\u00e9<\/p>\n<p>        Haise \u00e9tait au bord des larmes<\/p>\n<p>En interne, on se questionnerait aussi sur certaines versions relat\u00e9es par la presse, selon lesquelles il n\u2019y aurait pas eu de violences. <a href=\"https:\/\/www.footmercato.net\/entraineur\/franck-haise\" target=\"_blank\" rel=\"noopener\">Franck Haise<\/a> ne s\u2019en \u00e9tait pas cach\u00e9 plus t\u00f4t dans la journ\u00e9e : \u00abquand j\u2019entends qu\u2019il ne s\u2019est pas pass\u00e9 grand-chose\u2026 Il y a des joueurs qui se sont fait taper. On n\u2019a pas 5 et 7 jours d\u2019ITT par hasard\u00bb, avait confi\u00e9 l\u2019ancien coach lensois \u00e0 L\u2019\u00c9quipe. Jonathan Clauss, <a href=\"https:\/\/www.footmercato.net\/a3221540743120145928-nice-jonathan-clauss-va-aussi-porter-plainte-apres-les-violences\" target=\"_blank\" rel=\"noopener\">qui devrait porter plainte comme Moffi et Boga,<\/a> mais aussi le directeur sportif du GYM, Florian Maurice, n\u2019ont pas non plus \u00e9t\u00e9 \u00e9pargn\u00e9s par les coups.<\/p>\n<p>Cet \u00e9v\u00e8nement marquant va forc\u00e9ment laisser des traces dans la saison du GYM, alors que plusieurs joueurs ont d\u00e9j\u00e0 manifest\u00e9 des envies de d\u00e9part. Ce fut m\u00eame le cas de Franck Haise, <a href=\"https:\/\/www.footmercato.net\/a3114394341441513855-franck-haise-sort-du-silence-et-explique-pourquoi-il-reste-a-nice\" target=\"_blank\" rel=\"noopener\">qui s\u2019est finalement r\u00e9tract\u00e9<\/a> comme <a href=\"https:\/\/www.footmercato.net\/a4249523881483556936-nice-franck-haise-change-davis-et-reste-a-nice\" target=\"_blank\" rel=\"noopener\">nous vous l\u2019indiquions ce matin<\/a>. Mais l\u2019entra\u00eeneur ni\u00e7ois n\u2019en est pas moins marqu\u00e9. Au cours de cette r\u00e9union de crise, il aurait \u00e9t\u00e9 proche des larmes. Le soutien de son groupe, qui a d\u00e9sormais pour mot d\u2019ordre \u00ab\u00a0unit\u00e9\u00a0\u00bb, l\u2019aurait profond\u00e9ment touch\u00e9. Tout le monde souhaite d\u00e9sormais avancer dans le m\u00eame sens et affronter les vents contraires, bras dessus bras dessous.<\/p>\n<p>\n    Pub. le 03\/12\/2025 20:08<br \/>\n            &#8211; MAJ le 04\/12\/2025 14:38\n    <\/p>\n","protected":false},"excerpt":{"rendered":"La m\u00e8che \u00e9tait allum\u00e9e et la bombe a fini par exploser. Trois jours apr\u00e8s les graves incidents ayant&hellip;\n","protected":false},"author":2,"featured_media":577781,"comment_status":"","ping_status":"","sticky":false,"template":"","format":"standard","meta":{"footnotes":""},"categories":[1410],"tags":[63,1011,27,60],"class_list":{"0":"post-577780","1":"post","2":"type-post","3":"status-publish","4":"format-standard","5":"has-post-thumbnail","7":"category-football","8":"tag-football","9":"tag-fr","10":"tag-france","11":"tag-sports"},"share_on_mastodon":{"url":"https:\/\/pubeurope.com\/@fr\/115661903281459566","error":""},"_links":{"self":[{"href":"https:\/\/www.europesays.com\/fr\/wp-json\/wp\/v2\/posts\/577780","targetHints":{"allow":["GET"]}}],"collection":[{"href":"https:\/\/www.europesays.com\/fr\/wp-json\/wp\/v2\/posts"}],"about":[{"href":"https:\/\/www.europesays.com\/fr\/wp-json\/wp\/v2\/types\/post"}],"author":[{"embeddable":true,"href":"https:\/\/www.europesays.com\/fr\/wp-json\/wp\/v2\/users\/2"}],"replies":[{"embeddable":true,"href":"https:\/\/www.europesays.com\/fr\/wp-json\/wp\/v2\/comments?post=577780"}],"version-history":[{"count":0,"href":"https:\/\/www.europesays.com\/fr\/wp-json\/wp\/v2\/posts\/577780\/revisions"}],"wp:featuredmedia":[{"embeddable":true,"href":"https:\/\/www.europesays.com\/fr\/wp-json\/wp\/v2\/media\/577781"}],"wp:attachment":[{"href":"https:\/\/www.europesays.com\/fr\/wp-json\/wp\/v2\/media?parent=577780"}],"wp:term":[{"taxonomy":"category","embeddable":true,"href":"https:\/\/www.europesays.com\/fr\/wp-json\/wp\/v2\/categories?post=577780"},{"taxonomy":"post_tag","embeddable":true,"href":"https:\/\/www.europesays.com\/fr\/wp-json\/wp\/v2\/tags?post=577780"}],"curies":[{"name":"wp","href":"https:\/\/api.w.org\/{rel}","templated":true}]}}