{"id":577810,"date":"2025-12-04T15:24:13","date_gmt":"2025-12-04T15:24:13","guid":{"rendered":"https:\/\/www.europesays.com\/fr\/577810\/"},"modified":"2025-12-04T15:24:13","modified_gmt":"2025-12-04T15:24:13","slug":"une-celebre-chaine-de-restauration-va-sinstaller-en-hypercentre-voici-laquelle","status":"publish","type":"post","link":"https:\/\/www.europesays.com\/fr\/577810\/","title":{"rendered":"une c\u00e9l\u00e8bre cha\u00eene de restauration va s&rsquo;installer en hypercentre, voici laquelle"},"content":{"rendered":"<p>                    Par<br \/>\n        <strong><br \/>\n            <a href=\"https:\/\/actu.fr\/auteur\/pierre-emile-bouchy-actu-fr\" title=\"Consulter tous les articles de Paul-Emile Bouchy\" target=\"_blank\" rel=\"noopener\">Paul-Emile Bouchy<\/a><br \/>\n                    <\/strong><\/p>\n<p>        Publi\u00e9 le<\/p>\n<p>            4 d\u00e9c. 2025 \u00e0 16h12        <\/p>\n<p>INFO LORRAINE ACTU. Apr\u00e8s <a href=\"https:\/\/actu.fr\/grand-est\/nancy_54395\/action-au-centre-commercial-saint-sebastien-a-nancy-voici-la-date-d-ouverture_63483519.html\" target=\"_blank\" rel=\"noopener\">Action qui va ouvrir le 11\u00a0d\u00e9cembre au centre commercial Saint S\u00e9bastien<\/a> ou encore <a href=\"https:\/\/actu.fr\/grand-est\/nancy_54395\/exclusif-ancienne-pharmacie-du-point-central-a-nancy-voici-le-nom-de-l-enseigne-qui-va-s-y-installer_63313927.html\" target=\"_blank\" rel=\"noopener\">La Mie C\u00e2line qui va s\u2019installer en 2026 dans l\u2019ancienne pharmacie du Point-Central<\/a>, <strong>une autre c\u00e9l\u00e8bre enseigne<\/strong> va d\u00e9barquer dans le centre-ville de Nancy l\u2019an prochain.<br \/><strong>L\u2019emplacement, le concept, la p\u00e9riode d\u2019ouverture<\/strong>\u2009: on vous dit tout ce qu\u2019il faut savoir.<\/p>\n<p>Feuillette va ouvrir un caf\u00e9 au c\u0153ur de Nancy<\/p>\n<p class=\" wall-content\">L\u2019enseigne <strong>Feuillette<\/strong>, connue pour ses nombreuses boulangeries install\u00e9es en p\u00e9riph\u00e9rie des villes, a d\u00e9cid\u00e9 d\u2019ouvrir une boutique dans l\u2019hypercentre de la cit\u00e9 ducale. \u00ab<strong>\u2009On va y ouvrir le 6e caf\u00e9 Feuillette de France<\/strong>\u2009\u00bb, confirme Jean-Fran\u00e7ois Feuillette, fondateur de l\u2019enseigne, aupr\u00e8s de\u00a0Lorraine Actu.<\/p>\n<p class=\" wall-content\">L\u2019\u00e9tablissement sera situ\u00e9 au <strong>1 bis rue Notre-Dame<\/strong>, \u00e0 la place de <a href=\"https:\/\/actu.fr\/grand-est\/nancy_54395\/nancy-un-bar-100-alsacien-va-bientot-ouvrir-en-centre-ville_59799873.html\" target=\"_blank\" rel=\"noopener\">l\u2019actuel Caf\u00e9 M<\/a>. Alors que quatre mois de travaux vont \u00eatre n\u00e9cessaires, <strong>l\u2019ouverture devrait avoir lieu \u00ab\u2009au deuxi\u00e8me trimestre 2026\u2009\u00bb<\/strong>. Autrement dit, <strong>avant l\u2019\u00e9t\u00e9<\/strong>.<\/p>\n<p>Un coffee-shop \u00ab\u2009\u00e0 la fran\u00e7aise\u2009\u00bb<\/p>\n<p class=\" wall-content\">Pour le dirigeant, originaire de Lorraine, cette ouverture n\u2019est pas anodine\u2009:<strong> \u00ab\u2009J\u2019ai un attachement particulier avec Nancy<\/strong>. J\u2019ai fait ma formation au Cepal de Laxou et je connais bien son centre-ville.\u2009\u00bb<\/p>\n<p class=\" wall-content\">Dans ce nouveau concept lanc\u00e9 par l\u2019enseigne en 2024, les clients pourront venir se restaurer tout au long de la journ\u00e9e avec <strong>des produits sal\u00e9s et sucr\u00e9s<\/strong>. \u00ab\u2009On veut faire un coffee-shop \u00e0 la fran\u00e7aise. <strong>L\u2019id\u00e9e est de mettre un avant la richesse de notre p\u00e2tisserie avec des madeleines, des financiers, des cannel\u00e9s\u2026<\/strong>\u2009\u00bb, explique M. Feuillette.<\/p>\n<p class=\" wall-content\">Ce salon de th\u00e9 sera <strong>ouvert tous les jours entre 8h et 20h<\/strong> et comptera \u00ab\u2009une cinquantaine de places assises \u00e0 l\u2019int\u00e9rieur\u2009\u00bb et une terrasse.<\/p>\n<p class=\" wall-content\">Personnalisez votre actualit\u00e9 en ajoutant vos villes et m\u00e9dias en favori avec <a href=\"https:\/\/moncompte.actu.fr\" title=\"D\u00e9couvez Mon Actu\" rel=\"nofollow noopener\" data-trk=\"{&quot;cta&quot;:{&quot;action&quot;:&quot;https:\\\/\\\/moncompte.actu.fr&quot;,&quot;category&quot;:&quot;mon compte&quot;,&quot;from&quot;:&quot;article footer&quot;,&quot;name&quot;:&quot;Mon actu&quot;,&quot;type&quot;:&quot;cta&quot;}}\" target=\"_blank\">Mon Actu<\/a>.<\/p>\n","protected":false},"excerpt":{"rendered":"Par Paul-Emile Bouchy Publi\u00e9 le 4 d\u00e9c. 2025 \u00e0 16h12 INFO LORRAINE ACTU. Apr\u00e8s Action qui va ouvrir&hellip;\n","protected":false},"author":2,"featured_media":577811,"comment_status":"","ping_status":"","sticky":false,"template":"","format":"standard","meta":{"footnotes":""},"categories":[9635],"tags":[1111,11,1777,674,1011,27,1661,775,1702,12,3147,25,104],"class_list":{"0":"post-577810","1":"post","2":"type-post","3":"status-publish","4":"format-standard","5":"has-post-thumbnail","7":"category-nancy","8":"tag-actu","9":"tag-actualites","10":"tag-eu","11":"tag-europe","12":"tag-fr","13":"tag-france","14":"tag-gastronomie","15":"tag-grand-est","16":"tag-nancy","17":"tag-news","18":"tag-nouveaux-commerces","19":"tag-republique-francaise","20":"tag-societe"},"share_on_mastodon":{"url":"","error":""},"_links":{"self":[{"href":"https:\/\/www.europesays.com\/fr\/wp-json\/wp\/v2\/posts\/577810","targetHints":{"allow":["GET"]}}],"collection":[{"href":"https:\/\/www.europesays.com\/fr\/wp-json\/wp\/v2\/posts"}],"about":[{"href":"https:\/\/www.europesays.com\/fr\/wp-json\/wp\/v2\/types\/post"}],"author":[{"embeddable":true,"href":"https:\/\/www.europesays.com\/fr\/wp-json\/wp\/v2\/users\/2"}],"replies":[{"embeddable":true,"href":"https:\/\/www.europesays.com\/fr\/wp-json\/wp\/v2\/comments?post=577810"}],"version-history":[{"count":0,"href":"https:\/\/www.europesays.com\/fr\/wp-json\/wp\/v2\/posts\/577810\/revisions"}],"wp:featuredmedia":[{"embeddable":true,"href":"https:\/\/www.europesays.com\/fr\/wp-json\/wp\/v2\/media\/577811"}],"wp:attachment":[{"href":"https:\/\/www.europesays.com\/fr\/wp-json\/wp\/v2\/media?parent=577810"}],"wp:term":[{"taxonomy":"category","embeddable":true,"href":"https:\/\/www.europesays.com\/fr\/wp-json\/wp\/v2\/categories?post=577810"},{"taxonomy":"post_tag","embeddable":true,"href":"https:\/\/www.europesays.com\/fr\/wp-json\/wp\/v2\/tags?post=577810"}],"curies":[{"name":"wp","href":"https:\/\/api.w.org\/{rel}","templated":true}]}}