{"id":577812,"date":"2025-12-04T15:25:16","date_gmt":"2025-12-04T15:25:16","guid":{"rendered":"https:\/\/www.europesays.com\/fr\/577812\/"},"modified":"2025-12-04T15:25:16","modified_gmt":"2025-12-04T15:25:16","slug":"a-nancy-les-ecologistes-et-la-gauche-sunissent-pour-soutenir-mathieu-klein","status":"publish","type":"post","link":"https:\/\/www.europesays.com\/fr\/577812\/","title":{"rendered":"\u00e0 Nancy, les \u00e9cologistes et la gauche s&rsquo;unissent pour soutenir Mathieu Klein"},"content":{"rendered":"<p>                    Par<br \/>\n        <strong><br \/>\n            <a href=\"https:\/\/actu.fr\/auteur\/amandine-mehl\" title=\"Consulter tous les articles de Amandine Mehl\" target=\"_blank\" rel=\"noopener\">Amandine Mehl<\/a><br \/>\n                    <\/strong><\/p>\n<p>        Publi\u00e9 le<\/p>\n<p>            4 d\u00e9c. 2025 \u00e0 16h06        <\/p>\n<p>Le <strong>Parti socialiste<\/strong>, Les <strong>\u00c9cologistes<\/strong>, le <strong>Parti communiste fran\u00e7ais<\/strong>, rassembl\u00e9s dans la <a href=\"https:\/\/actu.fr\/grand-est\/nancy_54395\/municipales-2026-a-nancy-si-mathieu-klein-se-represente-il-devrait-garder-la-majorite-de-son-equipe_63106123.html\" target=\"_blank\" rel=\"noopener\">majorit\u00e9 municipale<\/a> depuis 2020, ainsi que le collectif <strong>citoyen Pour Nancy Mobilis\u00e9.e.s<\/strong>, ont annonc\u00e9, ce jeudi 4 d\u00e9cembre 2025, leur <strong>union<\/strong> en vue des \u00e9lections <a href=\"https:\/\/actu.fr\/tag\/municipales-2026\" target=\"_blank\" rel=\"noopener\">municipales 2026<\/a>.<\/p>\n<p class=\" wall-content\">L\u2019occasion d\u2019afficher leur <strong>soutien<\/strong> au maire sortant, <a href=\"https:\/\/actu.fr\/tag\/mathieu-klein\" target=\"_blank\" rel=\"noopener\">Mathieu Klein<\/a>, qui n\u2019a pas encore officialis\u00e9 sa candidature pour le moment.<\/p>\n<p>Un \u00ab\u00a0projet ambitieux pour 2026\u00a0\u00bb \u00e0 Nancy<\/p>\n<p class=\" wall-content\">\u00ab Cette d\u00e9marche s\u2019inscrit dans la <strong>continuit\u00e9 d\u2019un engagement<\/strong> et d\u2019une <strong>volont\u00e9 commune de poursuivre la collaboration politique<\/strong> dans un esprit de responsabilit\u00e9, de clart\u00e9 d\u00e9mocratique, au service de la justice sociale, de l\u2019imp\u00e9ratif \u00e9cologique et de l\u2019attractivit\u00e9 de Nancy \u00bb, \u00e9crivent-ils dans un communiqu\u00e9.<\/p>\n<p class=\" wall-content\">Outre l\u2019annonce d\u2019un \u00ab <strong>projet ambitieux<\/strong> pour 2026 \u00bb, ils assurent que cette union \u00ab donnera \u00e0 voir une <strong>\u00e9quipe solide<\/strong>, <strong>en partie renouvel\u00e9e<\/strong>, avec une <strong>place pr\u00e9pond\u00e9rante de candidats issus de la soci\u00e9t\u00e9 civile <\/strong>\u00bb.\u00a0<\/p>\n<p class=\" wall-content\">Personnalisez votre actualit\u00e9 en ajoutant vos villes et m\u00e9dias en favori avec <a href=\"https:\/\/moncompte.actu.fr\" title=\"D\u00e9couvez Mon Actu\" rel=\"nofollow noopener\" data-trk=\"{&quot;cta&quot;:{&quot;action&quot;:&quot;https:\\\/\\\/moncompte.actu.fr&quot;,&quot;category&quot;:&quot;mon compte&quot;,&quot;from&quot;:&quot;article footer&quot;,&quot;name&quot;:&quot;Mon actu&quot;,&quot;type&quot;:&quot;cta&quot;}}\" target=\"_blank\">Mon Actu<\/a>.<\/p>\n","protected":false},"excerpt":{"rendered":"Par Amandine Mehl Publi\u00e9 le 4 d\u00e9c. 2025 \u00e0 16h06 Le Parti socialiste, Les \u00c9cologistes, le Parti communiste&hellip;\n","protected":false},"author":2,"featured_media":577813,"comment_status":"","ping_status":"","sticky":false,"template":"","format":"standard","meta":{"footnotes":""},"categories":[9635],"tags":[1111,11,4188,1777,674,1011,27,775,14606,3434,1702,12,316,25],"class_list":{"0":"post-577812","1":"post","2":"type-post","3":"status-publish","4":"format-standard","5":"has-post-thumbnail","7":"category-nancy","8":"tag-actu","9":"tag-actualites","10":"tag-elections-municipales","11":"tag-eu","12":"tag-europe","13":"tag-fr","14":"tag-france","15":"tag-grand-est","16":"tag-mathieu-klein","17":"tag-municipales-2026","18":"tag-nancy","19":"tag-news","20":"tag-politique","21":"tag-republique-francaise"},"share_on_mastodon":{"url":"https:\/\/pubeurope.com\/@fr\/115661997638867242","error":""},"_links":{"self":[{"href":"https:\/\/www.europesays.com\/fr\/wp-json\/wp\/v2\/posts\/577812","targetHints":{"allow":["GET"]}}],"collection":[{"href":"https:\/\/www.europesays.com\/fr\/wp-json\/wp\/v2\/posts"}],"about":[{"href":"https:\/\/www.europesays.com\/fr\/wp-json\/wp\/v2\/types\/post"}],"author":[{"embeddable":true,"href":"https:\/\/www.europesays.com\/fr\/wp-json\/wp\/v2\/users\/2"}],"replies":[{"embeddable":true,"href":"https:\/\/www.europesays.com\/fr\/wp-json\/wp\/v2\/comments?post=577812"}],"version-history":[{"count":0,"href":"https:\/\/www.europesays.com\/fr\/wp-json\/wp\/v2\/posts\/577812\/revisions"}],"wp:featuredmedia":[{"embeddable":true,"href":"https:\/\/www.europesays.com\/fr\/wp-json\/wp\/v2\/media\/577813"}],"wp:attachment":[{"href":"https:\/\/www.europesays.com\/fr\/wp-json\/wp\/v2\/media?parent=577812"}],"wp:term":[{"taxonomy":"category","embeddable":true,"href":"https:\/\/www.europesays.com\/fr\/wp-json\/wp\/v2\/categories?post=577812"},{"taxonomy":"post_tag","embeddable":true,"href":"https:\/\/www.europesays.com\/fr\/wp-json\/wp\/v2\/tags?post=577812"}],"curies":[{"name":"wp","href":"https:\/\/api.w.org\/{rel}","templated":true}]}}