{"id":577814,"date":"2025-12-04T15:26:12","date_gmt":"2025-12-04T15:26:12","guid":{"rendered":"https:\/\/www.europesays.com\/fr\/577814\/"},"modified":"2025-12-04T15:26:12","modified_gmt":"2025-12-04T15:26:12","slug":"le-corps-dune-adolescente-retrouve-dans-une-chambre-dinternat-a-toulon","status":"publish","type":"post","link":"https:\/\/www.europesays.com\/fr\/577814\/","title":{"rendered":"Le corps d\u2019une adolescente retrouv\u00e9 dans une chambre d\u2019internat \u00e0 Toulon"},"content":{"rendered":"<p>Le corps d\u2019une adolescente a \u00e9t\u00e9 retrouv\u00e9 ce jeudi 4\u00a0d\u00e9cembre 2025 dans une chambre d\u2019un internat de la ville de Toulon (Var), a appris Ouest-France confirmant une information de Var-Matin et BFMTV.<\/p>\n<p>La d\u00e9couverte a eu lieu t\u00f4t ce matin, aux alentours de 7\u00a0h, selon nos informations, par une agente d\u2019entretien, pr\u00e9cisent \u00e9galement nos confr\u00e8res.<\/p>\n<p>Plus d\u2019informations \u00e0 venir\u2026<\/p>\n<p>\u00a0<\/p>\n","protected":false},"excerpt":{"rendered":"Le corps d\u2019une adolescente a \u00e9t\u00e9 retrouv\u00e9 ce jeudi 4\u00a0d\u00e9cembre 2025 dans une chambre d\u2019un internat de la&hellip;\n","protected":false},"author":2,"featured_media":577815,"comment_status":"","ping_status":"","sticky":false,"template":"","format":"standard","meta":{"footnotes":""},"categories":[9619],"tags":[1111,11,13008,15760,6725,1777,674,1011,27,69219,12,882,25,4256,2310],"class_list":{"0":"post-577814","1":"post","2":"type-post","3":"status-publish","4":"format-standard","5":"has-post-thumbnail","7":"category-toulon","8":"tag-actu","9":"tag-actualites","10":"tag-adolescente","11":"tag-chambre","12":"tag-corps","13":"tag-eu","14":"tag-europe","15":"tag-fr","16":"tag-france","17":"tag-internat","18":"tag-news","19":"tag-provence-alpes-cote-dazur","20":"tag-republique-francaise","21":"tag-retrouve","22":"tag-toulon"},"share_on_mastodon":{"url":"https:\/\/pubeurope.com\/@fr\/115662001619752448","error":""},"_links":{"self":[{"href":"https:\/\/www.europesays.com\/fr\/wp-json\/wp\/v2\/posts\/577814","targetHints":{"allow":["GET"]}}],"collection":[{"href":"https:\/\/www.europesays.com\/fr\/wp-json\/wp\/v2\/posts"}],"about":[{"href":"https:\/\/www.europesays.com\/fr\/wp-json\/wp\/v2\/types\/post"}],"author":[{"embeddable":true,"href":"https:\/\/www.europesays.com\/fr\/wp-json\/wp\/v2\/users\/2"}],"replies":[{"embeddable":true,"href":"https:\/\/www.europesays.com\/fr\/wp-json\/wp\/v2\/comments?post=577814"}],"version-history":[{"count":0,"href":"https:\/\/www.europesays.com\/fr\/wp-json\/wp\/v2\/posts\/577814\/revisions"}],"wp:featuredmedia":[{"embeddable":true,"href":"https:\/\/www.europesays.com\/fr\/wp-json\/wp\/v2\/media\/577815"}],"wp:attachment":[{"href":"https:\/\/www.europesays.com\/fr\/wp-json\/wp\/v2\/media?parent=577814"}],"wp:term":[{"taxonomy":"category","embeddable":true,"href":"https:\/\/www.europesays.com\/fr\/wp-json\/wp\/v2\/categories?post=577814"},{"taxonomy":"post_tag","embeddable":true,"href":"https:\/\/www.europesays.com\/fr\/wp-json\/wp\/v2\/tags?post=577814"}],"curies":[{"name":"wp","href":"https:\/\/api.w.org\/{rel}","templated":true}]}}