{"id":577818,"date":"2025-12-04T15:28:37","date_gmt":"2025-12-04T15:28:37","guid":{"rendered":"https:\/\/www.europesays.com\/fr\/577818\/"},"modified":"2025-12-04T15:28:37","modified_gmt":"2025-12-04T15:28:37","slug":"municipales-2026-a-montpellier-clemenceau-a-fait-sa-revolution-gambetta-y-aspire-encore-la-parole-aux-habitants","status":"publish","type":"post","link":"https:\/\/www.europesays.com\/fr\/577818\/","title":{"rendered":"Municipales 2026 \u00e0 Montpellier. Clemenceau a fait sa r\u00e9volution, Gambetta y aspire encore\u00a0: la parole aux habitants"},"content":{"rendered":"<p>\n                                                                Chaque semaine, Midi Libre donne la parole aux habitants des quartiers. Quel regard portent-ils sur l\u2019action municipale, quelles attentes pour le prochain mandat\u00a0? Huiti\u00e8me \u00e9tape entre Gambetta et Clemenceau, dans une zone en mutation.\n                            <\/p>\n<p>Le march\u00e9 comme fil conducteur pour interroger les habitants sur leur bilan des actions municipales et leurs aspirations pour leur quartier, \u00e0 quelques mois des \u00e9lections. Un postulat pas si simple au sud-ouest de l\u2019hypercentre. Car sous le panneau annon\u00e7ant le march\u00e9 de Plan Cabane, les \u00e9tals se font rares. Et les clients aussi\u00a0! \u00ab\u00a0Quand vous arrivez sur la place depuis le Faubourg du Courreau, il y a une rupture. Ce n\u2019est pas une fronti\u00e8re mais, au-del\u00e0, il ne se passe plus grand-chose\u00a0\u00bb, reconna\u00eet Val\u00e9rie Palle, pr\u00e9sidente de l\u2019association Courreau Gambetta\u00a0&amp; Co.<\/p>\n<p><a href=\"https:\/\/www.midilibre.fr\/2025\/12\/03\/ils-pourront-sinstaller-gratuitement-le-plus-vieux-marche-de-montpellier-cherche-des-commercants-a-tout-prix-13086449.php\" target=\"_blank\" rel=\"noopener\"><strong>LIRE AUSSI \u2013 \u00ab\u00a0Ils pourront s\u2019installer gratuitement\u00a0\u00bb\u00a0: le plus vieux march\u00e9 de Montpellier cherche des commer\u00e7ants \u00e0 tout prix<\/strong><\/a><\/p>\n<p>Envie de changement mais peur de la gentrification<\/p>\n<p>Une sensation partag\u00e9e par Fatima, qui habite c\u00f4t\u00e9 Figuerolles. \u00ab\u00a0Il y a moins de voitures, plus de pistes cyclables, mais \u00e7a n\u2019a pas autant chang\u00e9 que sur Clemenceau. Nous, on a la drogue, les vendeurs \u00e0 la sauvette, les gens qui zonent\u2026 Il y a eu la tentative d\u2019installer des artistes rue du G\u00e9n\u00e9ral Vincent, mais \u00e7a a du mal \u00e0 prendre. Bien s\u00fbr que j\u2019ai envie de voir mon quartier devenir plus beau. Plus apais\u00e9. Mais ce que je ne veux surtout pas, c\u2019est perdre l\u2019identit\u00e9 populaire. Et je ne suis pas s\u00fbre de pouvoir encore payer mon loyer quand Gambetta ne sera plus Gambetta.\u00a0\u00bb<\/p>\n<p>Aux portes de l\u2019\u00c9cusson, les diff\u00e9rents programmes de r\u00e9novation urbaine, entam\u00e9s par les pr\u00e9d\u00e9cesseurs de Micha\u00ebl Delafosse, ont acc\u00e9l\u00e9r\u00e9 la gentrification. Un ph\u00e9nom\u00e8ne bien visible au bas du cours Gambetta, mais surtout sur l\u2019avenue Clemenceau.\u00a0D\u2019un axe \u00e0 l\u2019autre, et d\u00e9sormais d\u2019un tram \u00e0 l\u2019autre. Samedi 20\u00a0d\u00e9cembre, la ligne 5 entrera en fonction. Si la nouvelle infrastructure est sans aucun doute l\u2019un des marqueurs forts du mandat de Micha\u00ebl Delafosse, elle a aussi bruyamment rythm\u00e9 le quotidien des habitants pendant quatre ans.<\/p>\n<p>        <img decoding=\"async\" class=\"std-img__img responsive-img\" src=\"https:\/\/www.europesays.com\/fr\/wp-content\/uploads\/2025\/12\/1764862117_595_image.jpg\" alt=\"La ligne 5 a redessin\u00e9 l\u2019ancien axe routier.\"\/><\/p>\n<p>                La ligne 5 a redessin\u00e9 l\u2019ancien axe routier.<br \/>\n                                    Midi Libre &#8211; NICOLAS ZARROUK<\/p>\n<p>    La ligne 5 a redessin\u00e9 l\u2019ancien axe routier<\/p>\n<p>La nouvelle ligne de tramway dessin\u00e9e par Barth\u00e9l\u00e9my Toguo, en phase de test ces derniers jours, a remplac\u00e9 les engins de travaux. L\u2019\u00e9norme chantier de l\u2019avenue Clemenceau est en passe de s\u2019achever. Projet majeur de la mandature Delafosse, il aura transform\u00e9 en profondeur l\u2019un des anciens axes p\u00e9n\u00e9trant d\u00e9di\u00e9 aux voitures, s\u2019inscrivant dans la strat\u00e9gie d\u2019expansion de la zone pi\u00e9tonne. Lanc\u00e9 d\u00e8s juin\u00a02022, il aura aussi mis les nerfs des habitants et des commer\u00e7ants \u00e0 rude \u00e9preuve, avec une avenue longtemps \u00e9ventr\u00e9e et entrav\u00e9e par des grilles de protection. Clemenceau rendu aux pi\u00e9tons\u00a0? C\u2019est l\u2019ambition, puisque m\u00eame les v\u00e9los et les trottinettes seront interdits au bas de l\u2019avenue et sur la place Saint-Denis, avec un itin\u00e9raire de contournement mis en place via les rues Enclos-Fermaud, Ernest-Michel et Rondelet.<\/p>\n<p>\u00ab\u00a0On a morfl\u00e9, mais on va pouvoir manger les fen\u00eatres ouvertes\u00a0!\u00a0\u00bb<\/p>\n<p>\u00c0 moins d\u2019un mois de l\u2019inauguration pourtant, du c\u00f4t\u00e9 des riverains, on ne tient pas rigueur au maire sortant. Sans pour autant oublier les d\u00e9sagr\u00e9ments. \u00ab\u00a0On a morfl\u00e9, maintenant on va profiter. Souvenons-nous de ce qu\u2019il y avait avant\u2026 Des embouteillages en permanence\u00a0! On va pouvoir manger avec les fen\u00eatres ouvertes. C\u2019\u00e9tait impensable avant les travaux\u00a0\u00bb, se r\u00e9jouit Marie-No\u00eblle, install\u00e9e dans un appartement de 178 m\u00b2 avec vue sur le parc, pay\u00e9 140\u00a0000\u00a0\u20ac \u00e0 son arriv\u00e9e dans le quartier il y a 23 ans. Son mari<\/p>\n<p>Jean-Pierre s\u2019interroge cependant. \u00ab\u00a0\u00c0 l\u2019avenir, quand les vieux vont partir, le profil des habitants va forc\u00e9ment changer vu les prix actuels de l\u2019immobilier. J\u2019esp\u00e8re que la future \u00e9quipe municipale parviendra \u00e0 maintenir la mixit\u00e9 qui fait la richesse de Clemenceau. Cela passera s\u00fbrement par du logement social dans le secteur.\u00a0\u00bb<\/p>\n<p>Moins de snacks, plus de v\u00e9g\u00e9tation<\/p>\n<p>Du c\u00f4t\u00e9 des commer\u00e7ants, fortement impact\u00e9s par les chantiers successifs, on est un peu moins convaincus par la nouvelle configuration. Et on pointe la perte de visibilit\u00e9 et le manque d\u2019accessibilit\u00e9 cons\u00e9cutifs \u00e0 la pi\u00e9tonnisation. \u00ab\u00a0Maintenant, ceux qui s\u2019installent savent \u00e0 quoi s\u2019attendre \u00c7a va peut-\u00eatre faire \u00e9voluer les enseignes\u00a0\u00bb, observe le patron de la librairie ARG, sp\u00e9cialis\u00e9e dans les BD et Manga. \u00ab\u00a0Moins de snacks et d\u2019\u00e9piceries de nuit (une dizaine \u00e0 date sur l\u2019avenue, NDLR), plus de commerces de proximit\u00e9\u00a0\u00bb, abonde Marie-No\u00eblle.<\/p>\n<p>Sa voisine, elle, se charge de la synth\u00e8se\u00a0: \u00ab\u00a0Qu\u2019est-ce que le prochain maire doit faire \u00e0 Clemenceau\u00a0? Rien\u00a0! Plus rien du tout\u00a0! Ne touchez plus \u00e0 rien et laissez-nous profiter\u00a0!\u00a0\u00bb\u00a0Avant de se raviser, et de pointer une aspiration \u00e9voqu\u00e9e par plusieurs autres habitants rencontr\u00e9s. \u00ab\u00a0Il faut mettre le paquet sur la v\u00e9g\u00e9tation. Je trouve l\u2019avenue tr\u00e8s min\u00e9rale. Quant au parc, on ne comprend pas toujours pourquoi ils coupent des arbres. On veut du vert et des herbes folles\u00a0!\u00a0\u00bb<\/p>\n<p>    Le deal, probl\u00e9matique partag\u00e9e dans tout le secteur<\/p>\n<p><strong>S\u00e9curit\u00e9.\u00a0<\/strong>De Gambetta \u00e0 Clemenceau, c\u2019est sans aucun doute la demande num\u00e9ro un des habitants\u00a0: \u00ab\u00a0que s\u2019arr\u00eate enfin le trafic de drogue sous nos fen\u00eatres, avec tous les d\u00e9sagr\u00e9ments que cela comporte autour du bruit et de l\u2019ins\u00e9curit\u00e9\u00a0\u00bb, nous indique une m\u00e8re de famille, qui observe chaque soir depuis sa fen\u00eatre les allers-retours des dealers.<\/p>\n<p>Si le parc Clemenceau a connu des p\u00e9riodes compliqu\u00e9es pendant les travaux \u2013 \u00ab\u00a0le banc o\u00f9 nous sommes \u00e9tait un rep\u00e8re de dealers\u00a0\u00bb \u2013 le retour des grilles a en partie r\u00e9solu les nuisances. L\u2019association Courreau Gambetta\u00a0&amp; Co a demand\u00e9 \u00e0 la Ville le retrait de certains mobiliers urbains \u00ab\u00a0qui servaient de cache ou de points de fixation\u00a0\u00bb. \u00ab\u00a0Mais le trafic de drogue, probl\u00e9matique au combien compliqu\u00e9e, se d\u00e9place. Les dealers sont redescendus vers Gambetta et Plan Cabanes\u2026\u00a0\u00bb<\/p>\n<p>\u00c9lisabeth, elle, ne se sent pas en ins\u00e9curit\u00e9 quand elle rentre chez elle, m\u00eame \u00e0 la nuit tomb\u00e9e. Mais la riveraine du Plan Cabanes pr\u00e9f\u00e8re adapter son itin\u00e9raire pour ne pas remonter Gambetta. \u00ab\u00a0J\u2019ai v\u00e9cu \u00e0 Barb\u00e8s. Ce n\u2019est pas comparable\u00a0! Mais \u00e7a reste glauque comme secteur le soir.\u00a0\u00bb Du c\u00f4t\u00e9 des actions \u00e0 mener sur les cinq prochaines ann\u00e9es, deux visions, pas incompatibles, \u00e9mergent. Certains louent les op\u00e9rations \u201cplace nette\u201d quand d\u2019autres privil\u00e9gient la pr\u00e9vention aupr\u00e8s des consommateurs. \u00ab\u00a0Le secteur pourrait m\u00eame devenir un quartier test sur les futures strat\u00e9gies\u00a0!\u00a0\u00bb<\/p>\n","protected":false},"excerpt":{"rendered":"Chaque semaine, Midi Libre donne la parole aux habitants des quartiers. Quel regard portent-ils sur l\u2019action municipale, quelles&hellip;\n","protected":false},"author":2,"featured_media":577819,"comment_status":"","ping_status":"","sticky":false,"template":"","format":"standard","meta":{"footnotes":""},"categories":[9599],"tags":[1111,11,5949,1777,674,1011,27,7089,2208,3434,12,2680,316,25],"class_list":{"0":"post-577818","1":"post","2":"type-post","3":"status-publish","4":"format-standard","5":"has-post-thumbnail","7":"category-montpellier","8":"tag-actu","9":"tag-actualites","10":"tag-elections","11":"tag-eu","12":"tag-europe","13":"tag-fr","14":"tag-france","15":"tag-herault","16":"tag-montpellier","17":"tag-municipales-2026","18":"tag-news","19":"tag-occitanie","20":"tag-politique","21":"tag-republique-francaise"},"share_on_mastodon":{"url":"https:\/\/pubeurope.com\/@fr\/115662011126748224","error":""},"_links":{"self":[{"href":"https:\/\/www.europesays.com\/fr\/wp-json\/wp\/v2\/posts\/577818","targetHints":{"allow":["GET"]}}],"collection":[{"href":"https:\/\/www.europesays.com\/fr\/wp-json\/wp\/v2\/posts"}],"about":[{"href":"https:\/\/www.europesays.com\/fr\/wp-json\/wp\/v2\/types\/post"}],"author":[{"embeddable":true,"href":"https:\/\/www.europesays.com\/fr\/wp-json\/wp\/v2\/users\/2"}],"replies":[{"embeddable":true,"href":"https:\/\/www.europesays.com\/fr\/wp-json\/wp\/v2\/comments?post=577818"}],"version-history":[{"count":0,"href":"https:\/\/www.europesays.com\/fr\/wp-json\/wp\/v2\/posts\/577818\/revisions"}],"wp:featuredmedia":[{"embeddable":true,"href":"https:\/\/www.europesays.com\/fr\/wp-json\/wp\/v2\/media\/577819"}],"wp:attachment":[{"href":"https:\/\/www.europesays.com\/fr\/wp-json\/wp\/v2\/media?parent=577818"}],"wp:term":[{"taxonomy":"category","embeddable":true,"href":"https:\/\/www.europesays.com\/fr\/wp-json\/wp\/v2\/categories?post=577818"},{"taxonomy":"post_tag","embeddable":true,"href":"https:\/\/www.europesays.com\/fr\/wp-json\/wp\/v2\/tags?post=577818"}],"curies":[{"name":"wp","href":"https:\/\/api.w.org\/{rel}","templated":true}]}}