{"id":577820,"date":"2025-12-04T15:29:15","date_gmt":"2025-12-04T15:29:15","guid":{"rendered":"https:\/\/www.europesays.com\/fr\/577820\/"},"modified":"2025-12-04T15:29:15","modified_gmt":"2025-12-04T15:29:15","slug":"municipales-2026-a-montpellier-le-parti-animaliste-et-generation-ecologiste-rallient-delafosse-et-appellent-roumegas-a-lunion","status":"publish","type":"post","link":"https:\/\/www.europesays.com\/fr\/577820\/","title":{"rendered":"Municipales 2026 \u00e0 Montpellier\u00a0: le Parti animaliste et G\u00e9n\u00e9ration \u00e9cologiste rallient Delafosse et appellent Roum\u00e9gas \u00e0 l\u2019union"},"content":{"rendered":"<p>\n                                                                Le Parti animaliste et G\u00e9n\u00e9ration \u00e9cologiste ont officialis\u00e9 jeudi leur ralliement \u00e0 la future liste du maire sortant de Montpellier, Micha\u00ebl Delafosse, rejoignant ainsi le PRG et Place Publique.\n                            <\/p>\n<p><a href=\"https:\/\/www.midilibre.fr\/2025\/12\/02\/municipales-2026-a-montpellier-le-prg-et-place-publique-prets-a-faire-bloc-derriere-michael-delafosse-sil-se-presente-13086198.php\" target=\"_blank\" rel=\"noopener\">Deux jours apr\u00e8s le Parti radical de gauche (PRG) et Place Publique<\/a>, le Parti animaliste et G\u00e9n\u00e9ration \u00e9cologiste ont, eux aussi, act\u00e9 officiellement, ce jeudi 4\u00a0d\u00e9cembre au club de la Presse, leur ralliement \u00e0 la future liste du maire sortant de Montpellier Micha\u00ebl Delafosse pour les municipales 2026. M\u00eame si ce dernier ne s\u2019est pas encore officiellement d\u00e9clar\u00e9.<\/p>\n<p>Les deux adjoints au maire Eddine Ariztegui (Parti animaliste) et Radia Tikouk (G\u00e9n\u00e9ration \u00e9cologiste) ont donc sans surprise annonc\u00e9 leur continuit\u00e9 tout en appelant \u00e0 une plus grande union, \u00e0 destination <a href=\"https:\/\/www.midilibre.fr\/2025\/11\/14\/municipales-2026-a-montpellier-les-10-propositions-du-programme-des-ecologistes-pour-changer-le-modele-dalimentation-13052190.php\" target=\"_blank\" rel=\"noopener\">du candidat\u00a0Jean-Louis Roum\u00e9gas<\/a>. \u00ab\u00a0On invite les \u00c9cologistes \u00e0 rejoindre la majorit\u00e9.\u00a0La porte est grande ouverte et on les accueillera avec grand plaisir\u00a0\u00bb, a annonc\u00e9 Radia Tikouk.<\/p>\n<p>\u00ab\u00a0Le maire a entendu les points de d\u00e9saccord\u00a0\u00bb<\/p>\n<p>Accompagn\u00e9s par Jacqueline Billes, correspondante locale du Parti animaliste, et\u00a0Thierry Vindolet, ancien \u00e9lu G\u00e9n\u00e9ration \u00e9cologiste de Clapiers, les deux \u00e9lus ont justifi\u00e9 leur choix. \u00ab\u00a0C\u2019est un maire en qui j\u2019ai confiance et qui m\u2019a donn\u00e9 tout le respect\u00a0\u00bb, a comment\u00e9 Radia Tikouk. \u00ab\u00a0Le maire a su montrer qu\u2019il est d\u00e9mocrate et a entendu aussi les points de d\u00e9saccord\u00a0\u00bb, a ajout\u00e9\u00a0Eddine Ariztegui en \u00e9voquant<a href=\"https:\/\/www.midilibre.fr\/2025\/11\/13\/le-scandale-des-chauves-souris-continue-la-polemique-est-relancee-sur-le-zoo-de-lunaret-et-sa-fermeture-demandee-par-lassociation-paz-13050324.php\" target=\"_blank\" rel=\"noopener\"> l\u2019euthanasie de 200 chauves-souris au zoo de Montpellier.<\/a><\/p>\n<p>Apr\u00e8s avoir lou\u00e9 \u00ab\u00a0le travail colossal\u00a0\u00bb du mandat en cours, l\u2019\u00e9lu du Parti animaliste a d\u00e9voil\u00e9 une s\u00e9rie de mesures envisag\u00e9e pour le prochain mandat. Parmi celles-ci, la cr\u00e9ation d\u2019une\u00a0direction de conditions animales, celle d\u2019un\u00a0dispensaire v\u00e9t\u00e9rinaire (\u00e9tablissement o\u00f9 l\u2019on donne gratuitement\u00a0des soins m\u00e9dicaux, NDLR), d\u2019un comit\u00e9 de conditions animales pour tous les projets d\u2019urbanisme de la ville ou encore le financement d\u2019une \u00e9tude sur la st\u00e9rilisation des sangliers.<\/p>\n<p>Les deux partis seront pr\u00e9sents au rassemblement organis\u00e9 par Manu Reynaud et les \u00c9cologistes pour Montpellier, ce samedi \u00e0 11\u00a0h, sur la place Max-Rouquette.\u00a0Un appel \u00e0 l\u2019unit\u00e9 qui intervient \u00e0 la veille d\u2019un week-end d\u00e9cisif, o\u00f9 chaque camp entend montrer sa capacit\u00e9 \u00e0 rassembler avant que ne s\u2019ouvre v\u00e9ritablement la bataille des municipales.<\/p>\n","protected":false},"excerpt":{"rendered":"Le Parti animaliste et G\u00e9n\u00e9ration \u00e9cologiste ont officialis\u00e9 jeudi leur ralliement \u00e0 la future liste du maire sortant&hellip;\n","protected":false},"author":2,"featured_media":577821,"comment_status":"","ping_status":"","sticky":false,"template":"","format":"standard","meta":{"footnotes":""},"categories":[9599],"tags":[1111,11,1777,674,1011,27,7089,2208,12,2680,316,25],"class_list":{"0":"post-577820","1":"post","2":"type-post","3":"status-publish","4":"format-standard","5":"has-post-thumbnail","7":"category-montpellier","8":"tag-actu","9":"tag-actualites","10":"tag-eu","11":"tag-europe","12":"tag-fr","13":"tag-france","14":"tag-herault","15":"tag-montpellier","16":"tag-news","17":"tag-occitanie","18":"tag-politique","19":"tag-republique-francaise"},"share_on_mastodon":{"url":"https:\/\/pubeurope.com\/@fr\/115662013450994685","error":""},"_links":{"self":[{"href":"https:\/\/www.europesays.com\/fr\/wp-json\/wp\/v2\/posts\/577820","targetHints":{"allow":["GET"]}}],"collection":[{"href":"https:\/\/www.europesays.com\/fr\/wp-json\/wp\/v2\/posts"}],"about":[{"href":"https:\/\/www.europesays.com\/fr\/wp-json\/wp\/v2\/types\/post"}],"author":[{"embeddable":true,"href":"https:\/\/www.europesays.com\/fr\/wp-json\/wp\/v2\/users\/2"}],"replies":[{"embeddable":true,"href":"https:\/\/www.europesays.com\/fr\/wp-json\/wp\/v2\/comments?post=577820"}],"version-history":[{"count":0,"href":"https:\/\/www.europesays.com\/fr\/wp-json\/wp\/v2\/posts\/577820\/revisions"}],"wp:featuredmedia":[{"embeddable":true,"href":"https:\/\/www.europesays.com\/fr\/wp-json\/wp\/v2\/media\/577821"}],"wp:attachment":[{"href":"https:\/\/www.europesays.com\/fr\/wp-json\/wp\/v2\/media?parent=577820"}],"wp:term":[{"taxonomy":"category","embeddable":true,"href":"https:\/\/www.europesays.com\/fr\/wp-json\/wp\/v2\/categories?post=577820"},{"taxonomy":"post_tag","embeddable":true,"href":"https:\/\/www.europesays.com\/fr\/wp-json\/wp\/v2\/tags?post=577820"}],"curies":[{"name":"wp","href":"https:\/\/api.w.org\/{rel}","templated":true}]}}