{"id":577824,"date":"2025-12-04T15:32:16","date_gmt":"2025-12-04T15:32:16","guid":{"rendered":"https:\/\/www.europesays.com\/fr\/577824\/"},"modified":"2025-12-04T15:32:16","modified_gmt":"2025-12-04T15:32:16","slug":"tarbes-rouen-vendredi-a-19h30-a-maurice-trelut","status":"publish","type":"post","link":"https:\/\/www.europesays.com\/fr\/577824\/","title":{"rendered":"Tarbes-Rouen, vendredi \u00e0 19h30 \u00e0 Maurice Tr\u00e9lut"},"content":{"rendered":"<p>\t\t<img loading=\"lazy\" decoding=\"async\" src=\"https:\/\/www.europesays.com\/fr\/wp-content\/uploads\/2025\/12\/01-500-67-cc21b.jpg\" width=\"512\" height=\"640\" alt=\"\" \/><\/p>\n<p class=\"MsoNormal\"><strong>Un  peu d\u2019histoire\u2026<\/strong><\/p>\n<p class=\"MsoNormal\" style=\"text-align:justify;\">Rouen,  plus de 116\u00a0000 habitants est Pr\u00e9fecture de la Seine-Maritime et Chef-lieu  de la R\u00e9gion Normandie. Avec une agglom\u00e9ration de pr\u00e8s de 475\u00a0000  habitants Rouen est un centre \u00e9conomique important. Une importance \u00e9conomique  qui remonte au XIII\u00e8me si\u00e8cle autour des Manufactures de textiles et qui a  perdur\u00e9 jusqu\u2019au XX\u00e8me si\u00e8cle. Une ville dont l\u2019\u00e9conomie s\u2019est d\u00e9velopp\u00e9e  autour de son port depuis les Vikings. Aujourd\u2019hui encore l\u2019activit\u00e9 \u00e9conomique,  avec plus de 176\u00a0000 emplois, dont pr\u00e8s de 76\u00a0000 \u00e0 Rouen, tourne  autour de son Grand Port Maritime situ\u00e9 dans l\u2019estuaire de la Seine. 5\u00e8me port fran\u00e7ais, Rouen est le 1er port europ\u00e9en pour les c\u00e9r\u00e9ales et  le 1er fran\u00e7ais pour la farine et les engrais.<\/p>\n<p class=\"MsoNormal\" style=\"text-align:justify;\"><strong>Un  club historique m\u00e9connu<\/strong> <\/p>\n<p class=\"MsoNormal\" style=\"text-align:justify;\">Si  le rugby \u00e0 Rouen a fait son apparition dans un Lyc\u00e9e en 1890, le premier club  date de 1923. Celui-ci apr\u00e8s une vingtaine d\u2019ann\u00e9es en 3\u00e8me Division  acc\u00e8de la 2\u00e8me Division en 1972 et \u00e9choue de peu \u00e0 la mont\u00e9e en Groupe  B en 1977. En 2005 Rouen monte en F\u00e9d\u00e9rale 1 mais doit d\u00e9poser le bilan en  2009. Sous le nom de Stade Rouennais Rugby, Rouen repart en F\u00e9d\u00e9rale 3 l\u2019ann\u00e9e  suivante et monte en F\u00e9d\u00e9rale 2 en 2013. Sous la direction du demi-de-m\u00eal\u00e9e  international anglais Richard Hill, Rouen retrouve la F\u00e9d\u00e9rale 1 en 2015. Le  club rebaptis\u00e9 Rouen Normandie Rugby en 2017 remporte la m\u00eame ann\u00e9e le Troph\u00e9e  Jean-Prat. En 2019 Rouen devient Champion de France de F\u00e9d\u00e9rale 1 et monte en  Pro D2 avec Valence-Romans. L\u2019aventure de Rouen en Pro D2 est compliqu\u00e9e avec  des saisons gal\u00e8res en fond de classement (15\u00e8me en 2020, 14\u00e8me en 2021 et 2022, 12\u00e8me en 2023, 16\u00e8me en 2024 et  rel\u00e9gation en Nationale.)<\/p>\n<p class=\"MsoNormal\"><strong>Rouen,  Tarbes, Chamb\u00e9ry, Bourg-en-Bresse, Massy, Albi, Bourgoin, les rescap\u00e9s de la Poule  Elite \u2026<\/strong><\/p>\n<p class=\"MsoNormal\" style=\"text-align:justify;\">Bigourdans  et Normands s\u2019\u00e9taient rencontr\u00e9s en 2017 dans la Poule Elite. Rouen l\u2019avait  emport\u00e9 chez lui 33-32 et s\u2019\u00e9tait inclin\u00e9 13-12 en Bigorre. Pour leurs  retrouvailles en Nationale l\u2019an pass\u00e9 les Tarbais, apr\u00e8s s\u2019\u00eatre lourdement  inclin\u00e9s (68-10) en Normandie, avaient pris leur revanche \u00e0 Tr\u00e9lut (26-7). Comme  la Nationale d\u2019aujourd\u2019hui la Poule Elite, cr\u00e9\u00e9e en 2016, regroupait les onze  meilleurs clubs de F\u00e9d\u00e9rale 1 (Aix, Aubenas, Auch, Bourg-en-Bresse, Chamb\u00e9ry,  Limoges, Massy, Nevers, Valence-Romans, Saint-Nazaire et Tarbes). Nevers et  Massy \u00e9taient mont\u00e9s en Pro D2, Chamb\u00e9ry et Tarbes avaient \u00e9t\u00e9 interdits de  Phases finales pour des raisons financi\u00e8res et Auch et Saint-Nazaire avaient  d\u00e9pos\u00e9 le bilan. La Poule Elite reconduite la saison suivante \u00e9tait compos\u00e9e  d\u2019Aix, Aubenas, Bourg-en-Bresse, Chamb\u00e9ry, Limoges, Tarbes, des rel\u00e9gu\u00e9s de Pro  D2 Albi et Bourgoin, (rep\u00each\u00e9 de F\u00e9d\u00e9rale 3 malgr\u00e9 un d\u00e9p\u00f4t de Bilan) et des  Promus de F\u00e9d\u00e9rale 1 Rouen et Strasbourg. Le d\u00e9p\u00f4t de bilan de Strasbourg et les  probl\u00e8mes financiers de Limoges et de Tarbes allaient pr\u00e9cipiter la fin de la  Poule Elite alors qu\u2019Aix et Bourg-en-Bresse montaient en Pro D2. Aujourd\u2019hui  Aix, Nevers, Valence-Romans, \u00e9voluent en Pro D2, Aubenas et Auch en Nationale 2  et Limoges en F\u00e9d\u00e9rale 1.<\/p>\n<p class=\"MsoNormal\" style=\"text-align:justify;\"><strong>Une  deuxi\u00e8me saison plus compliqu\u00e9e<\/strong><\/p>\n<p class=\"MsoNormal\" style=\"text-align:justify;\">Si  l\u2019an pass\u00e9 Rouen \u00e9tait leader au soir de la douzi\u00e8me journ\u00e9e avec 53 points (11  V, 1 N, 1 D, 5 BO) cette saison le club normand est 10\u00e8me avec 25  points (4 V, 1 N, 7 D, 1 B0, 4 BD). La saison d\u00e9marrait par une tr\u00e8s mauvaise  surprise avec une premi\u00e8re d\u00e9faite \u00e0 domicile contre Suresnes (13-17). Rouen se  reprenait en allant chercher un match nul \u00e0 Bourg-en-Bresse (18-18) et une  victoire bonifi\u00e9e contre Marcq-en-Baroeul (53-19) et terminait le premier Bloc  par une large d\u00e9faite \u00e0 Narbonne (30-19). Lors du second Bloc, les Normands conc\u00e9daient  une deuxi\u00e8me d\u00e9faite \u00e0 domicile contre Albi (20-22) avant de rattraper les  points perdus \u00e0 Rennes (10-12) de faire chuter Nice (18-11) et de s\u2019incliner \u00e0  P\u00e9rigueux (28-14). Le troisi\u00e8me Bloc d\u00e9butait par une troisi\u00e8me d\u00e9faite \u00e0  domicile contre Bourgoin (19-26), suivi d\u2019un court revers \u00e0 Massy (10-9), d\u2019un  succ\u00e8s contre Niort (19-10) et d\u2019un BD ramen\u00e9 de Chamb\u00e9ry (23-18). <\/p>\n<p class=\"MsoNormal\" style=\"text-align:justify;\"><strong>Promotion  du staff et renforcement de l\u2019effectif<\/strong><\/p>\n<p class=\"MsoNormal\" style=\"text-align:justify;\">L\u2019an  pass\u00e9 l\u2019intersaison avait \u00e9t\u00e9 compliqu\u00e9e avec le d\u00e9part du Manager S\u00e9bastien  Tillous-Bordes et de ses trois Adjoints et un renouvellement de l\u2019effectif avec  vingt-quatre d\u00e9parts pour onze arriv\u00e9es. Le club avait conserv\u00e9 trente-deux  joueurs, dont dix-huit Espoirs ce qui lui avait assur\u00e9 une certaine coh\u00e9sion. Pour  sa premi\u00e8re saison, Rouen avec un budget de 6 M\u20ac, avait rapidement pris la  mesure de la Nationale et pointait \u00e0 la premi\u00e8re place au soir de la 19\u00e8me journ\u00e9e. La d\u00e9faite en Bigorre la journ\u00e9e suivante avait enray\u00e9 la machine  normande qui avait termin\u00e9 5\u00e8me et qui s\u2019\u00e9tait fait \u00e9liminer en  demi-finale par Chamb\u00e9ry. Cette ann\u00e9e Romain Sola et Yannick Nyanga se  partagent le pouvoir, l\u2019un en charge des trois-quarts et l\u2019autre des avants. Cette  saison le club a ent\u00e9rin\u00e9 dizaine de d\u00e9parts pour six arriv\u00e9es. Si les Normands  ont perdu quelques cadres derri\u00e8re avec l\u2019Argentin Riera, le Samoan Peleseuma,  le fidjien Bureitakiyaca, et le prometteur Espoirs Boulier parti \u00e0 Vannes, ils  se sont renforc\u00e9s devant avec le recrutement du pilier Lemaire, du seconde  ligne Phillips et derri\u00e8re avec le fidjien Vota et Bastardie venu de Vannes. <\/p>\n<p class=\"MsoNormal\"><strong>Effectif  2025-2026<\/strong><\/p>\n<p class=\"MsoNormal\" style=\"text-align:justify;\">Un  effectif compos\u00e9 de cinquante-trois joueurs dont trente joueurs et dix-huit  Espoirs qui \u00e9taient au club la saison derni\u00e8re. Quarante cinq joueurs, dont quinze  Espoirs, ont disput\u00e9 les douze premi\u00e8res journ\u00e9es. Un effectif senior compos\u00e9  de treize trentenaires, de douze joueurs de 25 ans et plus et de neuf de moins  de 25 ans.<\/p>\n<p class=\"MsoNormal\"><strong>Staff<\/strong>\u00a0: Romain Sola (Co-Manager  Arri\u00e8res), Yannick Nyanga (Co Managers Avants<\/p>\n<p class=\"MsoNormal\"><strong>Dix  piliers <\/strong><\/p>\n<p class=\"MsoNormal\">Diego  Arbelo (D)\u00a0: Uruguay, 31 ans, 1,88 m, 122 kg, 3 matchs\/2 titulaires, au  club depuis 2024, ex-Colorno (Italie), Penarol (Uruguay) <\/p>\n<p class=\"MsoNormal\">Soso  Bekoshvili\u00a0(D)\u00a0: Georgie, 32 ans, 1,82 m, 122 kg, 7 matchs\/2 titulaires,  au club depuis 2022, ex-Carcassonne, Brive, Chamb\u00e9ry<\/p>\n<p class=\"MsoNormal\">Noam  Pion (G)\u00a0: 20 ans, 8 matchs\/5 titulaires, au club depuis 2020,  ex-H\u00e9rouville<\/p>\n<p class=\"MsoNormal\">Alexis  Decaux\u00a0(G)\u00a0: 25 ans, 1,87 m, 114 kg, 0 match, au club depuis 2024, ex  Blagnac, Espoirs Castres, Colomiers<\/p>\n<p class=\"MsoNormal\">Jorel  Peter-Kamga\u00a0(D)\u00a0: 21 ans, 4 matchs\/0 titulaire, au club depuis 2022,  ex-Cr\u00e9teil<\/p>\n<p class=\"MsoNormal\">Nicolas  Lemaire (D)\u00a0: 30 ans, 1,90 m, 130 kg, 7 matchs\/ 2 titulaires, retour au  club en provenance de Bourg-en-Bresse, ex-Nice, B\u00e9ziers, Espoirs USAP, Provence  Rugby<\/p>\n<p class=\"MsoNormal\">No\u00e9  Khier (G)\u00a0: 21 ans, 1,72 m, 109 kg, 3 matchs\/1 titulaire, au club depuis  2019, ex Grand Quevilly<\/p>\n<p class=\"MsoNormal\">Sidi  Mohamed Diallo\u00a0(D)\u00a0: 22 ans, 1,87 m, 133 kg, 11 matchs\/8 titulaires, au  club depuis 2023, ex-Espoirs Montpellier, Dijon, Nice <\/p>\n<p class=\"MsoNormal\">Ewan  Cl\u00e9ment (G)\u00a0: 24 ans, 1,80 m, 115 kg, 5 match\/4 titulaires, au club depuis  2021, ex-Chamb\u00e9ry<\/p>\n<p class=\"MsoNormal\">Samir Abdellaoui  (D)\u00a0: 20 ans, 0 match, au club depuis 2021, ex-La Bresle<\/p>\n<p class=\"MsoNormal\"><strong>Quatre  talonneurs<\/strong><\/p>\n<p class=\"MsoNormal\">Mathieu  Bonnot\u00a0: 31 ans, 1,75 m, 96 kg, 10 matchs\/10 titulaires, au club depuis  2019, ex-Tarbes, Castanet, Massy<\/p>\n<p class=\"MsoNormal\">German  Kessler Lordon\u00a0: (Uruguay), 31 ans, 1,89 m, 109 kg, 7 matchs\/4 titulaires,  au club depuis 2024, ex-Montauban, Soyaux-Angoul\u00eame, Aix <\/p>\n<p class=\"MsoNormal\">Lucas  Poisson\u00a0: 23 ans, 180 m, 109 kg, 9 matchs\/1 titulaire, au club depuis  2021, ex-Nevers<\/p>\n<p class=\"MsoNormal\">Mickhael  Khakhubia\u00a0: G\u00e9orgie, 20 ans, 1,82 m, 105 kg, 1 match\/0 titulaire, en  provenance de Tbilissi<\/p>\n<p class=\"MsoNormal\"><strong>Six  secondes lignes<\/strong><\/p>\n<p class=\"MsoNormal\">John  Charles Astle\u00a0: (S-A), 35 ans, 1,98 m, 115 kg, 7matchs\/6 titulaires, au  club depuis 2020, ex-Southern Kings, Mont-de-Marsan<\/p>\n<p class=\"MsoNormal\">William  Witty\u00a0: (Angleterre), 30 ans, 2,00 m, 120 kg, 11 matchs\/6 titulaires, au  club depuis 2023, ex-USAP, Exeter, Newcasstle<\/p>\n<p class=\"MsoNormal\">Octave  Leleu\u00a0: 22 ans, 2,00 m, 115 kg, 1 match\/0 titularisation, au club depuis  2019, form\u00e9 \u00e0 Pont-Audemer<\/p>\n<p class=\"MsoNormal\">Zsombor  Kade\u00a0: Hongrie, 21 ans, 0 match, au club depuis 2022<\/p>\n<p class=\"MsoNormal\">Pierce  Phillips\u00a0: Angleterre, 33 ans, 2,03 m, 120 kg, 9 matchs\/7 titulaires, en  provenance de Grenoble, ex-Edimbourg, Agen, Worcester<\/p>\n<p class=\"MsoNormal\">Corentin  Vernet\u00a0: 29 ans, 2,00 m, 117 kg, 0 match, au club depuis 2024, ex-Agen,  Espoirs Toulon\u00a0<\/p>\n<p class=\"MsoNormal\"><strong>Onze  troisi\u00e8mes lignes<\/strong><\/p>\n<p class=\"MsoNormal\">Tienie  Burger\u00a0: S-A, 32 ans, 1,93 m, 111 kg, 4 matchs\/3 titulaires, au club  depuis 2020, ex-Southern Kings, Cheetahs\u00a0<\/p>\n<p class=\"MsoNormal\">Lucas  Costa\u00a0: 24 ans, 1,87 m, 101 kg, 7 matchs\/7 titulaires, au club depuis 2021,  ex-Metz<\/p>\n<p class=\"MsoNormal\">Jean  Leleu\u00a0: 26 ans, 2,00 m 113 kg, 3 matchs\/2 titulaires, au club depuis 2019<\/p>\n<p class=\"MsoNormal\">Abdelkarim  Fofana\u00a0: 29 ans, 1,85 m, 118 kg, 10 matchs\/8 titulaires, au club depuis  2021, ex-Suresnes, Valence d\u2019Agen, Espoirs Brive, Stade Fran\u00e7ais<\/p>\n<p class=\"MsoNormal\">Julien  Ruaud\u00a0: 28 ans, 1,96 m, 110 kg, 8 matchs\/5 titulaires, au club depuis  2022, ex-Espoirs Grenoble, Clermont<\/p>\n<p class=\"MsoNormal\">So\u00efg  Mingant\u00a0: 21 ans, 1,90 m, 107 kg, 5 matchs\/2 titularisations, au club  depuis 2023, ex-Plouzan\u00e9, Plannebec, Brest UC<\/p>\n<p class=\"MsoNormal\">Willy  Ndiaye\u00a0: 28 ans, 1,83 m, 107 kg, 10 matchs\/10 titulaires, au club depuis  2021, ex-Valence-Romans, Espoirs Clermont, Toulon<\/p>\n<p class=\"MsoNormal\">Manolo  Laffond\u00a0: 23 ans, 1,95 m, 104 kg, 0 match, au club depuis 2018 <\/p>\n<p class=\"MsoNormal\">Ernest  Eudier\u00a0: 22 ans, 1,95 m, 110 kg, 2 matchs\/1 titulaire, au club depuis  2022, ex-Clamart<\/p>\n<p class=\"MsoNormal\">J\u00e9r\u00e9my  Mukanda\u00a0: 21 ans, 7 matchs\/3 titulaires, au Club depuis 2022, ex-Clamart<\/p>\n<p class=\"MsoNormal\">Killian  Laisn\u00e9\u00a0: 19 ans, 1 match\/0 titulaire, au club depuis 2022<\/p>\n<p class=\"MsoNormal\"><strong>Six demis<\/strong><\/p>\n<p class=\"MsoNormal\">Florent  Campeggia\u00a0(m)\u00a0: 30 ans, 1,70 m, 73 kg, 11 matchs\/7 titulaires, retour au  club depuis 2022, ex-Bourg-en-Bresse, Bourgoin, Espoirs LOU<\/p>\n<p class=\"MsoNormal\">Ilan El  Khattabi\u00a0(m)\u00a0: 26 ans, 1,80 m, 81 kg, 2 matchs\/0 titulaire, au club depuis  2024, ex-Oyonnax, Massy<\/p>\n<p class=\"MsoNormal\">Maxime  Cassonnet (m)\u00a0: 20 ans, 10 matchs\/5 titulaires, au club depuis 2022<\/p>\n<p class=\"MsoNormal\">Gauthier  Lelong\u00a0(o)\u00a0: 22 ans, 1,85 m, 80 kg, 1 match\/0 titulaire, au club depuis  2017<\/p>\n<p class=\"MsoNormal\">Benjamin  Pehau (o)\u00a0: 28 ans, 1,85 m, 97 kg, 11 matchs\/6 titulaires, au club depuis  2024, ex-Albi, Soyaux-Angoul\u00eame, Pau, form\u00e9 Pont-Long<\/p>\n<p class=\"MsoNormal\">Maxime  Javaux (o)\u00a0: 32 ans, 1,80 m, 85 kg, 10 matchs\/5 titulaires, au club depuis  2024, ex-Colomiers, Valence-Romans, Bourgoin, Castres, Espoirs Racing, Nice<\/p>\n<p class=\"MsoNormal\"><strong>Seize  trois-quarts<\/strong><\/p>\n<p class=\"MsoNormal\">Th\u00e9o  Dachary\u00a0: 28 ans, 1,83 m, 97 kg, 11 matchs\/9 titulaires, au club depuis  2024, ex-Dax, Stade Fran\u00e7ais, Toulon, Espoirs Biarritz, Mont-de-Marsan<\/p>\n<p class=\"MsoNormal\">Nicolas  Nieto\u00a0: Franco\/Espagnol, 30 ans, 1,77 m, 87 kg, 11 matchs\/10 titulaires,  au club depuis 2024, Independiente RC, Niort, international VII Espagne<\/p>\n<p class=\"MsoNormal\">Kevin  Bly\u00a0: 29 ans, 1,85 m, 90 kg, 3 matchs\/3 titulaires, au club depuis 2023,  ex-Provence Rugby, Vannes, Espoirs Racing<\/p>\n<p class=\"MsoNormal\">Benjamin  Descamps\u00a0: 23 ans, 1,80 m, 85 kg, 3 matchs\/3 titulaires, au club depuis  2023, ex-Espoirs Toulouse, LOU<\/p>\n<p class=\"MsoNormal\">Benito  Masilevu\u00a0: (Fidji), 36 ans, 1,78 m, 85 kg, 1 match\/1 titulaire, au club  depuis 2022, ex-Grenoble, Agen, Brive<\/p>\n<p class=\"MsoNormal\">Benjamin  Debetz\u00a0: 23 ans, 1,88 m, 88 kg, 7 matchs\/5 titulaires, en provenance de  Berre, ex-Espoirs Provence-Rugby<\/p>\n<p class=\"MsoNormal\">Alo\u00efs  Chayla\u00a0: 23 ans, 1,92 m, 97 kg, 10 matchs\/7 titulaires, au club depuis  2022, ex-Espoirs Stade Fran\u00e7ais<\/p>\n<p class=\"MsoNormal\">Apisalome  Vota Bogidrau\u00a0: Fidji, 29 ans, 6 matchs\/5 titulaires, en provenance  Fidjian Drua<\/p>\n<p class=\"MsoNormal\">Jack Metclaff\u00a0:  Angleterre, 24 ans, 1,90 m, 94 kg, 5 matchs\/5 titulaires, au club depuis 2024,  ex-Newcastle, Doncaster, Eastwwod RC, Ealing Trailfinders<\/p>\n<p class=\"MsoNormal\">Marius  Leleu\u00a0:\u00a020 ans, 1,83 m, 86 kg, 1  match\/1 titulaire, au club depuis 2022, form\u00e9 \u00e0 Pont-Audemer<\/p>\n<p class=\"MsoNormal\">Th\u00e9o  Bastardie\u00a0: 25 ans, 1,80 m, 91 kg, 9 matchs\/8 titulaires, en provenance de  Vannes, ex-Espoirs Stade Fran\u00e7ais, Racing 92<\/p>\n<p class=\"MsoNormal\">Milo  Faudemer\u00a0: 21 ans, 0 match, au club depuis 2019<\/p>\n<p class=\"MsoNormal\">Colas  Lequeffrinec\u00a0: 20 ans, 1,82 m, 85 kg, 9 matchs\/8 titulaires, au club  depuis 2020<\/p>\n<p class=\"MsoNormal\">Marius  Brunel\u00a0: 19 ans, 2 matchs\/1 titulaire, au club depuis 2019<\/p>\n<p class=\"MsoNormal\">Benjamin  Debeth\u00a0: 24 ans, 1,88 m, 90 kg, 2 matchs\/2 titulaires, au club depuis 2024,  ex-Berre, Espoirs Provence Rugby<\/p>\n<p class=\"MsoNormal\">Zalan  Kade\u00a0: (Hongrie), 18 ans, 1,85 m, 93 kg, 1 match\/0 titularisation, au club  depuis 2022<\/p>\n<p class=\"MsoNormal\"><strong>Jean-Jacques Lasserre<\/strong><\/p>\n","protected":false},"excerpt":{"rendered":"Un peu d\u2019histoire\u2026 Rouen, plus de 116\u00a0000 habitants est Pr\u00e9fecture de la Seine-Maritime et Chef-lieu de la R\u00e9gion&hellip;\n","protected":false},"author":2,"featured_media":577825,"comment_status":"","ping_status":"","sticky":false,"template":"","format":"standard","meta":{"footnotes":""},"categories":[9587],"tags":[1111,39730,11,38965,39729,251,33,436,25916,1777,674,118,1011,27,38968,1393,12,5161,27957,316,25,9590,71,60,39731,717],"class_list":{"0":"post-577824","1":"post","2":"type-post","3":"status-publish","4":"format-standard","5":"has-post-thumbnail","7":"category-rouen","8":"tag-actu","9":"tag-actualite-tarbes-et-grand-tarbes","10":"tag-actualites","11":"tag-agenda-des-sorties","12":"tag-communiqus-de-presse","13":"tag-culture","14":"tag-economie","15":"tag-environnement","16":"tag-etat-civil","17":"tag-eu","18":"tag-europe","19":"tag-faits-divers","20":"tag-fr","21":"tag-france","22":"tag-infos-pratiques","23":"tag-loisirs","24":"tag-news","25":"tag-normandie","26":"tag-partenaires","27":"tag-politique","28":"tag-republique-francaise","29":"tag-rouen","30":"tag-sante","31":"tag-sports","32":"tag-tarbes-infos","33":"tag-technologie"},"share_on_mastodon":{"url":"https:\/\/pubeurope.com\/@fr\/115662026053783674","error":""},"_links":{"self":[{"href":"https:\/\/www.europesays.com\/fr\/wp-json\/wp\/v2\/posts\/577824","targetHints":{"allow":["GET"]}}],"collection":[{"href":"https:\/\/www.europesays.com\/fr\/wp-json\/wp\/v2\/posts"}],"about":[{"href":"https:\/\/www.europesays.com\/fr\/wp-json\/wp\/v2\/types\/post"}],"author":[{"embeddable":true,"href":"https:\/\/www.europesays.com\/fr\/wp-json\/wp\/v2\/users\/2"}],"replies":[{"embeddable":true,"href":"https:\/\/www.europesays.com\/fr\/wp-json\/wp\/v2\/comments?post=577824"}],"version-history":[{"count":0,"href":"https:\/\/www.europesays.com\/fr\/wp-json\/wp\/v2\/posts\/577824\/revisions"}],"wp:featuredmedia":[{"embeddable":true,"href":"https:\/\/www.europesays.com\/fr\/wp-json\/wp\/v2\/media\/577825"}],"wp:attachment":[{"href":"https:\/\/www.europesays.com\/fr\/wp-json\/wp\/v2\/media?parent=577824"}],"wp:term":[{"taxonomy":"category","embeddable":true,"href":"https:\/\/www.europesays.com\/fr\/wp-json\/wp\/v2\/categories?post=577824"},{"taxonomy":"post_tag","embeddable":true,"href":"https:\/\/www.europesays.com\/fr\/wp-json\/wp\/v2\/tags?post=577824"}],"curies":[{"name":"wp","href":"https:\/\/api.w.org\/{rel}","templated":true}]}}