{"id":577828,"date":"2025-12-04T15:34:17","date_gmt":"2025-12-04T15:34:17","guid":{"rendered":"https:\/\/www.europesays.com\/fr\/577828\/"},"modified":"2025-12-04T15:34:17","modified_gmt":"2025-12-04T15:34:17","slug":"hockey-sur-glace-ligue-magnus-deux-grenoblois-epingles-oconnor-blanchi-les-sanctions-apres-bruleurs-de-loups","status":"publish","type":"post","link":"https:\/\/www.europesays.com\/fr\/577828\/","title":{"rendered":"Hockey sur glace &#8211; Ligue Magnus. Deux Grenoblois \u00e9pingl\u00e9s, O\u2019Connor blanchi&#8230; Les sanctions apr\u00e8s Br\u00fbleurs de loups"},"content":{"rendered":"<p>On attendait les sanctions de la commission des infractions aux r\u00e8gles du jeu (CIRJ) Magnus apr\u00e8s les incidents qui se sont d\u00e9roul\u00e9s sur la glace de Polesud dimanche soir lors de la rencontre entre les Br\u00fbleurs de loups de Grenoble et les Ducs d\u2019Angers.<\/p>\n<p>Pour rappel, une <a href=\"https:\/\/www.ledauphine.com\/sport\/2025\/12\/01\/je-suis-consterne-le-president-jacques-reboh-revient-sur-les-graves-incidents-entre-grenoble-et-angers\" target=\"_blank\" rel=\"noopener\">violente bagarre<\/a>\u00a0a \u00e9clat\u00e9 lors d\u2019un arr\u00eat de jeu \u00e0 la 25\u201943 o\u00f9 le d\u00e9fenseur Pierre Crinon a assen\u00e9 un coup de poing au gardien Matthew O\u2019Connor, qui est sorti le visage ensanglant\u00e9 avec l&rsquo;arcade sourcili\u00e8re ouverte. Cet \u00e9pilogue violent est arriv\u00e9 apr\u00e8s une multitude d\u2019incidents sur la glace entre les deux \u00e9quipes o\u00f9 la tension a pris nettement le dessus.<\/p>\n<p>Depuis, le club de Grenoble et celui d\u2019Angers ont appel\u00e9 \u00e0 l\u2019apaisement via des communiqu\u00e9s respectifs et les deux clubs attendaient la d\u00e9cision de la CIRJ Magnus. La sanction a \u00e9t\u00e9 rendue ce jeudi et elle a blanchi le gardien Matthew O\u2019Connor.<\/p>\n<p><strong>&gt;&gt;\u00a0<\/strong><a href=\"https:\/\/www.ledauphine.com\/sport\/calendrier-resultats\/hockey-sur-glace\/national-ligue-magnus\" target=\"_blank\" rel=\"noopener\"><strong>Les r\u00e9sultats, le classement et le calendrier de Ligue Magnus<\/strong><\/a><\/p>\n<p>  \u00ab\u00a0La CIRJ Magnus a pris en consid\u00e9ration la violence du coup port\u00e9\u00a0\u00bb<\/p>\n<p>La CIRJ a en revanche sanctionn\u00e9 <a href=\"https:\/\/www.ledauphine.com\/sport\/2025\/11\/30\/coups-de-poing-palet-balance-et-bagarres-la-rivalite-est-montee-d-un-cran-entre-grenoble-et-angers\" target=\"_blank\" rel=\"noopener\">le d\u00e9fenseur international Pierre Crinon<\/a> de sept matches ferme <a href=\"https:\/\/www.ledauphine.com\/videos\/bagarre-generale-lors-de-grenoble-angers-on-est-attristes-degoutes-3sx33fr\" target=\"_blank\" rel=\"noopener\">en Ligue Magnus.<\/a> Dans le d\u00e9tail, la commission sanctionn\u00e9e les actions de Pierre Crinon pour une s\u00e9rie de coups de poing sur Robin Gaborit d\u2019abord puis sur l\u2019agression \u00e0 l\u2019encontre du gardien de but d\u2019Angers. \u00ab\u00a0La CIRJ Magnus a pris en consid\u00e9ration la violence du coup port\u00e9 ainsi que le contexte dans lequel Pierre Crinon a commis ces deux infractions\u00a0\u00bb, explique la commission.<\/p>\n<p>La CIRJ s\u2019est \u00e9galement auto saisie sur une action plus t\u00f4t dans le match pour une charge avec la crosse de Valentin Grosset\u00eate sur Peter Manning (11\u201941). La CIRJ l\u2019a sanctionn\u00e9 de quatre matchs ferme en Magnus (dont deux de r\u00e9cidive).<\/p>\n","protected":false},"excerpt":{"rendered":"On attendait les sanctions de la commission des infractions aux r\u00e8gles du jeu (CIRJ) Magnus apr\u00e8s les incidents&hellip;\n","protected":false},"author":2,"featured_media":577829,"comment_status":"","ping_status":"","sticky":false,"template":"","format":"standard","meta":{"footnotes":""},"categories":[9566],"tags":[1111,11,2430,112,113,1777,674,1701,1011,27,2731,2732,4133,10145,108,10146,12,25,517,1947],"class_list":{"0":"post-577828","1":"post","2":"type-post","3":"status-publish","4":"format-standard","5":"has-post-thumbnail","7":"category-grenoble","8":"tag-actu","9":"tag-actualites","10":"tag-auvergne-rhone-alpes","11":"tag-edition-grenoble-agglomeration","12":"tag-edition-gresivaudan-oisans","13":"tag-eu","14":"tag-europe","15":"tag-fil-info-sport","16":"tag-fr","17":"tag-france","18":"tag-grenoble","19":"tag-grenoble-bassin","20":"tag-hockey-sur-glace","21":"tag-hockey-sur-glace-grenoble","22":"tag-isere","23":"tag-ligue-magnus-hockey-sur-glace","24":"tag-news","25":"tag-republique-francaise","26":"tag-sport","27":"tag-sport-national"},"share_on_mastodon":{"url":"https:\/\/pubeurope.com\/@fr\/115662033117593563","error":""},"_links":{"self":[{"href":"https:\/\/www.europesays.com\/fr\/wp-json\/wp\/v2\/posts\/577828","targetHints":{"allow":["GET"]}}],"collection":[{"href":"https:\/\/www.europesays.com\/fr\/wp-json\/wp\/v2\/posts"}],"about":[{"href":"https:\/\/www.europesays.com\/fr\/wp-json\/wp\/v2\/types\/post"}],"author":[{"embeddable":true,"href":"https:\/\/www.europesays.com\/fr\/wp-json\/wp\/v2\/users\/2"}],"replies":[{"embeddable":true,"href":"https:\/\/www.europesays.com\/fr\/wp-json\/wp\/v2\/comments?post=577828"}],"version-history":[{"count":0,"href":"https:\/\/www.europesays.com\/fr\/wp-json\/wp\/v2\/posts\/577828\/revisions"}],"wp:featuredmedia":[{"embeddable":true,"href":"https:\/\/www.europesays.com\/fr\/wp-json\/wp\/v2\/media\/577829"}],"wp:attachment":[{"href":"https:\/\/www.europesays.com\/fr\/wp-json\/wp\/v2\/media?parent=577828"}],"wp:term":[{"taxonomy":"category","embeddable":true,"href":"https:\/\/www.europesays.com\/fr\/wp-json\/wp\/v2\/categories?post=577828"},{"taxonomy":"post_tag","embeddable":true,"href":"https:\/\/www.europesays.com\/fr\/wp-json\/wp\/v2\/tags?post=577828"}],"curies":[{"name":"wp","href":"https:\/\/api.w.org\/{rel}","templated":true}]}}