{"id":577836,"date":"2025-12-04T15:38:12","date_gmt":"2025-12-04T15:38:12","guid":{"rendered":"https:\/\/www.europesays.com\/fr\/577836\/"},"modified":"2025-12-04T15:38:12","modified_gmt":"2025-12-04T15:38:12","slug":"la-tradition-des-marrons-chauds-a-strasbourg-un-savoir-faire-familial","status":"publish","type":"post","link":"https:\/\/www.europesays.com\/fr\/577836\/","title":{"rendered":"La tradition des marrons chauds \u00e0 Strasbourg : un savoir-faire familial"},"content":{"rendered":"<p>Sur les march\u00e9s de No\u00ebl, ils font partie petites choses qui nous r\u00e9confortent. Les vendeurs de marrons chauds font partie de nos hivers. Nous avons pass\u00e9 un apr\u00e8s-midi aux c\u00f4t\u00e9s de l\u2019un d\u2019entre eux \u00e0 Strasbourg.<\/p>\n<p class=\"chapeau\">\u00c0 <a href=\"https:\/\/www.airzen.fr\/episode\/pres-de-strasbourg-le-modelisme-ferroviaire-comme-passion\/\" target=\"_blank\" rel=\"noopener\">Strasbourg<\/a>, la <strong>vente de marrons chauds<\/strong> est une tradition familiale qui se transmet de g\u00e9n\u00e9ration en g\u00e9n\u00e9ration, apportant chaleur et gourmandise.<\/p>\n<p><strong><a href=\"https:\/\/www.maisonfranchi.fr\/\" target=\"_blank\" rel=\"noreferrer noopener\">Laurent Franchi<\/a><\/strong> perp\u00e9tue ce savoir-faire avec passion. Son stand, sous forme de <strong>petite locomotive<\/strong>, attire les passants avec les d\u00e9licieuses odeurs des marrons en train de griller.<\/p>\n<p>Il repr\u00e9sentant de la troisi\u00e8me g\u00e9n\u00e9ration, partage : L\u2019exp\u00e9rience, le savoir-faire, \u00e7a ne s\u2019ach\u00e8te pas, \u00e7a s\u2019acquiert. Cette transmission familiale est essentielle pour <strong>offrir un produit de qualit\u00e9 qui ravit les clients depuis 90 ans.<\/strong><\/p>\n<p>La cuisson des marrons : un art ma\u00eetris\u00e9<\/p>\n<p>La pr\u00e9paration n\u00e9cessite une technique pr\u00e9cise. <strong>Le grilleur de marron utilise une machine \u00e0 trois tiroirs, permettant une cuisson optimale<\/strong>, tout en pr\u00e9servant la tendresse des fruits gr\u00e2ce \u00e0 un bain-marie.<\/p>\n<p>Il explique : \u201cLe marron est un fruit qui a besoin de chaleur. Cela souligne l\u2019importance de la m\u00e9thode de cuisson, qui doit \u00eatre \u00e0 la fois douce et attentive pour \u00e9viter que les marrons ne se dess\u00e8chent.\u201d<\/p>\n<p>Un fruit au c\u0153ur de la culture<\/p>\n<p>Le marron, souvent confondu avec la ch\u00e2taigne, est un fruit exotique qui trouve sa place dans les traditions culinaires de plusieurs r\u00e9gions. Il est essentiel de valoriser cette diversit\u00e9 gastronomique.<\/p>\n<p>Pour en savoir plus sur cette d\u00e9licieuse tradition et d\u00e9couvrir les d\u00e9tails de la pr\u00e9paration, \u00e9coutez l\u2019audio disponible et <strong>plongez dans l\u2019univers chaleureux des marrons chauds de Strasbourg.<\/strong><\/p>\n<p>Chargement des articles recommand\u00e9s&#8230;<\/p>\n","protected":false},"excerpt":{"rendered":"Sur les march\u00e9s de No\u00ebl, ils font partie petites choses qui nous r\u00e9confortent. Les vendeurs de marrons chauds&hellip;\n","protected":false},"author":2,"featured_media":577837,"comment_status":"","ping_status":"","sticky":false,"template":"","format":"standard","meta":{"footnotes":""},"categories":[2820],"tags":[1111,11,1777,674,1011,27,775,8265,12,25,640],"class_list":{"0":"post-577836","1":"post","2":"type-post","3":"status-publish","4":"format-standard","5":"has-post-thumbnail","7":"category-strasbourg","8":"tag-actu","9":"tag-actualites","10":"tag-eu","11":"tag-europe","12":"tag-fr","13":"tag-france","14":"tag-grand-est","15":"tag-mieux-consommer","16":"tag-news","17":"tag-republique-francaise","18":"tag-strasbourg"},"share_on_mastodon":{"url":"https:\/\/pubeurope.com\/@fr\/115662048815497350","error":""},"_links":{"self":[{"href":"https:\/\/www.europesays.com\/fr\/wp-json\/wp\/v2\/posts\/577836","targetHints":{"allow":["GET"]}}],"collection":[{"href":"https:\/\/www.europesays.com\/fr\/wp-json\/wp\/v2\/posts"}],"about":[{"href":"https:\/\/www.europesays.com\/fr\/wp-json\/wp\/v2\/types\/post"}],"author":[{"embeddable":true,"href":"https:\/\/www.europesays.com\/fr\/wp-json\/wp\/v2\/users\/2"}],"replies":[{"embeddable":true,"href":"https:\/\/www.europesays.com\/fr\/wp-json\/wp\/v2\/comments?post=577836"}],"version-history":[{"count":0,"href":"https:\/\/www.europesays.com\/fr\/wp-json\/wp\/v2\/posts\/577836\/revisions"}],"wp:featuredmedia":[{"embeddable":true,"href":"https:\/\/www.europesays.com\/fr\/wp-json\/wp\/v2\/media\/577837"}],"wp:attachment":[{"href":"https:\/\/www.europesays.com\/fr\/wp-json\/wp\/v2\/media?parent=577836"}],"wp:term":[{"taxonomy":"category","embeddable":true,"href":"https:\/\/www.europesays.com\/fr\/wp-json\/wp\/v2\/categories?post=577836"},{"taxonomy":"post_tag","embeddable":true,"href":"https:\/\/www.europesays.com\/fr\/wp-json\/wp\/v2\/tags?post=577836"}],"curies":[{"name":"wp","href":"https:\/\/api.w.org\/{rel}","templated":true}]}}