{"id":577846,"date":"2025-12-04T15:44:11","date_gmt":"2025-12-04T15:44:11","guid":{"rendered":"https:\/\/www.europesays.com\/fr\/577846\/"},"modified":"2025-12-04T15:44:11","modified_gmt":"2025-12-04T15:44:11","slug":"bordeaux-un-dernier-salon-dorientation-studyrama-avant-louverture-de-parcoursup","status":"publish","type":"post","link":"https:\/\/www.europesays.com\/fr\/577846\/","title":{"rendered":"Bordeaux : un dernier salon d\u2019orientation Studyrama avant l\u2019ouverture de Parcoursup"},"content":{"rendered":"\n<p data-start=\"192\" data-end=\"574\">\u00c0 moins de deux semaines de l\u2019ouverture officielle de la plateforme Parcoursup, les lyc\u00e9ens et \u00e9tudiants de Nouvelle-Aquitaine ont une derni\u00e8re occasion de pr\u00e9parer sereinement leur avenir. Le <strong data-start=\"380\" data-end=\"411\">salon Studyrama de Bordeaux<\/strong> proposera un panel d&rsquo;\u00e9coles et formation au coeur du Hangar 14 de Bordeaux, ce samedi 6 d\u00e9cembre, de 10h \u00e0 17h.<\/p>\n<p>\u00a0<br \/>\n<strong data-start=\"580\" data-end=\"651\">Un premier pas vers l\u2019orientation avant l&rsquo;ouverture de Parcoursup<\/strong><\/p>\n<p data-start=\"653\" data-end=\"1091\">D\u00e8s le <strong data-start=\"660\" data-end=\"675\">17 d\u00e9cembre<\/strong>, les lyc\u00e9ens pourront acc\u00e9der \u00e0 Parcoursup pour se familiariser avec son fonctionnement : d\u00e9couverte du calendrier, informations sur les d\u00e9marches \u00e0 suivre et surtout consultation de la <strong data-start=\"862\" data-end=\"919\">carte des formations disponibles pour la rentr\u00e9e 2026<\/strong>. L\u2019objectif : permettre aux futurs bacheliers de commencer \u00e0 r\u00e9fl\u00e9chir s\u00e9rieusement \u00e0 leur projet d\u2019\u00e9tudes sup\u00e9rieures avant l\u2019ouverture des v\u0153ux, fix\u00e9e au <strong data-start=\"1076\" data-end=\"1090\">19 janvier<\/strong>.<\/p>\n<p data-start=\"1093\" data-end=\"1266\">\u00a0<\/p>\n<p><strong data-start=\"1272\" data-end=\"1351\">Un salon incontournable pour les lyc\u00e9ens\u2026 et les \u00e9tudiants en r\u00e9orientation<\/strong><\/p>\n<p data-start=\"1353\" data-end=\"1694\">Le salon r\u00e9unit l\u2019ensemble des acteurs de la formation du territoire : universit\u00e9s, grandes \u00e9coles, \u00e9tablissements sp\u00e9cialis\u00e9s, centres d\u2019apprentissage\u2026 Une opportunit\u00e9 pour les lyc\u00e9ens mais aussi pour les \u00e9tudiants en r\u00e9orientation ou en poursuite d\u2019\u00e9tudes, qui y trouvent un panorama complet des possibilit\u00e9s qui s\u2019offrent \u00e0 eux.<\/p>\n<p data-start=\"1777\" data-end=\"1795\">Le salon propose :<\/p>\n<ul data-start=\"1797\" data-end=\"2218\">\n<li data-start=\"1797\" data-end=\"1869\">\n<p data-start=\"1799\" data-end=\"1869\"><strong data-start=\"1799\" data-end=\"1817\">800 formations<\/strong>, du <strong data-start=\"1822\" data-end=\"1838\">Bac \u00e0 Bac +5<\/strong>, en initial ou en alternance<\/p>\n<\/li>\n<li data-start=\"1870\" data-end=\"1962\">\n<p data-start=\"1872\" data-end=\"1962\">Un <strong data-start=\"1875\" data-end=\"1900\">espace Grandes \u00c9coles<\/strong> d\u00e9di\u00e9 aux \u00e9coles d\u2019ing\u00e9nieurs, de commerce et de management<\/p>\n<\/li>\n<li data-start=\"1963\" data-end=\"2061\">\n<p data-start=\"1965\" data-end=\"2061\">Un large choix de parcours : <strong data-start=\"1994\" data-end=\"2006\">Licences<\/strong>, <strong data-start=\"2008\" data-end=\"2015\">BUT<\/strong>, <strong data-start=\"2017\" data-end=\"2028\">Masters<\/strong>, <strong data-start=\"2030\" data-end=\"2042\">Mast\u00e8res<\/strong>, <strong data-start=\"2044\" data-end=\"2050\">MS<\/strong>, <strong data-start=\"2052\" data-end=\"2059\">MBA<\/strong><\/p>\n<\/li>\n<li data-start=\"2062\" data-end=\"2218\">\n<p data-start=\"2064\" data-end=\"2218\">Des secteurs vari\u00e9s : <strong data-start=\"2086\" data-end=\"2093\">Art<\/strong>, <strong data-start=\"2095\" data-end=\"2104\">Sport<\/strong>, <strong data-start=\"2106\" data-end=\"2120\">Management<\/strong>, <strong data-start=\"2122\" data-end=\"2136\">Ing\u00e9nierie<\/strong>, <strong data-start=\"2138\" data-end=\"2151\">Num\u00e9rique<\/strong>, <strong data-start=\"2153\" data-end=\"2165\">Commerce<\/strong>, <strong data-start=\"2167\" data-end=\"2180\">Marketing<\/strong>, <strong data-start=\"2182\" data-end=\"2190\">Luxe<\/strong>, <strong data-start=\"2192\" data-end=\"2201\">Sant\u00e9<\/strong>, <strong data-start=\"2203\" data-end=\"2215\">Sciences<\/strong>\u2026<\/p>\n<\/li>\n<\/ul>\n<p data-start=\"2439\" data-end=\"2773\">Au-del\u00e0 des stands, l\u2019\u00e9v\u00e9nement propose <strong data-start=\"2479\" data-end=\"2509\">13 conf\u00e9rences et ateliers<\/strong> destin\u00e9s \u00e0 mieux comprendre les \u00e9tudes post-bac, les parcours possibles, et les strat\u00e9gies pour r\u00e9ussir son orientation. Des experts r\u00e9pondent aux questions des jeunes et de leurs familles, offrant un accompagnement concret et rassurant en cette p\u00e9riode d\u00e9cisive.<\/p>\n","protected":false},"excerpt":{"rendered":"\u00c0 moins de deux semaines de l\u2019ouverture officielle de la plateforme Parcoursup, les lyc\u00e9ens et \u00e9tudiants de Nouvelle-Aquitaine&hellip;\n","protected":false},"author":2,"featured_media":577847,"comment_status":"","ping_status":"","sticky":false,"template":"","format":"standard","meta":{"footnotes":""},"categories":[2817],"tags":[1111,11,1997,1777,674,1011,27,22940,12,2219,25,69220,69221,51725],"class_list":{"0":"post-577846","1":"post","2":"type-post","3":"status-publish","4":"format-standard","5":"has-post-thumbnail","7":"category-bordeaux","8":"tag-actu","9":"tag-actualites","10":"tag-bordeaux","11":"tag-eu","12":"tag-europe","13":"tag-fr","14":"tag-france","15":"tag-hangar-14","16":"tag-news","17":"tag-nouvelle-aquitaine","18":"tag-republique-francaise","19":"tag-salon-de-lorientation","20":"tag-samedi-6-decembre","21":"tag-studyrama"},"share_on_mastodon":{"url":"https:\/\/pubeurope.com\/@fr\/115662072493655577","error":""},"_links":{"self":[{"href":"https:\/\/www.europesays.com\/fr\/wp-json\/wp\/v2\/posts\/577846","targetHints":{"allow":["GET"]}}],"collection":[{"href":"https:\/\/www.europesays.com\/fr\/wp-json\/wp\/v2\/posts"}],"about":[{"href":"https:\/\/www.europesays.com\/fr\/wp-json\/wp\/v2\/types\/post"}],"author":[{"embeddable":true,"href":"https:\/\/www.europesays.com\/fr\/wp-json\/wp\/v2\/users\/2"}],"replies":[{"embeddable":true,"href":"https:\/\/www.europesays.com\/fr\/wp-json\/wp\/v2\/comments?post=577846"}],"version-history":[{"count":0,"href":"https:\/\/www.europesays.com\/fr\/wp-json\/wp\/v2\/posts\/577846\/revisions"}],"wp:featuredmedia":[{"embeddable":true,"href":"https:\/\/www.europesays.com\/fr\/wp-json\/wp\/v2\/media\/577847"}],"wp:attachment":[{"href":"https:\/\/www.europesays.com\/fr\/wp-json\/wp\/v2\/media?parent=577846"}],"wp:term":[{"taxonomy":"category","embeddable":true,"href":"https:\/\/www.europesays.com\/fr\/wp-json\/wp\/v2\/categories?post=577846"},{"taxonomy":"post_tag","embeddable":true,"href":"https:\/\/www.europesays.com\/fr\/wp-json\/wp\/v2\/tags?post=577846"}],"curies":[{"name":"wp","href":"https:\/\/api.w.org\/{rel}","templated":true}]}}