{"id":577852,"date":"2025-12-04T15:47:15","date_gmt":"2025-12-04T15:47:15","guid":{"rendered":"https:\/\/www.europesays.com\/fr\/577852\/"},"modified":"2025-12-04T15:47:15","modified_gmt":"2025-12-04T15:47:15","slug":"jai-tous-ses-mangas-meme-en-edition-collector","status":"publish","type":"post","link":"https:\/\/www.europesays.com\/fr\/577852\/","title":{"rendered":"J&rsquo;ai tous ses mangas, m\u00eame en \u00e9dition collector"},"content":{"rendered":"<p>                    Par<br \/>\n        <strong><br \/>\n            <a href=\"https:\/\/actu.fr\/auteur\/zoe-hondt\" title=\"Consulter tous les articles de Zoe Hondt\" target=\"_blank\" rel=\"noopener\">Zoe Hondt<\/a><br \/>\n                    <\/strong><\/p>\n<p>        Publi\u00e9 le<\/p>\n<p>            4 d\u00e9c. 2025 \u00e0 16h37        <\/p>\n<p>Plus de 200 ! C\u2019est le nombre de fans pr\u00e9sents ce jeudi midi \u00e0 la Fnac de <a href=\"https:\/\/actu.fr\/lille\/\" target=\"_blank\" rel=\"noopener\">Lille<\/a>\u00a0(Nord), au c\u0153ur du centre commercial\u00a0<a href=\"https:\/\/actu.fr\/hauts-de-france\/lille_59350\/a-lille-le-food-court-kitchen-market-enrichit-son-offre-avec-larrivee-de-4-nouveaux-kiosques-gourmands_63367036.html\" target=\"_blank\" rel=\"noopener\">des Tanneurs<\/a>. Tous se sont d\u00e9plac\u00e9s pour la m\u00eame chose : un <b>moment privil\u00e9gi\u00e9<\/b> avec <b>Inoxtag<\/b>. De 12h \u00e0 14h, le <b>Y<\/b><b>ouTubeur aux 9 millions d\u2019abonn\u00e9s <\/b>\u00e9tait en s\u00e9ance de d\u00e9dicaces, \u00e0 l\u2019occasion de la sortie du <b>tome 2 de son<\/b> <b>manga Instinct<\/b>.\u00a0Dans la file d\u2019attente, nombreux sont ceux \u00e0 avoir fait <b>plusieurs heures de route<\/b> pour le rencontrer, et prendre un selfie.<\/p>\n<p>    <img   decoding=\"async\" loading=\"lazy\" class=\"size-large\" src=\"https:\/\/www.europesays.com\/fr\/wp-content\/uploads\/2025\/12\/087c070c81396eb7c070c8139bf7c0v-960x640.jpg\" alt=\"Inessa, 17 ans, est venue de Lomme (Nord) pour voir le youtubeur Inoxtag \u00e0 la Fnac de Lille. Fan depuis six ans, elle a fait d\u00e9dicacer tous ses mangas.\" width=\"960\" height=\"640\"\/><br \/>\n    Inessa, 17 ans, est venue de Lomme (Nord) pour voir le YouTubeur Inoxtag \u00e0 la Fnac de Lille. Fan depuis six ans, elle a fait d\u00e9dicacer tous ses mangas. \u00a9Zo\u00e9 HondtAmiens, Perpignan, Belgique : beaucoup font des heures de trajet pour rencontrer l\u2019influenceur<\/p>\n<p class=\" wall-content\">Noelline, 23 ans, et Ambre, 11 ans, sont arriv\u00e9es \u00e0 9h40. Elles font partie des premiers, derri\u00e8re les barri\u00e8res de s\u00e9curit\u00e9. Fans depuis \u00ab\u00a07 ou 8 ans\u00a0\u00bb, elles ont fait la route <b>depuis Perpignan<\/b> (Pyr\u00e9n\u00e9es-Orientales). \u00ab\u00a0On a eu de la chance. J\u2019ai eu des places en derni\u00e8re minute gr\u00e2ce \u00e0 un contact qui travaille \u00e0 la Fnac, et j\u2019ai de la famille dans le Nord qui nous h\u00e9berge\u00a0\u00bb, explique Noelline. Dans l\u2019attente du c\u00e9l\u00e8bre YouTubeur, elles ont fait la rencontre de Francesca. La jeune femme est <b>venue seule depuis Amiens<\/b>. La veille, elle a rencontr\u00e9 Michou, un autre YouTubeur aux presque 11 millions d\u2019abonn\u00e9s : \u00ab\u00a0\u00c7a m\u2019a permis de d\u00e9tresser.\u00a0\u00bb<\/p>\n<p>    <img   decoding=\"async\" loading=\"lazy\" class=\"size-large\" src=\"https:\/\/www.europesays.com\/fr\/wp-content\/uploads\/2025\/12\/f12b893b813968c2b893b8139c03b8v-960x640.jpg\" alt=\"Zo\u00e9 Hondt\" width=\"960\" height=\"640\"\/><br \/>\n    \u00c0 la Fnac de Lille (Nord), Ambre et Noelline ont rencontr\u00e9 Francesca dans la file d\u2019attente lors des d\u00e9dicaces de Inoxtag. Toutes ont fait plusieurs heures de route pour le voir. \u00a9Zo\u00e9 Hondt<\/p>\n<p class=\" wall-content\">Apr\u00e8s la rencontre avec son idole, Noelline arbore un grand sourire : \u00ab\u00a0C\u2019\u00e9tait super ! Ambre a beaucoup pleur\u00e9.\u00a0\u00bb Comme elles, Maryka est une <b>fan inconditionnelle<\/b>. Elle a fait une <b>heure de route en transports en commun<\/b>, depuis Allennes-les-Marais (Nord). <b>Admiratrice depuis plus de 10 ans<\/b>, elle aime avant tout \u00ab\u00a0la mentalit\u00e9\u00a0\u00bb d\u2019Inoxtag. \u00ab\u00a0J\u2019ai tous ses mangas, m\u00eame en \u00e9dition collector. J\u2019aurais aim\u00e9 un tatouage, mais il a refus\u00e9. M\u00eame si \u00e7a avait \u00e9t\u00e9 un truc moche, je l\u2019aurais fait !\u00a0\u00bb<\/p>\n<p>    <img   decoding=\"async\" loading=\"lazy\" class=\"size-large\" src=\"https:\/\/www.europesays.com\/fr\/wp-content\/uploads\/2025\/12\/a063793b813968463793b813958637v-960x640.jpg\" alt=\"Zo\u00e9 Hondt\" width=\"960\" height=\"640\"\/><br \/>\n    Maryka est fan de Inoxtag depuis plus de dix ans. Elle aurait aim\u00e9 se faire tatouer un dessin en rapport avec son idole. \u00a9Zo\u00e9 Hondt<\/p>\n<p class=\" wall-content\">De leur c\u00f4t\u00e9, Leens et son fils Mylan, 6 ans, ne perdent pas trop de temps. Ils doivent <b>retourner en Belgique<\/b> : \u00ab\u00a0Je suis fan depuis longtemps, et mes enfants aussi. Aujourd\u2019hui, je vais faire trois heures de trajet aller-retour\u00a0\u00bb, t\u00e9moigne le p\u00e8re de famille. Il a d\u00e9j\u00e0 rencontr\u00e9 Inoxtag la veille, avec sa fille cette fois, en Belgique.<\/p>\n<p>Votre r\u00e9gion, votre actu !<\/p>\n<p>Recevez chaque jour les infos qui comptent pour vous.<\/p>\n<p>\t<a href=\"https:\/\/actu.fr\/newsletter\" class=\"ac-btn ac-btn--corner ac-btn--medium ac-btn--blue800\" target=\"_blank\" rel=\"noopener\">S&rsquo;incrire<\/a><\/p>\n<p>    <img   decoding=\"async\" loading=\"lazy\" class=\"size-large\" src=\"https:\/\/www.europesays.com\/fr\/wp-content\/uploads\/2025\/12\/11ff8c35a139605ff8c35a139d8ff8v-960x640.jpg\" alt=\"\u00c0 la Fnac de Lille (Nord), les premiers fans sont arriv\u00e9s \u00e0 8h30 pour rencontrer le youtubeur Inoxtag.\" width=\"960\" height=\"640\"\/><br \/>\n    \u00c0 la Fnac de Lille (Nord), les premiers fans sont arriv\u00e9s \u00e0 8h30 pour rencontrer l\u2019influenceur. \u00a9Zo\u00e9 HondtQuelques fans non inscrits ont tir\u00e9 leur \u00e9pingle du jeu<\/p>\n<p class=\" wall-content\">Parmi les admirateurs, il y a <b>les plus chanceux<\/b> comme Apolline, Amandine et Kylian. \u00ab\u00a0On s\u2019est inscrits aux s\u00e9ances de d\u00e9dicaces de Villeneuve-d\u2019Ascq et de Lille pour avoir plus de chance, et finalement on a eu nos places pour les deux.\u00a0\u00bb<\/p>\n<p class=\" wall-content\">Mais il y a aussi ceux qui n\u2019ont pas pu avoir leurs places, en effet <b>\u00e9coul\u00e9es en quelques heures seulement<\/b>. \u00c0 l\u2019ext\u00e9rieur, <b>ils tentent le tout pour le tout<\/b>. Et \u00e7a fonctionne ! Finalement, <b>tout le monde a pu entrer<\/b>. \u00ab\u00a0Une m\u00e8re et sa fille sont venues me voir ce matin, car elles n\u2019avaient pas de places. Elles venaient de Belgique, je me voyais mal les renvoyer\u00a0\u00bb, raconte une des organisatrices de l\u2019\u00e9v\u00e9nement.<\/p>\n<p>    <img   decoding=\"async\" loading=\"lazy\" class=\"size-large\" src=\"https:\/\/www.europesays.com\/fr\/wp-content\/uploads\/2025\/12\/1c29993b81396b039993b8139a4399v-960x640.jpg\" alt=\"Zo\u00e9 Hondt\" width=\"960\" height=\"640\"\/><br \/>\n    Apolline, Amandine et Kylian viennent voir Inoxtag pour la deuxi\u00e8me fois. La veille, ils l\u2019ont rencontr\u00e9 \u00e0 Villeneuve-d\u2019Ascq (Nord). \u00a9Zo\u00e9 Hondt<\/p>\n<p class=\" wall-content\">Les rencontres s\u2019encha\u00eenent. Entre signatures et photos, les admirateurs <b>les plus cr\u00e9atifs<\/b> glissent quelques <b>cadeaux<\/b>. Comme Constance, originaire d\u2019Arras (Pas-de-Calais). Autrice de m\u00e9tier, elle a \u00e9crit pendant un an un texte destin\u00e9 au YouTubeur. \u00c0 presque 30 ans, elle admet avoir mis du temps avant de l\u2019appr\u00e9cier : \u00ab\u00a0J\u2019avais quelques a priori sur son contenu, je le trouvais trop \u00e9nergique. Je ne pensais pas que \u00e7a pouvait me plaire, \u00e0 cause de mon \u00e2ge.\u00a0\u00bb<\/p>\n<p class=\" wall-content\">Finalement, comme beaucoup d\u2019autres, elle repart ravie,\u00a0malgr\u00e9 la <b>rapidit\u00e9 des \u00e9changes<\/b>.<\/p>\n<p class=\" wall-content\">Personnalisez votre actualit\u00e9 en ajoutant vos villes et m\u00e9dias en favori avec <a href=\"https:\/\/moncompte.actu.fr\" title=\"D\u00e9couvez Mon Actu\" rel=\"nofollow noopener\" data-trk=\"{&quot;cta&quot;:{&quot;action&quot;:&quot;https:\\\/\\\/moncompte.actu.fr&quot;,&quot;category&quot;:&quot;mon compte&quot;,&quot;from&quot;:&quot;article footer&quot;,&quot;name&quot;:&quot;Mon actu&quot;,&quot;type&quot;:&quot;cta&quot;}}\" target=\"_blank\">Mon Actu<\/a>.<\/p>\n","protected":false},"excerpt":{"rendered":"Par Zoe Hondt Publi\u00e9 le 4 d\u00e9c. 2025 \u00e0 16h37 Plus de 200 ! C\u2019est le nombre de&hellip;\n","protected":false},"author":2,"featured_media":577853,"comment_status":"","ping_status":"","sticky":false,"template":"","format":"standard","meta":{"footnotes":""},"categories":[2815],"tags":[1111,11,1777,674,1011,27,811,1307,1652,6681,12,25,2784],"class_list":{"0":"post-577852","1":"post","2":"type-post","3":"status-publish","4":"format-standard","5":"has-post-thumbnail","7":"category-lille","8":"tag-actu","9":"tag-actualites","10":"tag-eu","11":"tag-europe","12":"tag-fr","13":"tag-france","14":"tag-hauts-de-france","15":"tag-lille","16":"tag-loisirs-culture","17":"tag-manga","18":"tag-news","19":"tag-republique-francaise","20":"tag-youtube"},"share_on_mastodon":{"url":"https:\/\/pubeurope.com\/@fr\/115662085132982857","error":""},"_links":{"self":[{"href":"https:\/\/www.europesays.com\/fr\/wp-json\/wp\/v2\/posts\/577852","targetHints":{"allow":["GET"]}}],"collection":[{"href":"https:\/\/www.europesays.com\/fr\/wp-json\/wp\/v2\/posts"}],"about":[{"href":"https:\/\/www.europesays.com\/fr\/wp-json\/wp\/v2\/types\/post"}],"author":[{"embeddable":true,"href":"https:\/\/www.europesays.com\/fr\/wp-json\/wp\/v2\/users\/2"}],"replies":[{"embeddable":true,"href":"https:\/\/www.europesays.com\/fr\/wp-json\/wp\/v2\/comments?post=577852"}],"version-history":[{"count":0,"href":"https:\/\/www.europesays.com\/fr\/wp-json\/wp\/v2\/posts\/577852\/revisions"}],"wp:featuredmedia":[{"embeddable":true,"href":"https:\/\/www.europesays.com\/fr\/wp-json\/wp\/v2\/media\/577853"}],"wp:attachment":[{"href":"https:\/\/www.europesays.com\/fr\/wp-json\/wp\/v2\/media?parent=577852"}],"wp:term":[{"taxonomy":"category","embeddable":true,"href":"https:\/\/www.europesays.com\/fr\/wp-json\/wp\/v2\/categories?post=577852"},{"taxonomy":"post_tag","embeddable":true,"href":"https:\/\/www.europesays.com\/fr\/wp-json\/wp\/v2\/tags?post=577852"}],"curies":[{"name":"wp","href":"https:\/\/api.w.org\/{rel}","templated":true}]}}