{"id":577856,"date":"2025-12-04T15:49:13","date_gmt":"2025-12-04T15:49:13","guid":{"rendered":"https:\/\/www.europesays.com\/fr\/577856\/"},"modified":"2025-12-04T15:49:13","modified_gmt":"2025-12-04T15:49:13","slug":"marseille-les-cyclistes-vivent-un-enfer-sur-cet-axe-du-centre-ville-cest-lanarchie","status":"publish","type":"post","link":"https:\/\/www.europesays.com\/fr\/577856\/","title":{"rendered":"Marseille. Les cyclistes vivent un enfer sur cet axe du centre-ville : \u00ab\u00a0C&rsquo;est l&rsquo;anarchie\u00a0\u00bb"},"content":{"rendered":"<p>                    Par<br \/>\n        <strong><br \/>\n            <a href=\"https:\/\/actu.fr\/auteur\/fabien-binacchi\" title=\"Consulter tous les articles de Fabien Binacchi\" target=\"_blank\" rel=\"noopener\">Fabien Binacchi<\/a><br \/>\n                    <\/strong><\/p>\n<p>        Publi\u00e9 le<\/p>\n<p>            4 d\u00e9c. 2025 \u00e0 16h16        <\/p>\n<p>Elle forme <strong>une ligne droite d\u2019un demi-kilom\u00e8tre<\/strong> en d\u00e9boulant de la Canebi\u00e8re, depuis la place du G\u00e9n\u00e9ral-de-Gaulle (1er) jusqu\u2019\u00e0 celle d\u2019Estrangin (6e). Inaugur\u00e9e en 2017, <strong>la bande cyclable de la rue Paradis,<\/strong> qui ouvre la voie vers les quartiers Sud de <a href=\"https:\/\/actu.fr\/marseille\/\" target=\"_blank\" rel=\"noopener\">Marseille,<\/a> \u00ab\u2009est un v\u00e9ritable enfer pour les v\u00e9los\u2009\u00bb, t\u00e9moignent des usagers.<\/p>\n<p class=\" wall-content\">En cause\u2009: le stationnement anarchique de camions de livraison.<\/p>\n<p>\u00ab\u2009On risque de se faire percuter\u2009\u00bb<\/p>\n<p class=\" wall-content\">11h20, ce jeudi 4\u00a0d\u00e9cembre 2025. Dans le centre de Marseille, la circulation est compl\u00e8tement bouch\u00e9e dans le bas de la rue Paradis. Un poids lourd qui n\u2019avait sans doute pas pr\u00e9vu ce tourne-\u00e0-gauche \u00e0 90\u00b0 au niveau de la place du G\u00e9n\u00e9ral-de-Gaulle man\u0153uvre tant bien que mal. Entre deux coups de klaxon, les voitures sont \u00e0 l\u2019arr\u00eat.<\/p>\n<p>    <a href=\"https:\/\/www.google.com\/maps\/embed?pb=!1m18!1m12!1m3!1d680.6112855024905!2d5.375764928517256!3d43.29454529818757!2m3!1f0!2f0!3f0!3m2!1i1024!2i768!4f13.1!3m3!1m2!1s0x12c9c0b9304e1eab%3A0x40f3cc56ff9ca0e9!2s1%20Rue%20Paradis%2C%2013001%20Marseille!5e1!3m2!1sfr!2sfr!4v1764859613216!5m2!1sfr!2sfr\" title=\"Ouvrie le lien\" target=\"_blank\" rel=\"noopener\">Cliquez ici pour visualiser le contenu<\/a><\/p>\n<p class=\" wall-content\">Les v\u00e9los, eux, ne devraient pas \u00eatre impact\u00e9s. Une bande cyclable leur garantit (normalement) une partie de la chauss\u00e9e pour circuler <strong>dans l\u2019autre sens, en direction du sud<\/strong> de la ville. Samia, un pied \u00e0 terre, se retrouve pourtant bloqu\u00e9e\u2009:<\/p>\n<blockquote class=\"ac-article-quote wall-content\">\n<p>Comme d&rsquo;habitude ici, c&rsquo;est un vrai parcours du combattant. C&rsquo;est l&rsquo;anarchie. Franchement, ce n&rsquo;est pas une bande cyclable, c&rsquo;est plut\u00f4t une voie de livraison. Il y a des camions qui se garent \u00e0 cheval sur le trottoir tout le long et, \u00e7a, \u00e0 n&rsquo;importe quelle heure de la journ\u00e9e. Nous, \u00e0 v\u00e9lo, on doit continuellement se d\u00e9porter et risquer de se faire percuter par ce qui arrive en face.<\/p>\n<p>    <strong>Samia<\/strong><br \/>\n        Qui se d\u00e9place \u00e0 v\u00e9lo dans Marseille    <\/p><\/blockquote>\n<p>    <img   decoding=\"async\" loading=\"lazy\" src=\"https:\/\/www.europesays.com\/fr\/wp-content\/uploads\/2025\/12\/velo-paradis-960x640.jpg\" alt=\"ve\u0301lo paradis\" width=\"960\" height=\"640\"\/><br \/>\n    La bande cyclable est tr\u00e8s r\u00e9guli\u00e8rement encombr\u00e9e, tout le long de son trac\u00e9. (\u00a9Fabien Binacchi \/ actu Marseille)<\/p>\n<p>Votre r\u00e9gion, votre actu !<\/p>\n<p>Recevez chaque jour les infos qui comptent pour vous.<\/p>\n<p>\t<a href=\"https:\/\/actu.fr\/newsletter\" class=\"ac-btn ac-btn--corner ac-btn--medium ac-btn--blue800\" target=\"_blank\" rel=\"noopener\">S&rsquo;incrire<\/a><br \/>\n\u00ab\u2009Je serre les fesses\u2009\u00bb<\/p>\n<p class=\" wall-content\">Sur cette portion cossue et tr\u00e8s commer\u00e7ante de cette art\u00e8re des 1er et 6e arrondissements (elle compte <strong>une centaine de boutiques<\/strong>), des aires ont pourtant \u00e9t\u00e9 am\u00e9nag\u00e9es \u00e0 l\u2019occasion d\u2019une requalification orchestr\u00e9e par la m\u00e9tropole en 2017. C\u00f4t\u00e9 impair. Elles servent \u00e0 la livraison le matin, et au stationnement \u00e0 dur\u00e9e limit\u00e9e l\u2019apr\u00e8s-midi.<\/p>\n<p class=\" wall-content\">Pas suffisant\u2009? \u00ab\u2009C\u2019est toujours la gal\u00e8re, confirme Alexandra, en trottinette. Quand je monte par l\u00e0 pour aller vers le Prado, je serre les fesses. <strong>Il faut zigzaguer<\/strong> et faire tr\u00e8s attention aux pi\u00e9tons qui sortent derri\u00e8re les camions, qui cachent toute visibilit\u00e9.\u2009\u00bb<\/p>\n<p>    <img   decoding=\"async\" loading=\"lazy\" src=\"https:\/\/www.europesays.com\/fr\/wp-content\/uploads\/2025\/12\/img-0750-960x640.jpeg\" alt=\"v\u00e9lo paradis\" width=\"960\" height=\"640\"\/><br \/>\n    En plus des camions, des motos qui d\u00e9bo\u00eetent pour doubler empi\u00e8tent \u00e9galement sur la bande cyclable. (\u00a9Fabien Binacchi \/ actu Marseille)<\/p>\n<p class=\" wall-content\">\u00ab\u2009J\u2019ai d\u00e9j\u00e0 failli avoir plusieurs fois des accidents comme \u00e7a, souffle encore la jeune femme. Et c\u2019est sans compter <strong>les motos qui se d\u00e9portent aussi sur la bande cyclable<\/strong> quand elles le peuvent pour doubler. Nous, on doit survivre entre tout \u00e7a.\u2009\u00bb<\/p>\n<p>Une bordure en b\u00e9ton\u2009?<\/p>\n<p class=\" wall-content\">Jean-Philippe s\u2019est justement d\u00e9j\u00e0 fait tr\u00e8s peur sur cet axe. \u00ab\u2009Je ne m\u2019\u00e9tais pas fait mal mais je suis d\u00e9j\u00e0 tomb\u00e9 \u00e0 cause d\u2019un camion qui se garait l\u00e0\u2009\u00bb. Le trentenaire, qui utilise des v\u00e9los en libre-service, milite pour la mise en place \u00ab\u2009d\u2019une bordure en b\u00e9ton pour <strong>s\u00e9curiser la bande et en faire une vraie piste cyclable<\/strong>\u2009\u00bb. \u00ab\u2009Cela d\u00e9couragerait peut-\u00eatre les v\u00e9hicules d\u2019aller stationner de ce c\u00f4t\u00e9-l\u00e0 de la rue\u2009\u00bb, avance-t-il.<\/p>\n<p class=\" wall-content\">Comme en 2021, la cit\u00e9 phoc\u00e9enne est arriv\u00e9e en derni\u00e8re position du barom\u00e8tre 2025 de la F\u00e9d\u00e9ration fran\u00e7aise des usag\u00e8res et usagers de la bicyclette (Fub). 37e\u2026 sur 37, parmi les plus grandes villes de France. Elle obtient notamment <strong>la plus mauvaise note pour le \u00ab\u2009ressenti global\u2009\u00bb des cyclistes, leur \u00ab\u2009s\u00e9curit\u00e9\u2009\u00bb<\/strong> mais aussi pour les \u00ab\u2009efforts\u2009\u00bb de la m\u00e9tropole, qui g\u00e8re les travaux de voirie et choisit les am\u00e9nagements.<\/p>\n<p class=\" wall-content\">Personnalisez votre actualit\u00e9 en ajoutant vos villes et m\u00e9dias en favori avec <a href=\"https:\/\/moncompte.actu.fr\" title=\"D\u00e9couvez Mon Actu\" rel=\"nofollow noopener\" data-trk=\"{&quot;cta&quot;:{&quot;action&quot;:&quot;https:\\\/\\\/moncompte.actu.fr&quot;,&quot;category&quot;:&quot;mon compte&quot;,&quot;from&quot;:&quot;article footer&quot;,&quot;name&quot;:&quot;Mon actu&quot;,&quot;type&quot;:&quot;cta&quot;}}\" target=\"_blank\">Mon Actu<\/a>.<\/p>\n","protected":false},"excerpt":{"rendered":"Par Fabien Binacchi Publi\u00e9 le 4 d\u00e9c. 2025 \u00e0 16h16 Elle forme une ligne droite d\u2019un demi-kilom\u00e8tre en&hellip;\n","protected":false},"author":2,"featured_media":577857,"comment_status":"","ping_status":"","sticky":false,"template":"","format":"standard","meta":{"footnotes":""},"categories":[2814],"tags":[1111,11,3542,1777,674,1011,27,884,12,4798,882,25,104,208],"class_list":{"0":"post-577856","1":"post","2":"type-post","3":"status-publish","4":"format-standard","5":"has-post-thumbnail","7":"category-marseille","8":"tag-actu","9":"tag-actualites","10":"tag-circulation","11":"tag-eu","12":"tag-europe","13":"tag-fr","14":"tag-france","15":"tag-marseille","16":"tag-news","17":"tag-pistes-cyclables","18":"tag-provence-alpes-cote-dazur","19":"tag-republique-francaise","20":"tag-societe","21":"tag-velo"},"share_on_mastodon":{"url":"https:\/\/pubeurope.com\/@fr\/115662093434384254","error":""},"_links":{"self":[{"href":"https:\/\/www.europesays.com\/fr\/wp-json\/wp\/v2\/posts\/577856","targetHints":{"allow":["GET"]}}],"collection":[{"href":"https:\/\/www.europesays.com\/fr\/wp-json\/wp\/v2\/posts"}],"about":[{"href":"https:\/\/www.europesays.com\/fr\/wp-json\/wp\/v2\/types\/post"}],"author":[{"embeddable":true,"href":"https:\/\/www.europesays.com\/fr\/wp-json\/wp\/v2\/users\/2"}],"replies":[{"embeddable":true,"href":"https:\/\/www.europesays.com\/fr\/wp-json\/wp\/v2\/comments?post=577856"}],"version-history":[{"count":0,"href":"https:\/\/www.europesays.com\/fr\/wp-json\/wp\/v2\/posts\/577856\/revisions"}],"wp:featuredmedia":[{"embeddable":true,"href":"https:\/\/www.europesays.com\/fr\/wp-json\/wp\/v2\/media\/577857"}],"wp:attachment":[{"href":"https:\/\/www.europesays.com\/fr\/wp-json\/wp\/v2\/media?parent=577856"}],"wp:term":[{"taxonomy":"category","embeddable":true,"href":"https:\/\/www.europesays.com\/fr\/wp-json\/wp\/v2\/categories?post=577856"},{"taxonomy":"post_tag","embeddable":true,"href":"https:\/\/www.europesays.com\/fr\/wp-json\/wp\/v2\/tags?post=577856"}],"curies":[{"name":"wp","href":"https:\/\/api.w.org\/{rel}","templated":true}]}}