{"id":577860,"date":"2025-12-04T15:51:10","date_gmt":"2025-12-04T15:51:10","guid":{"rendered":"https:\/\/www.europesays.com\/fr\/577860\/"},"modified":"2025-12-04T15:51:10","modified_gmt":"2025-12-04T15:51:10","slug":"pres-de-lyon-deux-immeubles-emblematiques-detruits-une-etape-importante-pour-cette-ville","status":"publish","type":"post","link":"https:\/\/www.europesays.com\/fr\/577860\/","title":{"rendered":"Pr\u00e8s de Lyon. Deux immeubles embl\u00e9matiques d\u00e9truits, une \u00e9tape importante pour cette ville"},"content":{"rendered":"<p>                    Par<br \/>\n        <strong><br \/>\n            <a href=\"https:\/\/actu.fr\/auteur\/theo-zuili\" title=\"Consulter tous les articles de Th\u00e9o Zuili\" target=\"_blank\" rel=\"noopener\">Th\u00e9o Zuili<\/a><br \/>\n                    <\/strong><\/p>\n<p>        Publi\u00e9 le<\/p>\n<p>            4 d\u00e9c. 2025 \u00e0 15h37        <\/p>\n<p>\u00c0 <a href=\"https:\/\/actu.fr\/auvergne-rhone-alpes\/rillieux-la-pape_69286\" target=\"_blank\" rel=\"noopener\">Rillieux-la-Pape<\/a>, pr\u00e8s de <a href=\"https:\/\/actu.fr\/lyon\/\" target=\"_blank\" rel=\"noopener\">Lyon<\/a> (Rh\u00f4ne), <strong>deux grands immeubles de 128 logements<\/strong> datant du si\u00e8cle dernier ont \u00e9t\u00e9 ray\u00e9s de la carte ce mercredi 4 d\u00e9cembre 2025. Les habitants avaient rendez-vous \u00e0 16h pour assister au lancement de la destruction \u00ab\u00a0spectaculaire\u00a0\u00bb de ces b\u00e2timents.<\/p>\n<p>Des immeubles trop vieux<\/p>\n<p class=\" wall-content\">Ces rep\u00e8res visuels \u00e0 l\u2019entr\u00e9e de Rillieux, dont la construction remonte aux ann\u00e9es 60-70, \u00e9taient jug\u00e9s trop vieux : le grignotage des b\u00e2timents a \u00e9t\u00e9 lanc\u00e9 mercredi.<\/p>\n<p class=\" wall-content\">Les 120 m\u00e9nages occupants <strong>ont \u00e9t\u00e9 relog\u00e9s<\/strong> (principalement \u00e0 Rillieux) pour laisser place \u00e0 un grand projet visant \u00e0 \u00ab\u00a0am\u00e9liorer durablement le cadre de vie\u00a0\u00bb du quartier.<\/p>\n<p>    <a href=\"https:\/\/www.google.com\/maps\/embed?pb=!1m17!1m12!1m3!1d1010.5083291905888!2d4.888670781044243!3d45.81181632066887!2m3!1f0!2f0!3f0!3m2!1i1024!2i768!4f13.1!3m2!1m1!2zNDXCsDQ4JzQzLjMiTiA0wrA1MycyMS41IkU!5e1!3m2!1sfr!2sfr!4v1764856906743!5m2!1sfr!2sfr\" title=\"Ouvrie le lien\" target=\"_blank\" rel=\"noopener\">Cliquez ici pour visualiser le contenu<\/a><\/p>\n<p class=\" wall-content\">Leur d\u00e9molition devrait prendre trois semaines et les d\u00e9bris doivent \u00eatre \u00e9vacu\u00e9s en plusieurs mois. De quoi am\u00e9liorer la circulation autour de l\u2019avenue de l\u2019Europe et rendre le quartier plus lisible et plus agr\u00e9able.<\/p>\n<p>Un large projet<\/p>\n<p class=\" wall-content\">La destruction de ces immeubles s\u2019inscrit dans un large projet de r\u00e9am\u00e9nagement qui court <strong>jusqu\u2019en 2030<\/strong> : \u00e0 terme, le secteur sera enti\u00e8rement r\u00e9am\u00e9nag\u00e9 avec des espaces publics plus a\u00e9r\u00e9s et des logements modernes, avec une part r\u00e9duite allou\u00e9e aux logements sociaux (passant de <strong>80% \u00e0 64%<\/strong>).<\/p>\n<p>Votre r\u00e9gion, votre actu !<\/p>\n<p>Recevez chaque jour les infos qui comptent pour vous.<\/p>\n<p>\t<a href=\"https:\/\/actu.fr\/newsletter\" class=\"ac-btn ac-btn--corner ac-btn--medium ac-btn--blue800\" target=\"_blank\" rel=\"noopener\">S&rsquo;incrire<\/a><\/p>\n<p>    <a href=\"https:\/\/www.facebook.com\/plugins\/post.php?href=https%3A%2F%2Fwww.facebook.com%2Fphoto.php%3Ffbid%3D1415297270607520%26set%3Da.320658966738028%26type%3D3&amp;show_text=true&amp;width=350\" title=\"Ouvrie le lien\" target=\"_blank\" rel=\"noopener\">Cliquez ici pour visualiser le contenu<\/a><\/p>\n<p class=\" wall-content\">Au total, pr\u00e8s de <strong>1 000 logements doivent \u00eatre d\u00e9molis<\/strong>, 1 751 r\u00e9habilit\u00e9s, et plus de 1 000 reconstruits. \u00c9coles, m\u00e9diath\u00e8que et parc urbain sont \u00e9galement inclus dans le projet, estim\u00e9 \u00e0 275 \u00e0 278 millions d\u2019euros d\u2019investissements depuis 2019.<\/p>\n<p class=\" wall-content\">Personnalisez votre actualit\u00e9 en ajoutant vos villes et m\u00e9dias en favori avec <a href=\"https:\/\/moncompte.actu.fr\" title=\"D\u00e9couvez Mon Actu\" rel=\"nofollow noopener\" data-trk=\"{&quot;cta&quot;:{&quot;action&quot;:&quot;https:\\\/\\\/moncompte.actu.fr&quot;,&quot;category&quot;:&quot;mon compte&quot;,&quot;from&quot;:&quot;article footer&quot;,&quot;name&quot;:&quot;Mon actu&quot;,&quot;type&quot;:&quot;cta&quot;}}\" target=\"_blank\">Mon Actu<\/a>.<\/p>\n","protected":false},"excerpt":{"rendered":"Par Th\u00e9o Zuili Publi\u00e9 le 4 d\u00e9c. 2025 \u00e0 15h37 \u00c0 Rillieux-la-Pape, pr\u00e8s de Lyon (Rh\u00f4ne), deux grands&hellip;\n","protected":false},"author":2,"featured_media":577861,"comment_status":"","ping_status":"","sticky":false,"template":"","format":"standard","meta":{"footnotes":""},"categories":[1889],"tags":[1111,11,2430,1777,674,1011,27,2428,12,25,104,1352],"class_list":{"0":"post-577860","1":"post","2":"type-post","3":"status-publish","4":"format-standard","5":"has-post-thumbnail","7":"category-lyon","8":"tag-actu","9":"tag-actualites","10":"tag-auvergne-rhone-alpes","11":"tag-eu","12":"tag-europe","13":"tag-fr","14":"tag-france","15":"tag-lyon","16":"tag-news","17":"tag-republique-francaise","18":"tag-societe","19":"tag-urbanisme"},"share_on_mastodon":{"url":"https:\/\/pubeurope.com\/@fr\/115662100033095262","error":""},"_links":{"self":[{"href":"https:\/\/www.europesays.com\/fr\/wp-json\/wp\/v2\/posts\/577860","targetHints":{"allow":["GET"]}}],"collection":[{"href":"https:\/\/www.europesays.com\/fr\/wp-json\/wp\/v2\/posts"}],"about":[{"href":"https:\/\/www.europesays.com\/fr\/wp-json\/wp\/v2\/types\/post"}],"author":[{"embeddable":true,"href":"https:\/\/www.europesays.com\/fr\/wp-json\/wp\/v2\/users\/2"}],"replies":[{"embeddable":true,"href":"https:\/\/www.europesays.com\/fr\/wp-json\/wp\/v2\/comments?post=577860"}],"version-history":[{"count":0,"href":"https:\/\/www.europesays.com\/fr\/wp-json\/wp\/v2\/posts\/577860\/revisions"}],"wp:featuredmedia":[{"embeddable":true,"href":"https:\/\/www.europesays.com\/fr\/wp-json\/wp\/v2\/media\/577861"}],"wp:attachment":[{"href":"https:\/\/www.europesays.com\/fr\/wp-json\/wp\/v2\/media?parent=577860"}],"wp:term":[{"taxonomy":"category","embeddable":true,"href":"https:\/\/www.europesays.com\/fr\/wp-json\/wp\/v2\/categories?post=577860"},{"taxonomy":"post_tag","embeddable":true,"href":"https:\/\/www.europesays.com\/fr\/wp-json\/wp\/v2\/tags?post=577860"}],"curies":[{"name":"wp","href":"https:\/\/api.w.org\/{rel}","templated":true}]}}