{"id":577866,"date":"2025-12-04T15:55:13","date_gmt":"2025-12-04T15:55:13","guid":{"rendered":"https:\/\/www.europesays.com\/fr\/577866\/"},"modified":"2025-12-04T15:55:13","modified_gmt":"2025-12-04T15:55:13","slug":"la-circulation-chaotique-dans-le-secteur","status":"publish","type":"post","link":"https:\/\/www.europesays.com\/fr\/577866\/","title":{"rendered":"la circulation chaotique dans le secteur"},"content":{"rendered":"<p>                    Par<br \/>\n        <strong><br \/>\n            <a href=\"https:\/\/actu.fr\/auteur\/redaction-paris\" title=\"Consulter tous les articles de R\u00e9daction Paris\" target=\"_blank\" rel=\"noopener\">R\u00e9daction Paris<\/a><br \/>\n                    <\/strong><\/p>\n<p>        Publi\u00e9 le<\/p>\n<p>            4 d\u00e9c. 2025 \u00e0 16h30        <\/p>\n<p>La <a href=\"https:\/\/actu.fr\/tag\/circulation\" target=\"_blank\" rel=\"noopener\">circulation<\/a> est d\u00e9cid\u00e9ment bien difficile sur les routes de Paris et d\u2019\u00cele-de-France ce jeudi 4 d\u00e9cembre 2025.\u00a0Apr\u00e8s des <a href=\"https:\/\/actu.fr\/ile-de-france\/paris_75056\/circulation-difficile-sur-les-routes-de-paris-et-d-ile-de-france-les-automobilistes-coinces-dans-les-bouchons_63527866.html\" target=\"_blank\" rel=\"noopener\">embouteillages en d\u00e9but de journ\u00e9e<\/a>, le trafic est \u00e0 nouveau <strong>tr\u00e8s difficile<\/strong> depuis le d\u00e9but d\u2019apr\u00e8s-midi, entre Paris et le Val-de-Marne, au niveau d\u2019Orly, indique Sytadin.fr.\u00a0<\/p>\n<p>Fermeture pour une dur\u00e9e ind\u00e9termin\u00e9e<\/p>\n<p class=\" wall-content\">\u00ab \u00c0 la suite d\u2019un incident dans le tunnel d\u2019Orly, la <strong>nationale 7<\/strong> est ferm\u00e9e pour une dur\u00e9e ind\u00e9termin\u00e9e en direction de Paris, entre le carrefour avenue Jean-Pierre B\u00e9nard au sud et l\u2019A106 au nord \u00bb, pr\u00e9cise la Dirif.<\/p>\n<p class=\" wall-content\">La nature de l\u2019incident n\u2019a pas \u00e9t\u00e9 communiqu\u00e9e, mais ses cons\u00e9quences se font sentir pour les automobilistes qui se retrouvent coinc\u00e9s dans les <strong>bouchons<\/strong>.<\/p>\n<p class=\" wall-content\">Personnalisez votre actualit\u00e9 en ajoutant vos villes et m\u00e9dias en favori avec <a href=\"https:\/\/moncompte.actu.fr\" title=\"D\u00e9couvez Mon Actu\" rel=\"nofollow noopener\" data-trk=\"{&quot;cta&quot;:{&quot;action&quot;:&quot;https:\\\/\\\/moncompte.actu.fr&quot;,&quot;category&quot;:&quot;mon compte&quot;,&quot;from&quot;:&quot;article footer&quot;,&quot;name&quot;:&quot;Mon actu&quot;,&quot;type&quot;:&quot;cta&quot;}}\" target=\"_blank\">Mon Actu<\/a>.<\/p>\n","protected":false},"excerpt":{"rendered":"Par R\u00e9daction Paris Publi\u00e9 le 4 d\u00e9c. 2025 \u00e0 16h30 La circulation est d\u00e9cid\u00e9ment bien difficile sur les&hellip;\n","protected":false},"author":2,"featured_media":577867,"comment_status":"","ping_status":"","sticky":false,"template":"","format":"standard","meta":{"footnotes":""},"categories":[1888],"tags":[1111,1928,11,1927,1777,674,1011,27,12,1926,626,1925,25,104],"class_list":{"0":"post-577866","1":"post","2":"type-post","3":"status-publish","4":"format-standard","5":"has-post-thumbnail","7":"category-paris","8":"tag-actu","9":"tag-actu-paris","10":"tag-actualites","11":"tag-actualites-paris","12":"tag-eu","13":"tag-europe","14":"tag-fr","15":"tag-france","16":"tag-news","17":"tag-news-paris","18":"tag-paris","19":"tag-paris-news","20":"tag-republique-francaise","21":"tag-societe"},"share_on_mastodon":{"url":"https:\/\/pubeurope.com\/@fr\/115662115562742166","error":""},"_links":{"self":[{"href":"https:\/\/www.europesays.com\/fr\/wp-json\/wp\/v2\/posts\/577866","targetHints":{"allow":["GET"]}}],"collection":[{"href":"https:\/\/www.europesays.com\/fr\/wp-json\/wp\/v2\/posts"}],"about":[{"href":"https:\/\/www.europesays.com\/fr\/wp-json\/wp\/v2\/types\/post"}],"author":[{"embeddable":true,"href":"https:\/\/www.europesays.com\/fr\/wp-json\/wp\/v2\/users\/2"}],"replies":[{"embeddable":true,"href":"https:\/\/www.europesays.com\/fr\/wp-json\/wp\/v2\/comments?post=577866"}],"version-history":[{"count":0,"href":"https:\/\/www.europesays.com\/fr\/wp-json\/wp\/v2\/posts\/577866\/revisions"}],"wp:featuredmedia":[{"embeddable":true,"href":"https:\/\/www.europesays.com\/fr\/wp-json\/wp\/v2\/media\/577867"}],"wp:attachment":[{"href":"https:\/\/www.europesays.com\/fr\/wp-json\/wp\/v2\/media?parent=577866"}],"wp:term":[{"taxonomy":"category","embeddable":true,"href":"https:\/\/www.europesays.com\/fr\/wp-json\/wp\/v2\/categories?post=577866"},{"taxonomy":"post_tag","embeddable":true,"href":"https:\/\/www.europesays.com\/fr\/wp-json\/wp\/v2\/tags?post=577866"}],"curies":[{"name":"wp","href":"https:\/\/api.w.org\/{rel}","templated":true}]}}