{"id":577898,"date":"2025-12-04T16:16:18","date_gmt":"2025-12-04T16:16:18","guid":{"rendered":"https:\/\/www.europesays.com\/fr\/577898\/"},"modified":"2025-12-04T16:16:18","modified_gmt":"2025-12-04T16:16:18","slug":"cyclisme-route-wout-van-aert-javais-besoin-de-retrouver-la-joie-sur-le-velo","status":"publish","type":"post","link":"https:\/\/www.europesays.com\/fr\/577898\/","title":{"rendered":"Cyclisme. Route &#8211; Wout Van Aert : \u00abJ&rsquo;avais besoin de retrouver la joie sur le v\u00e9lo&#8230;\u00bb"},"content":{"rendered":"<p>Apr\u00e8s un exercice 2024 marqu\u00e9 par les chutes, <strong><a href=\"https:\/\/www.cyclismactu.net\/..\/news-cyclo-cross-wout-van-aert-son-programme-cinq-affrontements-contre-van-der-poel-91087.html\" target=\"_blank\" rel=\"noopener\">Wout Van Aert<\/a>\u00a0<\/strong>(Team Visma Lease | a Bike)\u00a0se devait de montrer au reste du monde qu&rsquo;il \u00e9tait toujours capable de lever les foules&#8230; Parce que oui, le coureur Belge est capable de se mettre en lumi\u00e8re dans toutes les configurations possibles. Equipier ou leader, <strong>Wout<\/strong> roule fort, vite et longtemps. 2025 lui a permis de remettre l&rsquo;\u00e9glise au centre du village. Ses victoires prestigieuses sur le <strong><a href=\"https:\/\/www.cyclismactu.net\/..\/news-tour-d-italie-femmes-route-parcours-et-profils-du-giro-d-italia-women-2026-91091.html\" target=\"_blank\" rel=\"noopener\">Giro d&rsquo;Italia<\/a><\/strong>\u00a0et le <strong>Tour de France<\/strong> ne sont pas les seules signes de son salut&#8230; Sur ce m\u00eame <strong>Giro<\/strong>, il se mue en parfait ange gardien de <strong>Simon Yates<\/strong>\u00a0jusqu&rsquo;\u00e0 son sacre. En amont, il r\u00e9alisait d\u00e9j\u00e0 une campagne <strong>flandrienne<\/strong> tr\u00e8s flatteuse avec de nombreux top 10. L&rsquo;athl\u00e8te dresse le bilan de cette p\u00e9riode \u00e0 nos confr\u00e8res du <a href=\"https:\/\/www.nieuwsblad.be\/?lang=nb\" target=\"_blank\" rel=\"noopener\">Het Nieuwsblad<\/a>.<\/p>\n<p>Vid\u00e9o &#8211; La r\u00e9action de Wout Van Aert apr\u00e8s sa victoire sur le Tour Lire la suite de l&rsquo;article&#13;<\/p>\n<p>\u00a0<\/p>\n<p>&#13;<br \/>\n\u00ab\u00a0Je ne pouvais pas m&rsquo;engager pleinement\u00a0\u00bb&#13;<\/p>\n<p>Les douleurs mentales et physiques ont compliqu\u00e9 son retour \u00e0 la comp\u00e9tition. Courir sans retenue n&rsquo;a pas \u00e9t\u00e9 naturel, en particulier sur les classiques o\u00f9 les coureurs frottent beaucoup pour se placer: \u00ab\u00a0A ma reprise je n&rsquo;arrivais pas \u00e0 m&rsquo;engager et j&rsquo;\u00e9tais partag\u00e9 entre la satisfaction de ne pas tomber et la frustration de ne pas r\u00e9ussir \u00e0 bien me placer \u00e0 cause de la crainte. En plus je n&rsquo;aime pas courir sur la retenue, ce n&rsquo;est pas mon style, je n&rsquo;aime pas suivre le mouvement.\u00a0\u00bb Sa deuxi\u00e8me partie de saison a \u00e9t\u00e9 moins dense, moins fructueuse mais instructive&#8230;\u00a0 Dor\u00e9navant <strong>Van Aert <\/strong>veut courir pour jouer les premiers r\u00f4les\u00a0\u00a0: \u00ab\u00a0Apr\u00e8s une premi\u00e8re partie de saison charg\u00e9e j&rsquo;ai souffl\u00e9 apr\u00e8s le Tour, j&rsquo;ai partcip\u00e9 \u00e0 des courses sans \u00eatre au top et je n&rsquo;ai pas beaucoup pris de plaisir. D\u00e8s que je porte un dossard c&rsquo;est pour gagner, c&rsquo;est ainsi que j&rsquo;aime courir.\u00a0\u00bb<\/p>\n<p>&#13;<br \/>\n\u00ab\u00a0A Travers les Flandres a \u00e9t\u00e9 douloureux\u00a0\u00bb&#13;<\/p>\n<p>Le mercredi 2 avril 2025, la <strong>Visma Lease a Bike<\/strong> a connu un \u00e9norme couac, \u00e0 trois contre un la victoire leur \u00e9chappe. <strong>Neilson Powless (EF Education-EasyPost)<\/strong>\u00a0r\u00e9ussit \u00e0 d\u00e9jouer les plans d&rsquo;une <strong>Visma<\/strong>, acquise \u00e0 <strong>Van Aert <\/strong>sur ce <strong>Dwaars Door Vlaanderen<\/strong>. Cette \u00e9pisode n&rsquo;a pas \u00e9t\u00e9 simple \u00e0 dig\u00e9rer : \u00ab\u00a0J&rsquo;\u00e9tais extr\u00eament d\u00e9\u00e7u pour l&rsquo;\u00e9quipe qui a tout donn\u00e9 pour moi, d\u00e9\u00e7u d&rsquo;avoir pris une d\u00e9cision qui ne me ressemble pas en voulant sprinter plut\u00f4t que jouer la carte du collectif. L&rsquo;\u00e9quipe ne m&rsquo;en a jamais tenu rigueur, bien au contraire. Ils m&rsquo;ont encourag\u00e9 et soutenu ce qui a \u00e9t\u00e9 tr\u00e8s pr\u00e9cieux\u00a0\u00bb. En revanche, la presse sp\u00e9cialis\u00e9e ne s&rsquo;est pas faite prier pour lui tomber dessus apr\u00e8s cet \u00e9pisode. <strong>Demi Vollering<\/strong> l&rsquo;a d\u00e9fendue rappelant que : \u00ab\u00a0Les athl\u00e8tes prennent parfois des mauvaises d\u00e9cisions mais les gens ignorent la mulitude de param\u00e8tres qui d\u00e9terminent nos choix.\u00a0\u00bb C&rsquo;est la joie qui a manqu\u00e9 \u00e0 <strong>Van Aert<\/strong> toute cette p\u00e9riode, cette derni\u00e8re est revenue \u00e0 Sienne : \u00ab\u00a0Le soir de la 5e \u00e9tape j&rsquo;ai pens\u00e9 abandonner, et la victoire \u00e0 Sienne, la 9e \u00e9tape, a \u00e9t\u00e9 la bascule \u00e9motionnelle de mon Giro et de ma saison, j&rsquo;avais besoin de retrouver la joie.\u00a0\u00bb<\/p>\n","protected":false},"excerpt":{"rendered":"Apr\u00e8s un exercice 2024 marqu\u00e9 par les chutes, Wout Van Aert\u00a0(Team Visma Lease | a Bike)\u00a0se devait de&hellip;\n","protected":false},"author":2,"featured_media":577899,"comment_status":"","ping_status":"","sticky":false,"template":"","format":"standard","meta":{"footnotes":""},"categories":[1411],"tags":[1154,207,211,1011,27,209,60,210,212,208,213],"class_list":{"0":"post-577898","1":"post","2":"type-post","3":"status-publish","4":"format-standard","5":"has-post-thumbnail","7":"category-cyclisme","8":"tag-cycling","9":"tag-cyclisme","10":"tag-ffc","11":"tag-fr","12":"tag-france","13":"tag-route","14":"tag-sports","15":"tag-tour-de-france","16":"tag-uci","17":"tag-velo","18":"tag-world-tour"},"share_on_mastodon":{"url":"https:\/\/pubeurope.com\/@fr\/115662198151947248","error":""},"_links":{"self":[{"href":"https:\/\/www.europesays.com\/fr\/wp-json\/wp\/v2\/posts\/577898","targetHints":{"allow":["GET"]}}],"collection":[{"href":"https:\/\/www.europesays.com\/fr\/wp-json\/wp\/v2\/posts"}],"about":[{"href":"https:\/\/www.europesays.com\/fr\/wp-json\/wp\/v2\/types\/post"}],"author":[{"embeddable":true,"href":"https:\/\/www.europesays.com\/fr\/wp-json\/wp\/v2\/users\/2"}],"replies":[{"embeddable":true,"href":"https:\/\/www.europesays.com\/fr\/wp-json\/wp\/v2\/comments?post=577898"}],"version-history":[{"count":0,"href":"https:\/\/www.europesays.com\/fr\/wp-json\/wp\/v2\/posts\/577898\/revisions"}],"wp:featuredmedia":[{"embeddable":true,"href":"https:\/\/www.europesays.com\/fr\/wp-json\/wp\/v2\/media\/577899"}],"wp:attachment":[{"href":"https:\/\/www.europesays.com\/fr\/wp-json\/wp\/v2\/media?parent=577898"}],"wp:term":[{"taxonomy":"category","embeddable":true,"href":"https:\/\/www.europesays.com\/fr\/wp-json\/wp\/v2\/categories?post=577898"},{"taxonomy":"post_tag","embeddable":true,"href":"https:\/\/www.europesays.com\/fr\/wp-json\/wp\/v2\/tags?post=577898"}],"curies":[{"name":"wp","href":"https:\/\/api.w.org\/{rel}","templated":true}]}}