{"id":577903,"date":"2025-12-04T16:19:20","date_gmt":"2025-12-04T16:19:20","guid":{"rendered":"https:\/\/www.europesays.com\/fr\/577903\/"},"modified":"2025-12-04T16:19:20","modified_gmt":"2025-12-04T16:19:20","slug":"a-fleac-cette-grande-maison-darchitecte-baignee-de-lumiere-a-vendre-729-000-euros","status":"publish","type":"post","link":"https:\/\/www.europesays.com\/fr\/577903\/","title":{"rendered":"\u00c0 Fl\u00e9ac, cette grande maison d\u2019architecte baign\u00e9e de lumi\u00e8re \u00e0 vendre 729\u00a0000\u00a0euros"},"content":{"rendered":"<p>        <img decoding=\"async\" id=\"26850932\" src=\"https:\/\/www.europesays.com\/fr\/wp-content\/uploads\/2025\/12\/climmo-fleac-2.jpg\" alt=\"La maison a \u00e9t\u00e9 con\u00e7ue par le cabinet d\u2019architecte Lagarde, \u00e0 Fl\u00e9ac.\" itemprop=\"contentURL\"\/><\/p>\n<p>    La maison a \u00e9t\u00e9 con\u00e7ue par le cabinet d\u2019architecte Lagarde, \u00e0 Fl\u00e9ac.<\/p>\n<p>Olivier Roubin<\/p>\n<p>        <img decoding=\"async\" id=\"26850931\" src=\"https:\/\/www.europesays.com\/fr\/wp-content\/uploads\/2025\/12\/climmo-fleac-3.jpg\" alt=\"Des baies panoramiques, de grands volumes. La clart\u00e9 \u00e0 tous les niveaux.\" itemprop=\"contentURL\"\/><\/p>\n<p>    Des baies panoramiques, de grands volumes. La clart\u00e9 \u00e0 tous les niveaux.<\/p>\n<p>Olivier Roubin<\/p>\n<p>Ses lignes sobres, ses volumes d\u00e9coup\u00e9s et sa fa\u00e7ade claire lui donnent un profil contemporain. \u00c0 l\u2019int\u00e9rieur, la pi\u00e8ce de vie de 60\u00a0m\u00b2 se d\u00e9ploie sous un plafond cath\u00e9drale \u00e0 double hauteur. Fa\u00e7ade vitr\u00e9e au pignon, ouvertures en bandeaux, baies panoramiques\u00a0: la clart\u00e9 \u00e0 tous les niveaux, du matin au soir.<\/p>\n<p>        <img decoding=\"async\" id=\"26850929\" src=\"https:\/\/www.europesays.com\/fr\/wp-content\/uploads\/2025\/12\/climmo-fleac-4.jpg\" alt=\"Salon, salle \u00e0 manger et cuisine dans une m\u00eame continuit\u00e9.\" itemprop=\"contentURL\"\/><\/p>\n<p>    Salon, salle \u00e0 manger et cuisine dans une m\u00eame continuit\u00e9.<\/p>\n<p>Olivier Roubin<\/p>\n<p>\u00ab\u00a0Quand on arrive dans cette maison, ce qui impressionne en premier lieu, c\u2019est la lumi\u00e8re\u00a0\u00bb, r\u00e9sume Alexandra Santa-Cruz, responsable de l\u2019agence H\u00e9rencia immobilier. \u00c0 travers la grande fen\u00eatre en hauteur, expos\u00e9e plein ouest, \u00ab\u00a0on profite chaque soir du coucher de soleil. Il est souvent incroyable\u00a0\u00bb, s\u2019enthousiasme Sabira Trifi, la propri\u00e9taire vendeuse. Les menuiseries anthracite tracent des lignes nettes, les poutres apparentes structurent sans rigidit\u00e9. L\u2019espace ouvert articule salon, salle \u00e0 manger et cuisine dans une m\u00eame continuit\u00e9. La cuisine de marque est toute neuve\u00a0: elle a \u00e9t\u00e9 r\u00e9alis\u00e9e l\u2019ann\u00e9e derni\u00e8re et les vendeurs n\u2019ont pas l\u00e9sin\u00e9 sur les moyens\u00a0: \u00ab\u00a0Il y en a eu pour 40\u00a0000\u00a0euros\u00a0\u00bb. Implantation en U, \u00eelot central et four \u00e0 vapeur haut de gamme. \u00ab\u00a0C\u2019est s\u00fbr qu\u2019ici, on arrive et on peut poser ses valises\u00a0\u00bb, dit Sabira Trifi. La maison cumule trois syst\u00e8mes de chauffage, un par espace\u00a0: gaz de ville dans la partie originelle, pompe \u00e0 chaleur \u00e9lectrique dans l\u2019agrandissement de 2017, pompe \u00e0 chaleur r\u00e9versible dans la derni\u00e8re zone. Car la maison s\u2019est adapt\u00e9e\u00a0: deux chambres, un dressing et une salle d\u2019eau ont \u00e9t\u00e9 ajout\u00e9s. Le double garage a \u00e9t\u00e9 transform\u00e9 en vaste pi\u00e8ce polyvalente.<\/p>\n<p>        <img decoding=\"async\" id=\"26841371\" src=\"https:\/\/www.europesays.com\/fr\/wp-content\/uploads\/2025\/12\/espace-calme-piscine-un-havre-de-paix-a-fleac-aux-portes-dangouleme-climmo-habiter-3.jpg\" alt=\"Sabira Trifi, la vendeuse, aux c\u00f4t\u00e9s d\u2019Alexandra Santa-Cruz, responsable d\u2019Herencia immobilier.\" itemprop=\"contentURL\"\/><\/p>\n<p>    Sabira Trifi, la vendeuse, aux c\u00f4t\u00e9s d\u2019Alexandra Santa-Cruz, responsable d\u2019Herencia immobilier.<\/p>\n<p>Olivier Roubin<\/p>\n<p>        <img decoding=\"async\" id=\"26945671\" src=\"https:\/\/www.europesays.com\/fr\/wp-content\/uploads\/2025\/12\/nuit.jpeg\" alt=\"De magnifiques couchers de soleil \u00e0 voir tous les soirs, depuis le salon.\" itemprop=\"contentURL\"\/><\/p>\n<p>    De magnifiques couchers de soleil \u00e0 voir tous les soirs, depuis le salon.<\/p>\n<p>Repro CL<\/p>\n<p>    Pr\u00e8s de la ville mais avec le calme de la campagne<\/p>\n<p>        <img decoding=\"async\" id=\"26864796\" src=\"https:\/\/www.europesays.com\/fr\/wp-content\/uploads\/2025\/12\/upscalemedia-transformed-1.jpeg\" alt=\"La fiche technique de ce bien.\" itemprop=\"contentURL\"\/><\/p>\n<p>    La fiche technique de ce bien.<\/p>\n<p>Infographie CL<\/p>\n<p>\u00ab\u00a0Comme si cette maison avait \u00e9t\u00e9 imagin\u00e9e pour la famille\u00a0: les parents d\u2019un c\u00f4t\u00e9, les parents de l\u2019autre\u00a0\u00bb, explique l\u2019agente. Sabira Trifi en atteste\u00a0: \u00ab\u00a0Chacun a son espace. Et ses acc\u00e8s pour entrer et sortir\u00a0: nos ados sortent de la piscine et vont directement se doucher. Ils ont une immense salle pour faire de la musique, des jeux vid\u00e9o, et se retrouver avec les copains.\u00a0\u00bb La piscine\u00a0est entour\u00e9e d\u2019une terrasse en composite. \u00c0 quelques m\u00e8tres, deux terrains de p\u00e9tanque et un cabanon prolongent les usages ext\u00e9rieurs. Un cocon prot\u00e9g\u00e9 de la ville, pourtant proche, par des cannes de Provence qui ceinturent le jardin.<\/p>\n","protected":false},"excerpt":{"rendered":"La maison a \u00e9t\u00e9 con\u00e7ue par le cabinet d\u2019architecte Lagarde, \u00e0 Fl\u00e9ac. Olivier Roubin Des baies panoramiques, de&hellip;\n","protected":false},"author":2,"featured_media":577904,"comment_status":"","ping_status":"","sticky":false,"template":"","format":"standard","meta":{"footnotes":""},"categories":[1358],"tags":[1348,1384,1385,1386,58,59,1011,27],"class_list":{"0":"post-577903","1":"post","2":"type-post","3":"status-publish","4":"format-standard","5":"has-post-thumbnail","7":"category-arts-et-design","8":"tag-arts","9":"tag-arts-and-design","10":"tag-arts-et-design","11":"tag-design","12":"tag-divertissement","13":"tag-entertainment","14":"tag-fr","15":"tag-france"},"share_on_mastodon":{"url":"https:\/\/pubeurope.com\/@fr\/115662211501739447","error":""},"_links":{"self":[{"href":"https:\/\/www.europesays.com\/fr\/wp-json\/wp\/v2\/posts\/577903","targetHints":{"allow":["GET"]}}],"collection":[{"href":"https:\/\/www.europesays.com\/fr\/wp-json\/wp\/v2\/posts"}],"about":[{"href":"https:\/\/www.europesays.com\/fr\/wp-json\/wp\/v2\/types\/post"}],"author":[{"embeddable":true,"href":"https:\/\/www.europesays.com\/fr\/wp-json\/wp\/v2\/users\/2"}],"replies":[{"embeddable":true,"href":"https:\/\/www.europesays.com\/fr\/wp-json\/wp\/v2\/comments?post=577903"}],"version-history":[{"count":0,"href":"https:\/\/www.europesays.com\/fr\/wp-json\/wp\/v2\/posts\/577903\/revisions"}],"wp:featuredmedia":[{"embeddable":true,"href":"https:\/\/www.europesays.com\/fr\/wp-json\/wp\/v2\/media\/577904"}],"wp:attachment":[{"href":"https:\/\/www.europesays.com\/fr\/wp-json\/wp\/v2\/media?parent=577903"}],"wp:term":[{"taxonomy":"category","embeddable":true,"href":"https:\/\/www.europesays.com\/fr\/wp-json\/wp\/v2\/categories?post=577903"},{"taxonomy":"post_tag","embeddable":true,"href":"https:\/\/www.europesays.com\/fr\/wp-json\/wp\/v2\/tags?post=577903"}],"curies":[{"name":"wp","href":"https:\/\/api.w.org\/{rel}","templated":true}]}}