{"id":577905,"date":"2025-12-04T16:21:29","date_gmt":"2025-12-04T16:21:29","guid":{"rendered":"https:\/\/www.europesays.com\/fr\/577905\/"},"modified":"2025-12-04T16:21:29","modified_gmt":"2025-12-04T16:21:29","slug":"ca-a-ete-une-grande-epreuve-guillaume-et-tom-lamour-est-dans-le-pre-17-reviennent-sur-lincendie-de-leur-ferme","status":"publish","type":"post","link":"https:\/\/www.europesays.com\/fr\/577905\/","title":{"rendered":"\u00ab\u00a0\u00c7a a \u00e9t\u00e9 une grande \u00e9preuve\u00a0\u00bb : Guillaume et Tom (L\u2019amour est dans le pr\u00e9 17) reviennent sur l&rsquo;incendie de leur ferme"},"content":{"rendered":"<p>Ce lundi 8 d\u00e9cembre, M6 diffuse la premi\u00e8re partie des 20 ans de L&rsquo;amour est dans le pr\u00e9. Dans l&rsquo;\u00e9pisode d\u00e9j\u00e0 visible sur M6+, Guillaume et Tom donnent de leurs nouvelles apr\u00e8s l&rsquo;incendie de leur ferme qui les a profond\u00e9ment marqu\u00e9s. <\/p>\n<p>Karine Le Marchand a eu le plaisir de revoir une centaine d&rsquo;agriculteurs embl\u00e9matiques de <a href=\"https:\/\/www.programme-tv.net\/news\/tv\/366741-l-amour-est-dans-le-pre-2025-portraits-des-futurs-candidats-tournage-ce-que-l-on-sait-sur-la-saison-20\/\" data-api-deeplink=\"teleloisirs:\/\/news\/366741\" target=\"_blank\" rel=\"noopener\">L&rsquo;amour est dans le pr\u00e9<\/a> lors du tournage de l&rsquo;\u00e9mission sp\u00e9ciale 20 ans. Apr\u00e8s le bilan de la saison 20 qui s&rsquo;est achev\u00e9 ce lundi avec <a href=\"https:\/\/www.programme-tv.net\/news\/tv\/393039-l-amour-est-dans-le-pre-quels-couples-sont-encore-ensemble-qui-sest-separe-le-vrai-bilan-de-la-saison-20-apres-le-tournage\/\" data-api-deeplink=\"teleloisirs:\/\/news\/393039\" target=\"_blank\" rel=\"noopener\">un total de huit couples form\u00e9s gr\u00e2ce \u00e0 l&rsquo;\u00e9mission<\/a>,<b> l&rsquo;animatrice reviendra d\u00e8s la semaine prochaine pour f\u00eater cette double d\u00e9cennie<\/b> avec ceux dont les c\u0153urs ont battu la chamade au fil des saisons. L&rsquo;occasion de voir certains couples renouveler leurs v\u0153ux de mariage, d&rsquo;autres donner des nouvelles de leur vie \u00e0 deux et rencontrer quelques-uns des 95 enfants n\u00e9s gr\u00e2ce aux rencontres dans l&rsquo;\u00e9mission !<\/p>\n<p>Dans <b>ce premier \u00e9pisode sp\u00e9cial 20 ans, diffus\u00e9 ce lundi 8 d\u00e9cembre mais d\u00e9j\u00e0 disponible sur M6+<\/b>, Karine Le Marchand retrouve notamment Guillaume et Tom, dont l&rsquo;histoire d&rsquo;amour est n\u00e9e devant les cam\u00e9ras de M6 en 2022. <b>Attention, la suite de cet article contient des spoilers<\/b>. Les deux hommes <a href=\"https:\/\/www.programme-tv.net\/news\/tv\/313850-lamour-est-dans-le-pre-plus-beau-couple-de-la-saison-les-plus-mignons-les-internautes-ravis-de-voir-guillaume-lauvergnat-et-tom-toujours-ensemble-video\/\" data-api-deeplink=\"teleloisirs:\/\/news\/313850\" target=\"_blank\" rel=\"noopener\">se sont rencontr\u00e9s lors de la saison 17<\/a>. Les deux tourtereaux avaient v\u00e9cu une connexion tr\u00e8s forte d\u00e8s les speed datings et l&#8217;emm\u00e9nagement de Tom chez Guillaume, en Auvergne,<a href=\"https:\/\/www.programme-tv.net\/news\/tv\/312573-exclu-guillaume-lauvergnat-lamour-est-dans-le-pre-se-confie-sur-sa-relation-avec-tom-son-emmenagement-chez-moi-sest-fait-tout-seul\/\" data-api-deeplink=\"teleloisirs:\/\/news\/312573\" target=\"_blank\" rel=\"noopener\"> \u00e9tait vite devenu une \u00e9vidence<\/a>. Aujourd&rsquo;hui, et depuis maintenant 3 ans et demi, le couple est toujours ensemble et a r\u00e9pondu pr\u00e9sent \u00e0 l&rsquo;invitation de Karine Le Marchand pour c\u00e9l\u00e9brer ces vingt saisons de L&rsquo;amour est dans le pr\u00e9. \u00ab\u00a0Tu m&rsquo;as rajeuni avec l&rsquo;\u00e9mission, j&rsquo;ai trouv\u00e9 mon ch\u00e9ri qui est tout jeune\u00a0\u00bb, plaisante Guillaume l&rsquo;Auvergnat devant l&rsquo;animatrice.<\/p>\n<p>                        \u00ab\u00a0Nous avons v\u00e9cu l&rsquo;enfer des flammes\u00a0\u00bb : Guillaume et Tom (L&rsquo;amour est dans le pr\u00e9 2022) \u00e9voquent l&rsquo;incendie qui a ravag\u00e9 leur ferme<\/p>\n<p>Le couple revient \u00e9galement sur l&rsquo;incendie survenu dans leur ferme p\u00e9dagogique il y a deux ans. \u00ab\u00a0<b>On n&rsquo;a pas perdu d&rsquo;animaux mais \u00e7a a \u00e9t\u00e9 une grande \u00e9preuve <\/b>qui s&rsquo;est \u00e9crite dans le livre de notre vie commune\u00a0\u00bb, rappelle-t-il \u00e0 l&rsquo;\u00e9cran. En effet, en avril 2023, Guillaume et Tom partageaient sur les r\u00e9seaux sociaux les images d\u00e9solantes de<a href=\"https:\/\/www.programme-tv.net\/news\/tele-realite\/324967-nous-sommes-sous-le-choc-guillaume-lauvergnat-lamour-est-dans-le-pre-victime-dun-terrible-incendie-dans-sa-ferme\/\" data-api-deeplink=\"teleloisirs:\/\/news\/324967\" target=\"_blank\" rel=\"noopener\"> leur ferme ravag\u00e9e par les flammes<\/a>. \u00ab\u00a0Aujourd&rsquo;hui, nous avons v\u00e9cu l&rsquo;enfer des flammes dans notre ferme. Nous avons sauv\u00e9 tous les animaux dans le b\u00e2timent, la plupart des tracteurs, en revanche notre stock de foin est parti en fum\u00e9e\u00a0\u00bb, avait d\u00e9plor\u00e9 l&rsquo;agriculteur qui avait perdu 200 bottes de foin.<\/p>\n<p>Aujourd&rsquo;hui, Guillaume, Tom et la ferme ont trouv\u00e9 leur \u00e9quilibre. Ils poss\u00e8dent 300 cochons d&rsquo;Inde et pas moins de 22 poneys ! \u00ab\u00a0C&rsquo;est comme l&rsquo;amour, c&rsquo;est d\u00e9mesur\u00e9\u00a0\u00bb, sourit l&rsquo;agriculteur, toujours tr\u00e8s amoureux de son pr\u00e9tendant.<\/p>\n","protected":false},"excerpt":{"rendered":"Ce lundi 8 d\u00e9cembre, M6 diffuse la premi\u00e8re partie des 20 ans de L&rsquo;amour est dans le pr\u00e9.&hellip;\n","protected":false},"author":2,"featured_media":577906,"comment_status":"","ping_status":"","sticky":false,"template":"","format":"standard","meta":{"footnotes":""},"categories":[1356],"tags":[5635,244,58,59,1011,27,69223,5413,7988,494,252,1364],"class_list":{"0":"post-577905","1":"post","2":"type-post","3":"status-publish","4":"format-standard","5":"has-post-thumbnail","7":"category-television","8":"tag-6play","9":"tag-commentaire","10":"tag-divertissement","11":"tag-entertainment","12":"tag-fr","13":"tag-france","14":"tag-guillaume-lauvergnat-lamour-est-dans-le-pru00e9-17","15":"tag-karine-le-marchand","16":"tag-lamour-est-dans-le-pru00e9","17":"tag-m6","18":"tag-television","19":"tag-tv"},"share_on_mastodon":{"url":"https:\/\/pubeurope.com\/@fr\/115662218417668021","error":""},"_links":{"self":[{"href":"https:\/\/www.europesays.com\/fr\/wp-json\/wp\/v2\/posts\/577905","targetHints":{"allow":["GET"]}}],"collection":[{"href":"https:\/\/www.europesays.com\/fr\/wp-json\/wp\/v2\/posts"}],"about":[{"href":"https:\/\/www.europesays.com\/fr\/wp-json\/wp\/v2\/types\/post"}],"author":[{"embeddable":true,"href":"https:\/\/www.europesays.com\/fr\/wp-json\/wp\/v2\/users\/2"}],"replies":[{"embeddable":true,"href":"https:\/\/www.europesays.com\/fr\/wp-json\/wp\/v2\/comments?post=577905"}],"version-history":[{"count":0,"href":"https:\/\/www.europesays.com\/fr\/wp-json\/wp\/v2\/posts\/577905\/revisions"}],"wp:featuredmedia":[{"embeddable":true,"href":"https:\/\/www.europesays.com\/fr\/wp-json\/wp\/v2\/media\/577906"}],"wp:attachment":[{"href":"https:\/\/www.europesays.com\/fr\/wp-json\/wp\/v2\/media?parent=577905"}],"wp:term":[{"taxonomy":"category","embeddable":true,"href":"https:\/\/www.europesays.com\/fr\/wp-json\/wp\/v2\/categories?post=577905"},{"taxonomy":"post_tag","embeddable":true,"href":"https:\/\/www.europesays.com\/fr\/wp-json\/wp\/v2\/tags?post=577905"}],"curies":[{"name":"wp","href":"https:\/\/api.w.org\/{rel}","templated":true}]}}