{"id":577919,"date":"2025-12-04T16:28:13","date_gmt":"2025-12-04T16:28:13","guid":{"rendered":"https:\/\/www.europesays.com\/fr\/577919\/"},"modified":"2025-12-04T16:28:13","modified_gmt":"2025-12-04T16:28:13","slug":"chez-les-milliardaires-la-grande-transmission-a-deja-commence-le-monde-fr","status":"publish","type":"post","link":"https:\/\/www.europesays.com\/fr\/577919\/","title":{"rendered":"Chez les milliardaires, la \u00ab grande transmission \u00bb a d\u00e9j\u00e0 commenc\u00e9 &#8211; Le Monde.fr"},"content":{"rendered":"<ol>\n<li><a href=\"https:\/\/news.google.com\/rss\/articles\/CBMiygFBVV95cUxPdVpsV1duRGdlUGhHTm9rdmhtamNxYVJ1YXR4Ym9pZ3RPQnJYZDBPcTdJUk9GWnZpaHJGZWN3X3JoX0htQkxaX2llNkpwdmIxOHQwblBXeTRqM25iUklXRDU1ODlINEhMQ2VEajM2MTlXLXpGYWR2S3k2Um1fMzVBMFY5MXFsTGNOTlk1NW5IeDZPamxNSWNGN2Rnc1F6WmFWcmpvenczaThvOVc0UTIwYVVRSEFhTWlLaktTdjBicFNvcmRhdWp5eGtR?oc=5\" target=\"_blank\" rel=\"noopener\">Chez les milliardaires, la \u00ab grande transmission \u00bb a d\u00e9j\u00e0 commenc\u00e9<\/a>&nbsp;&nbsp;Le Monde.fr<\/li>\n<li><a href=\"https:\/\/news.google.com\/rss\/articles\/CBMi9AFBVV95cUxQa2Uta1U5RUNLZ05uY1BOZlpfYmVWUVdwcmpLajdVV3V1dmhvTEttSFJCR0FaV3JrNDBzV0NuT3EwUXN1Y05iUUs4X3NWQ1JKWFkwamV3cm9hQkZRSHJ2dnRyOUJ4alJaRWtfbVlHYXlrU0NZS0xRTWM3MmtlNlZOZ0J0cEdMVnNzQnE4ckN1QjE2SURqb0ZUMTJ3b2JEckpVcTRkV1JzOXlwTklDdktzSTNKUmUtU2VrTENWRkRFdm1ES01vMUJjUm0zd25OTnVoV1RGYTVpTE9SUlJPWWJqalRnNHJiZ0Vqbk1DR3ZwODBybGpK?oc=5\" target=\"_blank\" rel=\"noopener\">5 000 000 000 \u20ac par semaine : l&rsquo;h\u00e9ritage des milliardaires explose. Les pays cl\u00e9s<\/a>&nbsp;&nbsp;La Tribune<\/li>\n<li><a href=\"https:\/\/news.google.com\/rss\/articles\/CBMivwFBVV95cUxNLTZUM2t1V29aM2VOZDZNUWZGeC0xcEFSV3hROWVJVW9rVTBIYjVHME1oVE91Sm9OaVRXVEphMlQyQUxfX2xIVzh3bEFTTEJvczRDSTVEaERSWTF3eUtmYnYtYkVUTUt4MWExX2VJVUY5UnlJMEtHT2ZPYms4cGt6ZDgtQUoxNzZoYzNEZ2pvRjJDbFc5WnJFQUNHVVhGTDJUdl8xeUZuaGp2SGVSX0dTVGhqSUUxZDJXektWTUJsbw?oc=5\" target=\"_blank\" rel=\"noopener\">287 nouveaux milliardaires en 2025 : un record post-Covid<\/a>&nbsp;&nbsp;Les Echos<\/li>\n<li><a href=\"https:\/\/news.google.com\/rss\/articles\/CBMivwJBVV95cUxNQmlvS2kzZ1FtMnowTGdtOUVTT21nZjZ2RVVKeGNtZVVnUTl5Y2NDZGp2NnQwQmd4WnNrWUR3VEpoazRYanlTRVNDZkpmNHlpTHdrQXNOU3FKSHhWdmZlY0NrazRVZUQtOFFKMjJROTBmNU0yYkdjN0RFX2RWUkNOenpVbGpYNk9tT2dJdXNfOEM3SHNZSjR6NXZDNlpSZU81SVVCTEE4UWhIbkt4U0IxbzRMNk9OQ1VVQXJDUl9IZ2VEQV8tTF9jQzdpNXFNYXFBMUJEUHhJbFZJeDdna3hueDdlZjUxS2t0Wmx5YVhaLVktcUpHZ2d0SThBcE1FTVVleHlkQTBzWmpxTm5oUy0xa1pNMTRObEdBYkM5TTJsLVhZN1JFXzVhMzBxNmltcWRpSFRrWUxIeVNBanl6Z2tV?oc=5\" target=\"_blank\" rel=\"noopener\">91 personnes sont devenues milliardaires en h\u00e9ritant en 2025: la France sera le 3e pays au monde \u00e0 avoir le plus d&rsquo;h\u00e9ritiers milliardaires dans les prochaines ann\u00e9es<\/a>&nbsp;&nbsp;BFM<\/li>\n<li><a href=\"https:\/\/news.google.com\/rss\/articles\/CBMiuAFBVV95cUxPYklHOTJLeU5VWTVmSmotMEwyOHBNMnN4OGtmaFNET0hEZUMwRFB1X21yZmQwNTNkdV9vb1VuVl90M2hBOUFPMjBwYm9LZzl3ZmZJeHJPRVNkSEJTa2JpZWxuaC14N21wa3FDSDZRNGVvaFVjd3hMUWZoaHgyVmZEcTNPZ3dXc2RGNko4bEhtN1Z3TkgzZWdPRVQtWkNlaVVsVnFRdzlWelUzRlIzb3BTZkxkdVhzRko3?oc=5\" target=\"_blank\" rel=\"noopener\">H\u00e9ritage : 91 personnes sont devenues milliardaires dans le monde en 2025<\/a>&nbsp;&nbsp;Sud Ouest<\/li>\n<\/ol>\n","protected":false},"excerpt":{"rendered":"Chez les milliardaires, la \u00ab grande transmission \u00bb a d\u00e9j\u00e0 commenc\u00e9&nbsp;&nbsp;Le Monde.fr 5 000 000 000 \u20ac par&hellip;\n","protected":false},"author":2,"featured_media":577920,"comment_status":"","ping_status":"","sticky":false,"template":"","format":"standard","meta":{"footnotes":""},"categories":[6],"tags":[35,33,34,1011,27],"class_list":{"0":"post-577919","1":"post","2":"type-post","3":"status-publish","4":"format-standard","5":"has-post-thumbnail","7":"category-economie","8":"tag-business","9":"tag-economie","10":"tag-economy","11":"tag-fr","12":"tag-france"},"share_on_mastodon":{"url":"https:\/\/pubeurope.com\/@fr\/115662245540976933","error":""},"_links":{"self":[{"href":"https:\/\/www.europesays.com\/fr\/wp-json\/wp\/v2\/posts\/577919","targetHints":{"allow":["GET"]}}],"collection":[{"href":"https:\/\/www.europesays.com\/fr\/wp-json\/wp\/v2\/posts"}],"about":[{"href":"https:\/\/www.europesays.com\/fr\/wp-json\/wp\/v2\/types\/post"}],"author":[{"embeddable":true,"href":"https:\/\/www.europesays.com\/fr\/wp-json\/wp\/v2\/users\/2"}],"replies":[{"embeddable":true,"href":"https:\/\/www.europesays.com\/fr\/wp-json\/wp\/v2\/comments?post=577919"}],"version-history":[{"count":0,"href":"https:\/\/www.europesays.com\/fr\/wp-json\/wp\/v2\/posts\/577919\/revisions"}],"wp:featuredmedia":[{"embeddable":true,"href":"https:\/\/www.europesays.com\/fr\/wp-json\/wp\/v2\/media\/577920"}],"wp:attachment":[{"href":"https:\/\/www.europesays.com\/fr\/wp-json\/wp\/v2\/media?parent=577919"}],"wp:term":[{"taxonomy":"category","embeddable":true,"href":"https:\/\/www.europesays.com\/fr\/wp-json\/wp\/v2\/categories?post=577919"},{"taxonomy":"post_tag","embeddable":true,"href":"https:\/\/www.europesays.com\/fr\/wp-json\/wp\/v2\/tags?post=577919"}],"curies":[{"name":"wp","href":"https:\/\/api.w.org\/{rel}","templated":true}]}}