{"id":577923,"date":"2025-12-04T16:30:22","date_gmt":"2025-12-04T16:30:22","guid":{"rendered":"https:\/\/www.europesays.com\/fr\/577923\/"},"modified":"2025-12-04T16:30:22","modified_gmt":"2025-12-04T16:30:22","slug":"accident-mortel-a-ales-ce-que-lon-sait-du-resultat-des-autopsies-des-trois-jeunes-et-des-premieres-analyses-toxicologiques","status":"publish","type":"post","link":"https:\/\/www.europesays.com\/fr\/577923\/","title":{"rendered":"Accident mortel \u00e0 Al\u00e8s\u00a0: ce que l\u2019on sait du r\u00e9sultat des autopsies des trois jeunes et des premi\u00e8res analyses toxicologiques"},"content":{"rendered":"<p>\n                                                                Des informations viennent de parvenir, dans l\u2019apr\u00e8s-midi de ce jeudi 4\u00a0d\u00e9cembre, aux services du parquet du tribunal judiciaire d\u2019Al\u00e8s, dans le Gard.\n                            <\/p>\n<p>L\u2019enqu\u00eate se poursuit concernant le terrible drame qui s\u2019est d\u00e9roul\u00e9 \u00e0 Al\u00e8s, dans le Gard, dans la nuit du mardi\u00a02 au mercredi 3\u00a0d\u00e9cembre. Pour rappel, <a href=\"https:\/\/www.midilibre.fr\/2025\/12\/03\/accident-mortel-a-ales-les-trois-jeunes-de-14-15-et-19-ans-sont-morts-noyes-dans-la-piscine-du-protoxyde-dazote-retrouve-dans-la-voiture-13088189.php\" target=\"_self\" rel=\"noopener\">trois jeunes, \u00e2g\u00e9s de 19, 15 et 14 ans, ont perdu la vie apr\u00e8s que leur voiture a termin\u00e9 sa course dans la piscine situ\u00e9e dans le jardin d\u2019une maison individuelle du quartier de Tamaris<\/a>.<\/p>\n<p>Dans la matin\u00e9e de ce jeudi 4\u00a0d\u00e9cembre, les autopsies de ces trois victimes ont\u00a0\u00e9t\u00e9 r\u00e9alis\u00e9es dans les locaux de l\u2019institut m\u00e9dico-l\u00e9gal de N\u00eemes. Selon Abdelkrim Grini, le procureur de la R\u00e9publique d\u2019Al\u00e8s, il appara\u00eet que tous les trois sont bel et bien d\u00e9c\u00e9d\u00e9s des suites d\u2019une \u00ab\u00a0noyade\u00a0\u00bb, et \u00ab\u00a0non des suites d\u2019un choc\u00a0\u00bb. D\u2019ailleurs, l\u2019\u00e9tude des corps \u00ab\u00a0ne fait \u00e9tat d\u2019aucune fracture\u00a0\u00bb. Le repr\u00e9sentant du minist\u00e8re public fait d\u2019ailleurs remarquer que \u00ab\u00a0les airbags de la voiture ne se sont pas d\u00e9clench\u00e9s\u00a0\u00bb\u2026<\/p>\n<p>Des analyses toxicologiques sur deux des trois jeunes<\/p>\n<p>Dans le m\u00eame temps, les premiers retours des analyses toxicologiques r\u00e9alis\u00e9es sur les d\u00e9pouilles de ces jeunes gens sont parvenus aupr\u00e8s des services du parquet. Celles-ci ont \u00e9t\u00e9 men\u00e9es sur la\u00a0plus \u00e2g\u00e9e des victimes et la cadette, qui \u00e9taient visiblement \u00ab\u00a0toutes les deux \u00e0 l\u2019avant du v\u00e9hicule\u00a0\u00bb. Mais, pr\u00e9cise Abdelkrim Grini, \u00ab\u00a0\u00e0 cette heure, on ne sait pas encore qui conduisait\u00a0\u00bb. Au regard des r\u00e9sultats, la personne \u00e2g\u00e9e de 19 ans \u00e9tait positive \u00e0 l\u2019alcool et au cannabis. En revanche, les analyses men\u00e9es sur\u00a0l\u2019adolescent \u00e2g\u00e9 de 14 ans se sont av\u00e9r\u00e9es n\u00e9gatives.<\/p>\n<p>Les enqu\u00eateurs sont\u00a0toujours dans l\u2019attente du r\u00e9sultat des analyses li\u00e9es \u00e0 la consommation de coca\u00efne et d\u2019amph\u00e9tamines\u2026<\/p>\n","protected":false},"excerpt":{"rendered":"Des informations viennent de parvenir, dans l\u2019apr\u00e8s-midi de ce jeudi 4\u00a0d\u00e9cembre, aux services du parquet du tribunal judiciaire&hellip;\n","protected":false},"author":2,"featured_media":577924,"comment_status":"","ping_status":"","sticky":false,"template":"","format":"standard","meta":{"footnotes":""},"categories":[4],"tags":[11,2678,118,1011,27,2679,12,25],"class_list":{"0":"post-577923","1":"post","2":"type-post","3":"status-publish","4":"format-standard","5":"has-post-thumbnail","7":"category-france","8":"tag-actualites","9":"tag-ales","10":"tag-faits-divers","11":"tag-fr","12":"tag-france","13":"tag-gard","14":"tag-news","15":"tag-republique-francaise"},"share_on_mastodon":{"url":"https:\/\/pubeurope.com\/@fr\/115662253151208182","error":""},"_links":{"self":[{"href":"https:\/\/www.europesays.com\/fr\/wp-json\/wp\/v2\/posts\/577923","targetHints":{"allow":["GET"]}}],"collection":[{"href":"https:\/\/www.europesays.com\/fr\/wp-json\/wp\/v2\/posts"}],"about":[{"href":"https:\/\/www.europesays.com\/fr\/wp-json\/wp\/v2\/types\/post"}],"author":[{"embeddable":true,"href":"https:\/\/www.europesays.com\/fr\/wp-json\/wp\/v2\/users\/2"}],"replies":[{"embeddable":true,"href":"https:\/\/www.europesays.com\/fr\/wp-json\/wp\/v2\/comments?post=577923"}],"version-history":[{"count":0,"href":"https:\/\/www.europesays.com\/fr\/wp-json\/wp\/v2\/posts\/577923\/revisions"}],"wp:featuredmedia":[{"embeddable":true,"href":"https:\/\/www.europesays.com\/fr\/wp-json\/wp\/v2\/media\/577924"}],"wp:attachment":[{"href":"https:\/\/www.europesays.com\/fr\/wp-json\/wp\/v2\/media?parent=577923"}],"wp:term":[{"taxonomy":"category","embeddable":true,"href":"https:\/\/www.europesays.com\/fr\/wp-json\/wp\/v2\/categories?post=577923"},{"taxonomy":"post_tag","embeddable":true,"href":"https:\/\/www.europesays.com\/fr\/wp-json\/wp\/v2\/tags?post=577923"}],"curies":[{"name":"wp","href":"https:\/\/api.w.org\/{rel}","templated":true}]}}