{"id":577939,"date":"2025-12-04T16:40:19","date_gmt":"2025-12-04T16:40:19","guid":{"rendered":"https:\/\/www.europesays.com\/fr\/577939\/"},"modified":"2025-12-04T16:40:19","modified_gmt":"2025-12-04T16:40:19","slug":"les-benevoles-du-ccff-de-castelnau-le-lez-ont-parcouru-7123km-en-50-jours","status":"publish","type":"post","link":"https:\/\/www.europesays.com\/fr\/577939\/","title":{"rendered":"les b\u00e9n\u00e9voles du CCFF de Castelnau-le-Lez ont parcouru 7123km en 50 jours"},"content":{"rendered":"<p>                    Par<br \/>\n        <strong><br \/>\n            <a href=\"https:\/\/actu.fr\/auteur\/jm-aubert\" title=\"Consulter tous les articles de Jean-Marc Aubert\" target=\"_blank\" rel=\"noopener\">Jean-Marc Aubert<\/a><br \/>\n                    <\/strong><\/p>\n<p>        Publi\u00e9 le<\/p>\n<p>            4 d\u00e9c. 2025 \u00e0 17h36        <\/p>\n<p>C\u2019est l\u2019heure du bilan pour les b\u00e9n\u00e9voles du <strong>comit\u00e9 communal feux de for\u00eats<\/strong> -CCFF- de <strong>Castelnau-le-Lez<\/strong>. Aux portes nord-est de Montpellier, ils ont parcouru durant l\u2019\u00e9t\u00e9 2025 quelque\u00a0<strong>7123km en 50 jours.<\/strong> Mais encore\u2026<\/p>\n<p class=\" wall-content\">Le nombre d\u2019heures de patrouille des 25 b\u00e9n\u00e9voles engag\u00e9s \u00e0 bord des v\u00e9hicules de dotation Kangoo et du quad s\u2019\u00e9l\u00e8ve \u00e0 381 heures, avec treize interventions, onze dans la commune de Castelnau et deux dans des villes voisines. Ils ont apport\u00e9 appui aux gendarmes et aux policiers municipaux et assistance \u00e0 un administr\u00e9. Ils ont guid\u00e9 les sapeurs-pompiers du <strong>Sdis 34<\/strong> lors de deux feux de v\u00e9g\u00e9tation et ont r\u00e9alis\u00e9 six surveillances apr\u00e8s extinction de ces incendies.<\/p>\n<p class=\" wall-content\">La mission pr\u00e9ventive chaque \u00e9t\u00e9 depuis la cr\u00e9ation du CCFF a eu un impact aupr\u00e8s de 761 personnes, notamment celles qui prom\u00e8nent en for\u00eat et dont certaines ont tendant \u00e0 allumer des feux de camp en zones bois\u00e9es et \u00e0 jeter leurs m\u00e9gots de cigarettes dans les broussailles s\u00e8ches.<\/p>\n<p>    <img   decoding=\"async\" loading=\"lazy\" src=\"https:\/\/www.europesays.com\/fr\/wp-content\/uploads\/2025\/12\/0-3-960x640.jpeg\" alt=\"Le Tango du CCFF de Castelnau-le-Lez en patrouille champ\u00eatre\" width=\"960\" height=\"640\"\/><br \/>\n    Le Tango du CCFF de Castelnau-le-Lez en patrouille champ\u00eatre (\u00a9CCFF Castelnau-le-Lez)<\/p>\n<p class=\" wall-content\">Munis de jumelles, entre 10 et 25 femmes et hommes en tenue orange ont assur\u00e9 une veille au point haut de Castelnau-le-Lez, et dans les 19 jours de pr\u00e9sence et 70 heures de surveillance, ils ont d\u00e9tect\u00e9 six fum\u00e9es suspectes, dont trois \u00e9taient des d\u00e9parts de feu, avec signalement au Sdis 34.<\/p>\n<p>Vid\u00e9os : en ce moment sur Actu<br \/>\n    <img   decoding=\"async\" loading=\"lazy\" src=\"https:\/\/www.europesays.com\/fr\/wp-content\/uploads\/2025\/12\/0-4-960x640.jpeg\" alt=\"Deux b\u00e9n\u00e9voles du CCFF en patrouille p\u00e9destre pr\u00e9ventive \" width=\"960\" height=\"640\"\/><br \/>\n    Deux b\u00e9n\u00e9voles du CCFF en patrouille p\u00e9destre pr\u00e9ventive (\u00a9CCFF Castelnau-le-Lez)<\/p>\n<p class=\" wall-content\">Le CCFF a \u00e9galement assur\u00e9 onze services sur des manifestations : huit pour un festival, des courses p\u00e9destres, des d\u00e9broussailles, deux pour s\u00e9curiser des feux d\u2019artifice et une pr\u00e9sence au Forum des associations. Encore une saison estivale bien remplie pour ces b\u00e9n\u00e9voles castelnauviens que le maire, Fr\u00e9d\u00e9ric Lafforgue et les \u00e9lus ne vont pas manquer de remercier lors d\u2019une r\u00e9ception.<\/p>\n<p class=\" wall-content\">Personnalisez votre actualit\u00e9 en ajoutant vos villes et m\u00e9dias en favori avec <a href=\"https:\/\/moncompte.actu.fr\" title=\"D\u00e9couvez Mon Actu\" rel=\"nofollow noopener\" data-trk=\"{&quot;cta&quot;:{&quot;action&quot;:&quot;https:\\\/\\\/moncompte.actu.fr&quot;,&quot;category&quot;:&quot;mon compte&quot;,&quot;from&quot;:&quot;article footer&quot;,&quot;name&quot;:&quot;Mon actu&quot;,&quot;type&quot;:&quot;cta&quot;}}\" target=\"_blank\">Mon Actu<\/a>.<\/p>\n","protected":false},"excerpt":{"rendered":"Par Jean-Marc Aubert Publi\u00e9 le 4 d\u00e9c. 2025 \u00e0 17h36 C\u2019est l\u2019heure du bilan pour les b\u00e9n\u00e9voles du&hellip;\n","protected":false},"author":2,"featured_media":577940,"comment_status":"","ping_status":"","sticky":false,"template":"","format":"standard","meta":{"footnotes":""},"categories":[9599],"tags":[1111,11,1777,674,118,1011,27,3381,1310,2208,12,2680,1311,25],"class_list":{"0":"post-577939","1":"post","2":"type-post","3":"status-publish","4":"format-standard","5":"has-post-thumbnail","7":"category-montpellier","8":"tag-actu","9":"tag-actualites","10":"tag-eu","11":"tag-europe","12":"tag-faits-divers","13":"tag-fr","14":"tag-france","15":"tag-gendarmerie","16":"tag-incendie","17":"tag-montpellier","18":"tag-news","19":"tag-occitanie","20":"tag-pompiers","21":"tag-republique-francaise"},"share_on_mastodon":{"url":"https:\/\/pubeurope.com\/@fr\/115662293989129432","error":""},"_links":{"self":[{"href":"https:\/\/www.europesays.com\/fr\/wp-json\/wp\/v2\/posts\/577939","targetHints":{"allow":["GET"]}}],"collection":[{"href":"https:\/\/www.europesays.com\/fr\/wp-json\/wp\/v2\/posts"}],"about":[{"href":"https:\/\/www.europesays.com\/fr\/wp-json\/wp\/v2\/types\/post"}],"author":[{"embeddable":true,"href":"https:\/\/www.europesays.com\/fr\/wp-json\/wp\/v2\/users\/2"}],"replies":[{"embeddable":true,"href":"https:\/\/www.europesays.com\/fr\/wp-json\/wp\/v2\/comments?post=577939"}],"version-history":[{"count":0,"href":"https:\/\/www.europesays.com\/fr\/wp-json\/wp\/v2\/posts\/577939\/revisions"}],"wp:featuredmedia":[{"embeddable":true,"href":"https:\/\/www.europesays.com\/fr\/wp-json\/wp\/v2\/media\/577940"}],"wp:attachment":[{"href":"https:\/\/www.europesays.com\/fr\/wp-json\/wp\/v2\/media?parent=577939"}],"wp:term":[{"taxonomy":"category","embeddable":true,"href":"https:\/\/www.europesays.com\/fr\/wp-json\/wp\/v2\/categories?post=577939"},{"taxonomy":"post_tag","embeddable":true,"href":"https:\/\/www.europesays.com\/fr\/wp-json\/wp\/v2\/tags?post=577939"}],"curies":[{"name":"wp","href":"https:\/\/api.w.org\/{rel}","templated":true}]}}