{"id":577961,"date":"2025-12-04T16:54:25","date_gmt":"2025-12-04T16:54:25","guid":{"rendered":"https:\/\/www.europesays.com\/fr\/577961\/"},"modified":"2025-12-04T16:54:25","modified_gmt":"2025-12-04T16:54:25","slug":"un-camion-se-renverse-dans-le-fosse-en-loire-atlantique-le-conducteur-blesse-est-pris-en-charge","status":"publish","type":"post","link":"https:\/\/www.europesays.com\/fr\/577961\/","title":{"rendered":"Un camion se renverse dans le foss\u00e9 en Loire-Atlantique\u00a0: le conducteur bless\u00e9 est pris en charge"},"content":{"rendered":"<p>Un camion de type toupie a d\u00e9vi\u00e9 de sa trajectoire, jeudi 4\u00a0d\u00e9cembre, vers 10\u00a0h\u00a028, dans le vignoble de Nantes. Il s\u2019est renvers\u00e9 dans le foss\u00e9, pi\u00e9geant le conducteur dans l\u2019habitacle.<\/p>\n<p>Les secours interviennent en ce moment au lieu-dit le Guibreteau, sur la route D117, entre Geneston et Saint-Philbert-de-Grandlieu. Le chauffeur a d\u00fb \u00eatre d\u00e9sincarc\u00e9r\u00e9 et serait gravement bless\u00e9.<\/p>\n<p>Vingt pompiers sont sur place avec plusieurs v\u00e9hicules de secours, dont une ambulance, ainsi que les gendames et la Direction interd\u00e9partementale des routes Ouest.<\/p>\n<p>\u00a0<\/p>\n","protected":false},"excerpt":{"rendered":"Un camion de type toupie a d\u00e9vi\u00e9 de sa trajectoire, jeudi 4\u00a0d\u00e9cembre, vers 10\u00a0h\u00a028, dans le vignoble de&hellip;\n","protected":false},"author":2,"featured_media":577962,"comment_status":"","ping_status":"","sticky":false,"template":"","format":"standard","meta":{"footnotes":""},"categories":[2818],"tags":[1111,11,3916,660,17070,8057,1777,674,13367,1011,27,3047,766,12,2636,17907,23717,25,7342],"class_list":{"0":"post-577961","1":"post","2":"type-post","3":"status-publish","4":"format-standard","5":"has-post-thumbnail","7":"category-nantes","8":"tag-actu","9":"tag-actualites","10":"tag-blesse","11":"tag-camion","12":"tag-charge","13":"tag-conducteur","14":"tag-eu","15":"tag-europe","16":"tag-fosse","17":"tag-fr","18":"tag-france","19":"tag-loire-atlantique","20":"tag-nantes","21":"tag-news","22":"tag-pays-de-la-loire","23":"tag-pris","24":"tag-renverse","25":"tag-republique-francaise","26":"tag-secours"},"share_on_mastodon":{"url":"https:\/\/pubeurope.com\/@fr\/115662347662459042","error":""},"_links":{"self":[{"href":"https:\/\/www.europesays.com\/fr\/wp-json\/wp\/v2\/posts\/577961","targetHints":{"allow":["GET"]}}],"collection":[{"href":"https:\/\/www.europesays.com\/fr\/wp-json\/wp\/v2\/posts"}],"about":[{"href":"https:\/\/www.europesays.com\/fr\/wp-json\/wp\/v2\/types\/post"}],"author":[{"embeddable":true,"href":"https:\/\/www.europesays.com\/fr\/wp-json\/wp\/v2\/users\/2"}],"replies":[{"embeddable":true,"href":"https:\/\/www.europesays.com\/fr\/wp-json\/wp\/v2\/comments?post=577961"}],"version-history":[{"count":0,"href":"https:\/\/www.europesays.com\/fr\/wp-json\/wp\/v2\/posts\/577961\/revisions"}],"wp:featuredmedia":[{"embeddable":true,"href":"https:\/\/www.europesays.com\/fr\/wp-json\/wp\/v2\/media\/577962"}],"wp:attachment":[{"href":"https:\/\/www.europesays.com\/fr\/wp-json\/wp\/v2\/media?parent=577961"}],"wp:term":[{"taxonomy":"category","embeddable":true,"href":"https:\/\/www.europesays.com\/fr\/wp-json\/wp\/v2\/categories?post=577961"},{"taxonomy":"post_tag","embeddable":true,"href":"https:\/\/www.europesays.com\/fr\/wp-json\/wp\/v2\/tags?post=577961"}],"curies":[{"name":"wp","href":"https:\/\/api.w.org\/{rel}","templated":true}]}}