{"id":577973,"date":"2025-12-04T17:00:20","date_gmt":"2025-12-04T17:00:20","guid":{"rendered":"https:\/\/www.europesays.com\/fr\/577973\/"},"modified":"2025-12-04T17:00:20","modified_gmt":"2025-12-04T17:00:20","slug":"un-marche-de-noel-xxl-pendant-3-week-ends","status":"publish","type":"post","link":"https:\/\/www.europesays.com\/fr\/577973\/","title":{"rendered":"un march\u00e9 de No\u00ebl XXL pendant 3 week-ends"},"content":{"rendered":"<p>                    Par<br \/>\n        <strong><br \/>\n            <a href=\"https:\/\/actu.fr\/auteur\/hervine-mahaud\" title=\"Consulter tous les articles de Hervine Mahaud\" target=\"_blank\" rel=\"noopener\">Hervine Mahaud<\/a><br \/>\n                    <\/strong><\/p>\n<p>        Publi\u00e9 le<\/p>\n<p>            4 d\u00e9c. 2025 \u00e0 17h40        <\/p>\n<p>Durant trois week-ends, du 6 au 21 d\u00e9cembre 2025, <b>La Maillerie<\/b>, situ\u00e9e \u00e0 la fronti\u00e8re de <a href=\"https:\/\/actu.fr\/hauts-de-france\/villeneuve-d-ascq_59009\" target=\"_blank\" rel=\"noopener\">Villeneuve-d\u2019Ascq<\/a> et <a href=\"https:\/\/actu.fr\/hauts-de-france\/croix_59163\" target=\"_blank\" rel=\"noopener\">Croix<\/a> dans la <a href=\"https:\/\/actu.fr\/lille\/\" target=\"_blank\" rel=\"noopener\">m\u00e9tropole de Lille<\/a>, se m\u00e9tamorphose pour accueillir un \u00e9v\u00e9nement de fin d\u2019ann\u00e9e qui bouscule les codes. Pens\u00e9 comme une <b>alternative moderne, cr\u00e9ative et chaleureuse<\/b> aux <b>march\u00e9s de No\u00ebl traditionnels<\/b>, \u00ab\u00a0Le No\u00ebl de la Maillerie\u00a0\u00bb r\u00e9unit <b>trois univers compl\u00e9mentaires<\/b> imagin\u00e9s par <b>Grand Playground<\/b>, <b>Palomano<\/b> et la <b>Halle Gourmande<\/b>.<\/p>\n<p>Un No\u00ebl cr\u00e9atif et immersif<\/p>\n<p class=\" wall-content\">Cette \u00e9dition repose sur un concept in\u00e9dit : proposer une exp\u00e9rience globale m\u00ealant <b>shopping, animations et gastronomie<\/b> dans un d\u00e9cor pop et contemporain.<\/p>\n<p class=\" wall-content\"><a href=\"https:\/\/www.instagram.com\/grandplayground\/p\/DRAPpizCBj4\/embed\" title=\"Ouvrir le lien sur Instagram\" target=\"_blank\" rel=\"noopener\">Visualiser le contenu sur Instagram<\/a><\/p>\n<p class=\" wall-content\">Au c\u0153ur de l\u2019\u00e9v\u00e9nement, le <a href=\"https:\/\/actu.fr\/hauts-de-france\/lille_59350\/le-grand-playground-quitte-les-tanneurs-a-lille-voici-ou-il-va-s-installer_56456395.html\" target=\"_blank\" rel=\"noopener\">Grand Playground<\/a> installe Playground Land, un <b>vaste march\u00e9 cr\u00e9atif<\/b> qui accueillera, sur trois week-ends successifs, <b>180 marques, cr\u00e9ateurs, artisans et artistes<\/b>. Mode, accessoires, d\u00e9coration, illustration, bijoux ou encore pi\u00e8ces uniques : le lieu devient un v\u00e9ritable QG des cadeaux, enti\u00e8rement sc\u00e9nographi\u00e9 pour l\u2019occasion.<\/p>\n<p class=\" wall-content\"><a href=\"https:\/\/www.instagram.com\/p\/DRuggkAiAO4\/embed\" title=\"Ouvrir le lien sur Instagram\" target=\"_blank\" rel=\"noopener\">Visualiser le contenu sur Instagram<\/a><\/p>\n<p class=\" wall-content\">Chaque week-end, une nouvelle s\u00e9lection de 60 cr\u00e9ateurs prend place, faisant de Playground Land l\u2019un des plus grands march\u00e9s cr\u00e9atifs de la m\u00e9tropole et une destination id\u00e9ale pour d\u00e9nicher des pr\u00e9sents originaux.<\/p>\n<p>Une ville enchant\u00e9e pour les enfants<\/p>\n<p class=\" wall-content\">\u00c0 quelques pas de l\u00e0, <a href=\"https:\/\/actu.fr\/hauts-de-france\/villeneuve-d-ascq_59009\/decouvrez-palomano-le-parc-de-jeux-pour-les-enfants-et-les-parents-qui-ouvre-a-villeneuve-dascq_62781849.html\" target=\"_blank\" rel=\"noopener\">Palomano<\/a> se transforme en une <b>mini-ville f\u00e9\u00e9rique<\/b> o\u00f9 les familles sont invit\u00e9es \u00e0 vivre une immersion totale. D\u00e9corations lumineuses, ambiance chaude et hivernale, parcours de sapins et <b>photobooth g\u00e9ant<\/b> donnent le ton d\u00e8s l\u2019entr\u00e9e.<\/p>\n<p class=\" wall-content\">L\u2019espace proposera \u00e9galement de nombreux ateliers cr\u00e9atifs et activit\u00e9s ludiques pour les enfants. Le point d\u2019orgue sera atteint les 20 et 21 d\u00e9cembre avec Palo-No\u00ebl, une <b>aventure immersive o\u00f9 les jouets du P\u00e8re No\u00ebl prennent vie<\/b>, ponctu\u00e9e d\u2019animations in\u00e9dites, d\u2019un d\u00e9fil\u00e9 musical et d\u2019une rencontre avec le P\u00e8re No\u00ebl.<\/p>\n<p>La Halle Gourmande, en version Refuge de No\u00ebl<\/p>\n<p class=\" wall-content\">Pour compl\u00e9ter l\u2019exp\u00e9rience, la Halle Gourmande revisite ses restaurants et propose une carte sp\u00e9cialement pens\u00e9e pour la saison. <b>Plats d\u2019hiver, douceurs, recettes r\u00e9confortantes et vins chauds<\/b> rythmeront ces trois week-ends de festivit\u00e9s. L\u2019espace se muera en refuge convivial, avec des pauses gourmandes, des moments de d\u00e9tente et des soir\u00e9es festives.<\/p>\n<p>Votre r\u00e9gion, votre actu !<\/p>\n<p>Recevez chaque jour les infos qui comptent pour vous.<\/p>\n<p>\t<a href=\"https:\/\/actu.fr\/newsletter\" class=\"ac-btn ac-btn--corner ac-btn--medium ac-btn--blue800\" target=\"_blank\" rel=\"noopener\">S&rsquo;incrire<\/a><br \/>\nTrois week-ends d\u2019animations<\/p>\n<p class=\" wall-content\">Le No\u00ebl de La Maillerie se d\u00e9roulera sur trois temps forts : les 6, 7 et 8 d\u00e9cembre ; les 13, 14 et 15 d\u00e9cembre ; puis les 20 et 21 d\u00e9cembre. <b>L\u2019acc\u00e8s est libre et gratuit<\/b>, avec un parking sur place et un acc\u00e8s facilit\u00e9 par le m\u00e9tro (ligne 2, stations Jean-Jaur\u00e8s ou Croix Centre).<\/p>\n<p class=\" wall-content\">Avec son march\u00e9 cr\u00e9atif XXL, sa ville f\u00e9erique pour enfants et son refuge gourmand, La Maillerie propose un march\u00e9 de No\u00ebl moderne et loin des clich\u00e9s.<\/p>\n<p class=\" wall-content\">Personnalisez votre actualit\u00e9 en ajoutant vos villes et m\u00e9dias en favori avec <a href=\"https:\/\/moncompte.actu.fr\" title=\"D\u00e9couvez Mon Actu\" rel=\"nofollow noopener\" data-trk=\"{&quot;cta&quot;:{&quot;action&quot;:&quot;https:\\\/\\\/moncompte.actu.fr&quot;,&quot;category&quot;:&quot;mon compte&quot;,&quot;from&quot;:&quot;article footer&quot;,&quot;name&quot;:&quot;Mon actu&quot;,&quot;type&quot;:&quot;cta&quot;}}\" target=\"_blank\">Mon Actu<\/a>.<\/p>\n<p>                    <script async src=\"\/\/www.instagram.com\/embed.js\"><\/script><\/p>\n","protected":false},"excerpt":{"rendered":"Par Hervine Mahaud Publi\u00e9 le 4 d\u00e9c. 2025 \u00e0 17h40 Durant trois week-ends, du 6 au 21 d\u00e9cembre&hellip;\n","protected":false},"author":2,"featured_media":577974,"comment_status":"","ping_status":"","sticky":false,"template":"","format":"standard","meta":{"footnotes":""},"categories":[2815],"tags":[1111,11,6557,1777,674,1011,27,811,1307,1652,12,15830,25],"class_list":{"0":"post-577973","1":"post","2":"type-post","3":"status-publish","4":"format-standard","5":"has-post-thumbnail","7":"category-lille","8":"tag-actu","9":"tag-actualites","10":"tag-bon-plan-a-lille","11":"tag-eu","12":"tag-europe","13":"tag-fr","14":"tag-france","15":"tag-hauts-de-france","16":"tag-lille","17":"tag-loisirs-culture","18":"tag-news","19":"tag-noel","20":"tag-republique-francaise"},"share_on_mastodon":{"url":"https:\/\/pubeurope.com\/@fr\/115662371381516627","error":""},"_links":{"self":[{"href":"https:\/\/www.europesays.com\/fr\/wp-json\/wp\/v2\/posts\/577973","targetHints":{"allow":["GET"]}}],"collection":[{"href":"https:\/\/www.europesays.com\/fr\/wp-json\/wp\/v2\/posts"}],"about":[{"href":"https:\/\/www.europesays.com\/fr\/wp-json\/wp\/v2\/types\/post"}],"author":[{"embeddable":true,"href":"https:\/\/www.europesays.com\/fr\/wp-json\/wp\/v2\/users\/2"}],"replies":[{"embeddable":true,"href":"https:\/\/www.europesays.com\/fr\/wp-json\/wp\/v2\/comments?post=577973"}],"version-history":[{"count":0,"href":"https:\/\/www.europesays.com\/fr\/wp-json\/wp\/v2\/posts\/577973\/revisions"}],"wp:featuredmedia":[{"embeddable":true,"href":"https:\/\/www.europesays.com\/fr\/wp-json\/wp\/v2\/media\/577974"}],"wp:attachment":[{"href":"https:\/\/www.europesays.com\/fr\/wp-json\/wp\/v2\/media?parent=577973"}],"wp:term":[{"taxonomy":"category","embeddable":true,"href":"https:\/\/www.europesays.com\/fr\/wp-json\/wp\/v2\/categories?post=577973"},{"taxonomy":"post_tag","embeddable":true,"href":"https:\/\/www.europesays.com\/fr\/wp-json\/wp\/v2\/tags?post=577973"}],"curies":[{"name":"wp","href":"https:\/\/api.w.org\/{rel}","templated":true}]}}