{"id":577988,"date":"2025-12-04T17:09:16","date_gmt":"2025-12-04T17:09:16","guid":{"rendered":"https:\/\/www.europesays.com\/fr\/577988\/"},"modified":"2025-12-04T17:09:16","modified_gmt":"2025-12-04T17:09:16","slug":"ongles-bleus-et-pain-depices-rania-de-jordanie-entouree-de-religieuses-pour-preparer-noel","status":"publish","type":"post","link":"https:\/\/www.europesays.com\/fr\/577988\/","title":{"rendered":"Ongles bleus et pain d&rsquo;\u00e9pices, Rania de Jordanie entour\u00e9e de religieuses pour pr\u00e9parer No\u00ebl"},"content":{"rendered":"<p class=\"intro\">Elle a beau ne pas c\u00e9l\u00e9brer No\u00ebl, cela n&#8217;emp\u00eache pas Rania de Jordanie d&rsquo;avoir l&rsquo;esprit de f\u00eate. Ce mercredi, la reine s&rsquo;est rendue dans un orphelinat catholique d&rsquo;Amman pour un atelier carte de v\u0153ux et pain d&rsquo;\u00e9pices.<\/p>\n<p>Parmi les valeurs d\u00e9fendues par la famille royale de Jordanie le dialogue interreligieux tient une place importante. Le couple royal, Abdallah II et Rani, <a href=\"https:\/\/www.parismatch.com\/Royal-Blog\/en-noir-ou-en-vert-rania-de-jordanie-reine-du-style-en-italie-avec-leon-xiv-et-giorgia-meloni-258722\" target=\"_blank\" rel=\"noopener\">se rend notamment r\u00e9guli\u00e8rement au Vatican<\/a> afin d\u2019\u00e9changer avec les souverains pontifes successifs. Mais comme charit\u00e9 bien ordonn\u00e9e commence par soi-m\u00eame, ce 3\u00a0d\u00e9cembre, la reine s\u2019est rendue \u00e0 la soci\u00e9t\u00e9 de bienfaisance Mar Mansour, afin de pr\u00e9parer No\u00ebl.<\/p>\n<p>L\u2019organisation, tenue par des religieuses de la congr\u00e9gation Saint-Vincent-de-Paul, soutient les familles en difficult\u00e9 et accueille les enfants orphelins d\u2019Amman. \u00c0 leurs c\u00f4t\u00e9s, Rania a pu participer \u00e0 plusieurs ateliers de cr\u00e9ation de d\u00e9corations de No\u00ebl, aidant notamment \u00e0 la construction d\u2019une maison en pain d\u2019\u00e9pices, \u00e0 la confection de marionnettes et recevant elle-m\u00eame une jolie carte de v\u0153ux pour 2026.<\/p>\n<p>    La suite apr\u00e8s cette publicit\u00e9<\/p>\n<p>Des moments que <a href=\"https:\/\/www.parismatch.com\/royal-blog\/rania-de-jordanie-grand-mere-gaga-nouvelle-tendre-photo-avec-la-petite-iman-240658\" target=\"_blank\" rel=\"noopener\">la grand-m\u00e8re des petites Iman et Amina<\/a> a partag\u00e9s sur Instagram, \u00e9crivant que \u00ab\u00a0rien n\u2019illumine les f\u00eates autant que ces jolis sourires\u00a0\u00bb. Des images qui permettent de d\u00e9couvrir son look \u00e9tonnant, la reine ayant notamment gard\u00e9 son vernis bleu, d\u00e9j\u00e0 aper\u00e7u le 23\u00a0novembre <a href=\"https:\/\/www.parismatch.com\/Royal-Blog\/face-a-anna-wintour-rania-de-jordanie-etonne-avec-son-look-xxl-et-ses-ongles-bleus-260581\" target=\"_blank\" rel=\"noopener\">lors de sa visite au Qatar<\/a>. Le reste de sa tenue \u00e9tait cependant nettement plus classique.<\/p>\n<p>    La suite apr\u00e8s cette publicit\u00e9<\/p>\n<p>Rania en bottines Jacquemus<\/p>\n<p><a href=\"https:\/\/www.parismatch.com\/royal-blog\/classement-les-reines-et-princesses-les-mieux-habillees-de-2024-244644\" target=\"_blank\" rel=\"noopener\">Connue pour son \u00e9l\u00e9gance<\/a>, Rania avait cette fois-ci opt\u00e9 pour un look noir et brun, laissant son pull Rabanne orn\u00e9 de cristaux r\u00e9pandre l\u2019esprit des f\u00eates. Un habit qu\u2019elle portait sous une robe sans manches Sacai et qu\u2019elle avait compl\u00e9t\u00e9 de bottines Jacquemus.<\/p>\n<p>La reine semble de plus en plus cliente du cr\u00e9ateur fran\u00e7ais dont elle a notamment port\u00e9 l\u2019une des ceintures au mois de septembre, afin d\u2019aller <a href=\"https:\/\/www.parismatch.com\/Royal-Blog\/a-new-york-rania-de-jordanie-et-melania-trump-unissent-leurs-forces-257531\" target=\"_blank\" rel=\"noopener\">retrouver Melania Trump<\/a> au Sommet de l\u2019ONU, \u00e0 New York.<\/p>\n","protected":false},"excerpt":{"rendered":"Elle a beau ne pas c\u00e9l\u00e9brer No\u00ebl, cela n&#8217;emp\u00eache pas Rania de Jordanie d&rsquo;avoir l&rsquo;esprit de f\u00eate. Ce&hellip;\n","protected":false},"author":2,"featured_media":577989,"comment_status":"","ping_status":"","sticky":false,"template":"","format":"standard","meta":{"footnotes":""},"categories":[1888],"tags":[1111,1928,11,1927,1777,674,1011,27,12,1926,626,1925,25],"class_list":{"0":"post-577988","1":"post","2":"type-post","3":"status-publish","4":"format-standard","5":"has-post-thumbnail","7":"category-paris","8":"tag-actu","9":"tag-actu-paris","10":"tag-actualites","11":"tag-actualites-paris","12":"tag-eu","13":"tag-europe","14":"tag-fr","15":"tag-france","16":"tag-news","17":"tag-news-paris","18":"tag-paris","19":"tag-paris-news","20":"tag-republique-francaise"},"share_on_mastodon":{"url":"https:\/\/pubeurope.com\/@fr\/115662406832853121","error":""},"_links":{"self":[{"href":"https:\/\/www.europesays.com\/fr\/wp-json\/wp\/v2\/posts\/577988","targetHints":{"allow":["GET"]}}],"collection":[{"href":"https:\/\/www.europesays.com\/fr\/wp-json\/wp\/v2\/posts"}],"about":[{"href":"https:\/\/www.europesays.com\/fr\/wp-json\/wp\/v2\/types\/post"}],"author":[{"embeddable":true,"href":"https:\/\/www.europesays.com\/fr\/wp-json\/wp\/v2\/users\/2"}],"replies":[{"embeddable":true,"href":"https:\/\/www.europesays.com\/fr\/wp-json\/wp\/v2\/comments?post=577988"}],"version-history":[{"count":0,"href":"https:\/\/www.europesays.com\/fr\/wp-json\/wp\/v2\/posts\/577988\/revisions"}],"wp:featuredmedia":[{"embeddable":true,"href":"https:\/\/www.europesays.com\/fr\/wp-json\/wp\/v2\/media\/577989"}],"wp:attachment":[{"href":"https:\/\/www.europesays.com\/fr\/wp-json\/wp\/v2\/media?parent=577988"}],"wp:term":[{"taxonomy":"category","embeddable":true,"href":"https:\/\/www.europesays.com\/fr\/wp-json\/wp\/v2\/categories?post=577988"},{"taxonomy":"post_tag","embeddable":true,"href":"https:\/\/www.europesays.com\/fr\/wp-json\/wp\/v2\/tags?post=577988"}],"curies":[{"name":"wp","href":"https:\/\/api.w.org\/{rel}","templated":true}]}}