{"id":578001,"date":"2025-12-04T17:16:18","date_gmt":"2025-12-04T17:16:18","guid":{"rendered":"https:\/\/www.europesays.com\/fr\/578001\/"},"modified":"2025-12-04T17:16:18","modified_gmt":"2025-12-04T17:16:18","slug":"allemagne-le-mouvement-de-jeunesse-du-camp-conservateur-vent-debout-contre-la-reforme-des-retraites","status":"publish","type":"post","link":"https:\/\/www.europesays.com\/fr\/578001\/","title":{"rendered":"Allemagne: le mouvement de jeunesse du camp conservateur vent debout contre la r\u00e9forme des retraites"},"content":{"rendered":"<p class=\"mb-4 text-lg md:leading-8 break-words\">Avec notre correspondante \u00e0 Berlin, <strong>Nathalie Versieux <\/strong><\/p>\n<p class=\"mb-4 text-lg md:leading-8 break-words\">En <a href=\"https:\/\/www.rfi.fr\/fr\/tag\/allemagne\/\" rel=\"nofollow noopener\" target=\"_blank\" data-ylk=\"slk:Allemagne;elm:context_link;itc:0;sec:content-canvas\" class=\"link \"><strong>Allemagne<\/strong><\/a>, cette r\u00e9forme des retraites \u00e9tait le fruit d&rsquo;un consensus entre l&rsquo;Union chr\u00e9tienne-d\u00e9mocrate d&rsquo;Allemagne (CDU) et le Parti social-d\u00e9mocrate d&rsquo;Allemagne (SPD) au pouvoir. Des cadeaux \u00e9lectoraux trop chers, estime le mouvement de jeunesse conservateur, qui menace de ne pas voter pour le texte devant le Bundestag.<\/p>\n<p class=\"mb-4 text-lg md:leading-8 break-words\">\u00ab\u00a0C&rsquo;est une d\u00e9cision tr\u00e8s difficile pour nous tous, les jeunes, estime le\u00a0d\u00e9put\u00e9 rebelle Daniel K\u00f6lbl, du parti chr\u00e9tien d\u00e9mocrate. Nous partageons tous les m\u00eames critiques sur le fond de la r\u00e9forme des retraites, qui ne p\u00e9nalise que les jeunes g\u00e9n\u00e9rations avec plus de 100 milliards d&rsquo;euros de d\u00e9penses suppl\u00e9mentaires pour les finances publiques. Je suis d&rsquo;accord avec ces critiques. Mais d&rsquo;un autre c\u00f4t\u00e9, on a bien besoin d&rsquo;un gouvernement capable de gouverner.\u00a0\u00bb<\/p>\n<p>Une r\u00e9forme qui pourrait passer gr\u00e2ce au vote du groupe parlementaire n\u00e9o-communiste<\/p>\n<p class=\"mb-4 text-lg md:leading-8 break-words\">Le probl\u00e8me, pour le chancelier\u00a0<a href=\"https:\/\/www.rfi.fr\/fr\/tag\/friedrich-merz\/\" rel=\"nofollow noopener\" target=\"_blank\" data-ylk=\"slk:Friedrich\u00a0Merz;elm:context_link;itc:0;sec:content-canvas\" class=\"link \"><strong>Friedrich\u00a0Merz<\/strong><\/a>, est qu&rsquo;il dispose d&rsquo;une majorit\u00e9 extr\u00eamement courte, de douze d\u00e9put\u00e9s seulement au Bundestag. De quoi faire capoter le texte si les 18 rebelles mettent ce jeudi leur menace \u00e0 ex\u00e9cution.<\/p>\n<p class=\"mb-4 text-lg md:leading-8 break-words\">Pire encore pour le chancelier\u00a0: la r\u00e9forme pourrait tout de m\u00eame passer gr\u00e2ce \u00e0 un coup de pouce inattendu, celui de l&rsquo;abstention lors du vote du groupe parlementaire n\u00e9o-communiste. Un parti \u00e9pouvantail aux yeux de Friedrich\u00a0Merz, qui avait jur\u00e9 de ne jamais s&rsquo;allier ni \u00e0 l&rsquo;extr\u00eame gauche ni \u00e0 <a href=\"https:\/\/fr.news.yahoo.com\/allemagne-lafd-veut-relancer-mouvement-041437347.html\" data-ylk=\"slk:l&#039;extr\u00eame droite;elm:context_link;itc:0;sec:content-canvas;outcm:mb_qualified_link;_E:mb_qualified_link;ct:story;\" class=\"link  yahoo-link\" rel=\"nofollow noopener\" target=\"_blank\"><strong>l&rsquo;extr\u00eame droite<\/strong><\/a>.<\/p>\n<p class=\"mb-4 text-lg md:leading-8 break-words\">\u00c0 lire aussi<a href=\"https:\/\/fr.news.yahoo.com\/lallemagne-vote-budget-2026-hors-052246461.html\" class=\"link  yahoo-link\" data-ylk=\"slk:L&#039;Allemagne vote un budget 2026 hors norme marqu\u00e9 par l&#039;abandon de son habituelle rigueur budg\u00e9taire;elm:context_link;itc:0;sec:content-canvas;outcm:mb_qualified_link;_E:mb_qualified_link;ct:story;\" rel=\"nofollow noopener\" target=\"_blank\">L&rsquo;Allemagne vote un budget 2026 hors norme marqu\u00e9 par l&rsquo;abandon de son habituelle rigueur budg\u00e9taire<\/a><\/p>\n","protected":false},"excerpt":{"rendered":"Avec notre correspondante \u00e0 Berlin, Nathalie Versieux En Allemagne, cette r\u00e9forme des retraites \u00e9tait le fruit d&rsquo;un consensus&hellip;\n","protected":false},"author":2,"featured_media":578002,"comment_status":"","ping_status":"","sticky":false,"template":"","format":"standard","meta":{"footnotes":""},"categories":[1587],"tags":[11,672,1804,69229,1805,1803,1777,674,4710,1801,69230,12,11036,1802],"class_list":{"0":"post-578001","1":"post","2":"type-post","3":"status-publish","4":"format-standard","5":"has-post-thumbnail","7":"category-allemagne","8":"tag-actualites","9":"tag-allemagne","10":"tag-bundesrepublik-deutschland","11":"tag-d39allemagne","12":"tag-de","13":"tag-deutschland","14":"tag-eu","15":"tag-europe","16":"tag-friedrich-merz","17":"tag-germany","18":"tag-mouvement-de-jeunesse","19":"tag-news","20":"tag-reforme-des-retraites","21":"tag-republique-federale-dallemagne"},"share_on_mastodon":{"url":"https:\/\/pubeurope.com\/@fr\/115662434138578069","error":""},"_links":{"self":[{"href":"https:\/\/www.europesays.com\/fr\/wp-json\/wp\/v2\/posts\/578001","targetHints":{"allow":["GET"]}}],"collection":[{"href":"https:\/\/www.europesays.com\/fr\/wp-json\/wp\/v2\/posts"}],"about":[{"href":"https:\/\/www.europesays.com\/fr\/wp-json\/wp\/v2\/types\/post"}],"author":[{"embeddable":true,"href":"https:\/\/www.europesays.com\/fr\/wp-json\/wp\/v2\/users\/2"}],"replies":[{"embeddable":true,"href":"https:\/\/www.europesays.com\/fr\/wp-json\/wp\/v2\/comments?post=578001"}],"version-history":[{"count":0,"href":"https:\/\/www.europesays.com\/fr\/wp-json\/wp\/v2\/posts\/578001\/revisions"}],"wp:featuredmedia":[{"embeddable":true,"href":"https:\/\/www.europesays.com\/fr\/wp-json\/wp\/v2\/media\/578002"}],"wp:attachment":[{"href":"https:\/\/www.europesays.com\/fr\/wp-json\/wp\/v2\/media?parent=578001"}],"wp:term":[{"taxonomy":"category","embeddable":true,"href":"https:\/\/www.europesays.com\/fr\/wp-json\/wp\/v2\/categories?post=578001"},{"taxonomy":"post_tag","embeddable":true,"href":"https:\/\/www.europesays.com\/fr\/wp-json\/wp\/v2\/tags?post=578001"}],"curies":[{"name":"wp","href":"https:\/\/api.w.org\/{rel}","templated":true}]}}