{"id":578003,"date":"2025-12-04T17:17:14","date_gmt":"2025-12-04T17:17:14","guid":{"rendered":"https:\/\/www.europesays.com\/fr\/578003\/"},"modified":"2025-12-04T17:17:14","modified_gmt":"2025-12-04T17:17:14","slug":"aujourdhui-dans-24h-pujadas-international-ukraine-leurope-au-pied-du-mur","status":"publish","type":"post","link":"https:\/\/www.europesays.com\/fr\/578003\/","title":{"rendered":"Aujourd&rsquo;hui dans 24H Pujadas : International &#8211; Ukraine : l&rsquo;Europe au pied du mur"},"content":{"rendered":"<ul class=\"jsx-862013697 ArticleChapo__List\">\n<li class=\"jsx-862013697 ArticleChapo__List_Item flex\">REPLAY 24H : Au sommaire du jeudi 4 d\u00e9cembre  2025 : International &#8211; Ukraine : l&rsquo;Europe au pied du mur. Social &#8211; Ce que r\u00e9v\u00e8le l\u2019explosion des arr\u00eats maladie. Consommation &#8211; Normes : et voil\u00e0 le thermostat connect\u00e9.<\/li>\n<\/ul>\n<p data-module=\"article-paragraph\" class=\"jsx-3046738180 Paragraph\"><strong>Le Club :\u00a0<\/strong><\/p>\n<p data-module=\"article-paragraph\" class=\"jsx-3046738180 Paragraph\">G\u00e9n\u00e9ral Trinquand &#8211; Ancien chef de la mission militaire ONU<\/p>\n<p data-module=\"article-paragraph\" class=\"jsx-3046738180 Paragraph\">Magali Barth\u00e8s &#8211; \u00c9ditorialiste international LCI<\/p>\n<p data-module=\"article-paragraph\" class=\"jsx-3046738180 Paragraph\">Jean Quatremer &#8211; Correspondant europ\u00e9en \u00e0 Lib\u00e9ration<\/p>\n<p data-module=\"article-paragraph\" class=\"jsx-3046738180 Paragraph\">Dominique Mo\u00efsi &#8211; Conseiller sp\u00e9cial \u00e0 l&rsquo;Institut Montaigne<\/p>\n<p data-module=\"article-paragraph\" class=\"jsx-3046738180 Paragraph\">Ruth Elkrief &#8211; \u00c9ditorialiste politique LCI<\/p>\n<p data-module=\"article-paragraph\" class=\"jsx-3046738180 Paragraph\">Jean Quatremer &#8211; Correspondant europ\u00e9en \u00e0 Lib\u00e9ration<\/p>\n<p data-module=\"article-paragraph\" class=\"jsx-3046738180 Paragraph\">Dominique Seux &#8211; \u00c9ditorialiste \u00e9conomique aux \u00c9chos et \u00e0 France Inter<\/p>\n<p data-module=\"article-paragraph\" class=\"jsx-3046738180 Paragraph\">Fran\u00e7ois Lenglet &#8211; \u00c9ditorialiste \u00e9conomique TF1\/LCI<\/p>\n<p data-module=\"article-paragraph\" class=\"jsx-3046738180 Paragraph Paragraph__End\">J\u00e9r\u00f4me Jaffr\u00e9 &#8211; politologue, chercheur associ\u00e9 au Cevipof et directeur du Cecop<\/p>\n<p>Marie Lourdes HERMEZ<\/p>\n","protected":false},"excerpt":{"rendered":"REPLAY 24H : Au sommaire du jeudi 4 d\u00e9cembre 2025 : International &#8211; Ukraine : l&rsquo;Europe au pied&hellip;\n","protected":false},"author":2,"featured_media":13041,"comment_status":"","ping_status":"","sticky":false,"template":"","format":"standard","meta":{"footnotes":""},"categories":[1586],"tags":[1111,5926,11,5925,1777,674,1011,27,1922,14,12,25,801],"class_list":{"0":"post-578003","1":"post","2":"type-post","3":"status-publish","4":"format-standard","5":"has-post-thumbnail","7":"category-europe","8":"tag-actu","9":"tag-actualite-international","10":"tag-actualites","11":"tag-conflits-et-guerre","12":"tag-eu","13":"tag-europe","14":"tag-fr","15":"tag-france","16":"tag-info","17":"tag-international","18":"tag-news","19":"tag-republique-francaise","20":"tag-social"},"share_on_mastodon":{"url":"https:\/\/pubeurope.com\/@fr\/115662438176210472","error":""},"_links":{"self":[{"href":"https:\/\/www.europesays.com\/fr\/wp-json\/wp\/v2\/posts\/578003","targetHints":{"allow":["GET"]}}],"collection":[{"href":"https:\/\/www.europesays.com\/fr\/wp-json\/wp\/v2\/posts"}],"about":[{"href":"https:\/\/www.europesays.com\/fr\/wp-json\/wp\/v2\/types\/post"}],"author":[{"embeddable":true,"href":"https:\/\/www.europesays.com\/fr\/wp-json\/wp\/v2\/users\/2"}],"replies":[{"embeddable":true,"href":"https:\/\/www.europesays.com\/fr\/wp-json\/wp\/v2\/comments?post=578003"}],"version-history":[{"count":0,"href":"https:\/\/www.europesays.com\/fr\/wp-json\/wp\/v2\/posts\/578003\/revisions"}],"wp:featuredmedia":[{"embeddable":true,"href":"https:\/\/www.europesays.com\/fr\/wp-json\/wp\/v2\/media\/13041"}],"wp:attachment":[{"href":"https:\/\/www.europesays.com\/fr\/wp-json\/wp\/v2\/media?parent=578003"}],"wp:term":[{"taxonomy":"category","embeddable":true,"href":"https:\/\/www.europesays.com\/fr\/wp-json\/wp\/v2\/categories?post=578003"},{"taxonomy":"post_tag","embeddable":true,"href":"https:\/\/www.europesays.com\/fr\/wp-json\/wp\/v2\/tags?post=578003"}],"curies":[{"name":"wp","href":"https:\/\/api.w.org\/{rel}","templated":true}]}}