{"id":578012,"date":"2025-12-04T17:22:16","date_gmt":"2025-12-04T17:22:16","guid":{"rendered":"https:\/\/www.europesays.com\/fr\/578012\/"},"modified":"2025-12-04T17:22:16","modified_gmt":"2025-12-04T17:22:16","slug":"lafrique-du-sud-porte-dentree-du-masters-pour-adrien-saddier","status":"publish","type":"post","link":"https:\/\/www.europesays.com\/fr\/578012\/","title":{"rendered":"L&rsquo;Afrique du Sud, porte d&rsquo;entr\u00e9e du Masters pour Adrien Saddier"},"content":{"rendered":"<p>\t\t\t\t\t\t<img width=\"770\" height=\"556\" src=\"https:\/\/www.europesays.com\/fr\/wp-content\/uploads\/2025\/11\/adrien-saddier-classement-mondial-770x556.jpg\" class=\"img-responsive wp-post-image\" alt=\"\" decoding=\"async\" fetchpriority=\"high\"  \/>\t\t\t\t\t<\/p>\n<p>\t\t\t\t\t\t Partager cet article <\/p>\n<p class=\"screen-reader-text juiz_sps_maybe_hidden_text\">Partager la publication \u00ab\u00a0L\u2019Afrique du Sud, porte d\u2019entr\u00e9e du Masters pour Adrien Saddier\u00a0\u00bb<\/p>\n<p><strong>Promu sur le PGA Tour 2026 gr\u00e2ce \u00e0 sa 9e place finale \u00e0 la Race to Duba\u00ef 2024-25 du DP World Tour, Adrien Saddier joue peut-\u00eatre d\u00e9j\u00e0 tr\u00e8s gros cette semaine en Afrique du Sud. Deuxi\u00e8me ex aequo apr\u00e8s un premier tour boucl\u00e9 en 66 (-6), le Haut-Savoyard se verrait propulser dans le top 50 mondial en cas de victoire ce dimanche \u00e0 Sun City.\u00a0<\/strong><\/p>\n<p><strong>L.V.<\/strong><\/p>\n<p>Rien de mieux que de se mettre en confiance pour son premier tournoi de la saison 2025-26 en signant une carte sans la moindre erreur. <a href=\"https:\/\/www.golfplanete.com\/actualites\/kristoffer-reitan-et-adrien-saddier-deja-tres-a-laise-en-afrique-du-sud\/\" target=\"_blank\" rel=\"noopener\">Ce 66 (-6) inaugural au Nedbank Golf Challenge<\/a> permet en effet \u00e0 <strong>Adrien Saddier<\/strong> de truster le haut du leaderboard de ce tournoi \u00e0 champ r\u00e9duit (66 joueurs) et sans cut. Deuxi\u00e8me, le Haut-Savoyard peut aussi lorgner d\u00e8s maintenant sur ce fameux top 50 mondial qui ouvre toutes les portes des plus grands tournois de la saison, notamment le <strong>Masters d\u2019Augusta<\/strong> (voir ci-dessous).<\/p>\n<blockquote data-service=\"twitter\" data-category=\"marketing\" data-placeholder-image=\"https:\/\/www.golfplanete.com\/wp-content\/plugins\/complianz-gdpr-premium\/assets\/images\/placeholders\/twitter-minimal.jpg\" class=\"cmplz-placeholder-element twitter-tweet\"><p>&#13;<\/p>\n<p dir=\"ltr\" lang=\"en\">\ud83d\udea8Top 50 <a href=\"https:\/\/twitter.com\/hashtag\/OWGR?src=hash&amp;ref_src=twsrc%5Etfw\" target=\"_blank\" rel=\"noopener\">#OWGR<\/a> end-of-year projections for <a href=\"https:\/\/twitter.com\/TheMasters?ref_src=twsrc%5Etfw\" target=\"_blank\" rel=\"noopener\">@TheMasters<\/a> qualification, based on this week\u2019s potential results. <\/p>\n<p>\u2013 green, already qualified for <a href=\"https:\/\/twitter.com\/hashtag\/TheMasters?src=hash&amp;ref_src=twsrc%5Etfw\" target=\"_blank\" rel=\"noopener\">#TheMasters<\/a><br \/>&#13;<br \/>\n\u2013 blue, playing <a href=\"https:\/\/twitter.com\/hashtag\/AusOpen?src=hash&amp;ref_src=twsrc%5Etfw\" target=\"_blank\" rel=\"noopener\">#AusOpen<\/a><br \/>&#13;<br \/>\n\u2013 orange, playing <a href=\"https:\/\/twitter.com\/hashtag\/NGC2025?src=hash&amp;ref_src=twsrc%5Etfw\" target=\"_blank\" rel=\"noopener\">#NGC2025<\/a> <br \/>&#13;<br \/>\n\u2013 purple, playing <a href=\"https:\/\/twitter.com\/hashtag\/HWC2025?src=hash&amp;ref_src=twsrc%5Etfw\" target=\"_blank\" rel=\"noopener\">#HWC2025<\/a> <a href=\"https:\/\/t.co\/YrC6w6569x\">pic.twitter.com\/YrC6w6569x<\/a><\/p>\n<p>&#13;<br \/>\n&#13;<br \/>\n\u2014 Nosferatu (@VC606) <a href=\"https:\/\/twitter.com\/VC606\/status\/1995954177214926849?ref_src=twsrc%5Etfw\" target=\"_blank\" rel=\"noopener\">December 2, 2025<\/a><\/p><\/blockquote>\n<p>&#13;<br \/>\n\u00ab Le jeu a \u00e9t\u00e9 solide aujourd\u2019hui, confie le Fran\u00e7ais \u00e0 la sortie du recording. Je n\u2019ai manqu\u00e9 que deux greens\u2026 Mon jeu de fers est plut\u00f4t bien en place, et je me suis offert pas mal d\u2019opportunit\u00e9s de birdies. Ce premier tour sans bogey, c\u2019est sympa. Cela ne m\u2019est pas arriv\u00e9 tr\u00e8s souvent cette ann\u00e9e. C\u2019est donc bien de commencer la saison comme \u00e7a. Je suis vraiment content ! \u00bb<\/p>\n<p>Seule la victoire au Nedbank\u2026\u00a0<\/p>\n<p><a href=\"https:\/\/www.owgr.com\/current-world-ranking\" target=\"_blank\" rel=\"noopener\">77e au classement mondial du 30 novembre 2025<\/a>, Adrien Saddier est \u00e0 la fois loin et tout pr\u00e8s de l\u2019objectif qu\u2019il s\u2019est fix\u00e9 en milieu de saison 2024-25 apr\u00e8s sa victoire \u00e0 l\u2019<strong>Italian Open<\/strong>. Il ne le cache pas. Ce top 50 mondial lui tend plus que jamais les bras. Mais seule une victoire dimanche ici \u00e0 <strong>Sun City<\/strong> l\u2019autoriserait \u00e0 atteindre le but avou\u00e9.\u00a0<\/p>\n<p>\u00ab Il va falloir malgr\u00e9 tout bien jouer au golf, ne pas s\u2019\u00e9parpiller ou se perdre \u00e0 des choses inutiles mais c\u2019est effectivement devenu l\u2019objectif principal \u00bb, nous avait-il souffl\u00e9 en marge du <strong>FedEx Open de France<\/strong> \u00e0 la mi-septembre \u00e0 <strong>St-Nom-la-Bret\u00e8che<\/strong> (78).<\/p>\n<p>Tout le premier trimestre 2026 pour y parvenir<\/p>\n<p>S\u2019il ne parvient pas \u00e0 ses fins \u00e0 l\u2019issue de ce <strong>Nedbank Golf Challenge<\/strong>, il aura n\u00e9anmoins tout le premier trimestre 2026 devant lui pour d\u00e9crocher le graal. Un bon r\u00e9sultat sur ses premi\u00e8res sorties sur le <strong>PGA Tour<\/strong> (il sera au d\u00e9part des quatre premiers tournois de la saison 2026, au <strong>Sony Open in Hawa\u00ef<\/strong>, \u00e0 l\u2019<strong>American Express<\/strong>, au <strong>Farmers Insurance Open<\/strong> et au <strong>Waste Management Phoenix Open<\/strong>) pourrait ainsi \u00eatre suffisant.\u00a0<\/p>\n<p>Rappelons que le top 50 mondial arr\u00eat\u00e9 au 29 mars 2026 sera \u00e9ligible pour disputer le Masters 2026 qui est programm\u00e9 du 9 au 12 avril !<\/p>\n<p>Photo : Getty Images<\/p>\n<p>\t\t\t<script async src=\"https:\/\/platform.twitter.com\/widgets.js\" charset=\"utf-8\"><\/script><\/p>\n","protected":false},"excerpt":{"rendered":"Partager cet article Partager la publication \u00ab\u00a0L\u2019Afrique du Sud, porte d\u2019entr\u00e9e du Masters pour Adrien Saddier\u00a0\u00bb Promu sur&hellip;\n","protected":false},"author":2,"featured_media":511192,"comment_status":"","ping_status":"","sticky":false,"template":"","format":"standard","meta":{"footnotes":""},"categories":[1418],"tags":[1011,27,1472,60],"class_list":{"0":"post-578012","1":"post","2":"type-post","3":"status-publish","4":"format-standard","5":"has-post-thumbnail","7":"category-golf","8":"tag-fr","9":"tag-france","10":"tag-golf","11":"tag-sports"},"share_on_mastodon":{"url":"https:\/\/pubeurope.com\/@fr\/115662459231021495","error":""},"_links":{"self":[{"href":"https:\/\/www.europesays.com\/fr\/wp-json\/wp\/v2\/posts\/578012","targetHints":{"allow":["GET"]}}],"collection":[{"href":"https:\/\/www.europesays.com\/fr\/wp-json\/wp\/v2\/posts"}],"about":[{"href":"https:\/\/www.europesays.com\/fr\/wp-json\/wp\/v2\/types\/post"}],"author":[{"embeddable":true,"href":"https:\/\/www.europesays.com\/fr\/wp-json\/wp\/v2\/users\/2"}],"replies":[{"embeddable":true,"href":"https:\/\/www.europesays.com\/fr\/wp-json\/wp\/v2\/comments?post=578012"}],"version-history":[{"count":0,"href":"https:\/\/www.europesays.com\/fr\/wp-json\/wp\/v2\/posts\/578012\/revisions"}],"wp:featuredmedia":[{"embeddable":true,"href":"https:\/\/www.europesays.com\/fr\/wp-json\/wp\/v2\/media\/511192"}],"wp:attachment":[{"href":"https:\/\/www.europesays.com\/fr\/wp-json\/wp\/v2\/media?parent=578012"}],"wp:term":[{"taxonomy":"category","embeddable":true,"href":"https:\/\/www.europesays.com\/fr\/wp-json\/wp\/v2\/categories?post=578012"},{"taxonomy":"post_tag","embeddable":true,"href":"https:\/\/www.europesays.com\/fr\/wp-json\/wp\/v2\/tags?post=578012"}],"curies":[{"name":"wp","href":"https:\/\/api.w.org\/{rel}","templated":true}]}}