{"id":578017,"date":"2025-12-04T17:26:18","date_gmt":"2025-12-04T17:26:18","guid":{"rendered":"https:\/\/www.europesays.com\/fr\/578017\/"},"modified":"2025-12-04T17:26:18","modified_gmt":"2025-12-04T17:26:18","slug":"atp-laveu-de-rafael-nadal-je-ne-lai-jamais-fait-de-ma-vie-mais-pour-etre-honnete-jen-ai-eu-envie-a-plusieurs-reprises","status":"publish","type":"post","link":"https:\/\/www.europesays.com\/fr\/578017\/","title":{"rendered":"ATP > L&rsquo;aveu de Rafael Nadal : \u00ab\u00a0Je ne l&rsquo;ai jamais fait de ma vie, mais pour \u00eatre honn\u00eate, j&rsquo;en ai eu envie \u00e0 plusieurs reprises\u00a0\u00bb"},"content":{"rendered":"<p>Lors de son inter\u00adview accord\u00e9e \u00e0 la <a href=\"https:\/\/cadenaser.com\/nacional\/2025\/12\/01\/rafa-nadal-a-sinner-y-alcaraz-les-hace-falta-alguien-que-les-apriete-porque-han-marcado-diferencias-con-todos-cadena-ser\/\" data-wpel-link=\"external\" target=\"_blank\" rel=\"nofollow external noopener\">Cadena SER<\/a>, Rafael Nadal, d\u00e9sor\u00admais retrait\u00e9 depuis un an, a \u00e9t\u00e9 inter\u00adrog\u00e9 sur la diff\u00e9\u00adrence entre l\u2019homme qu\u2019il est sur le court et celui qu\u2019il est en dehors. Une ques\u00adtion \u00e0 laquelle la l\u00e9gende aux 14 Roland\u2010Garros a r\u00e9pondu avec son habi\u00adtuelle modestie.\u00a0<\/p>\n<p>Question\u00a0: \u00ab\u202fQuel Rafa est le meilleur, celui qui est sur le court ou celui qui est en dehors\u202f?\u202f\u00bb<\/p>\n<p>Nadal\u00a0: <strong>\u00ab\u202fSans aucun doute le Rafa Nadal sur le court\u2026 Je n\u2019ai jamais cass\u00e9 une raquette de ma vie, mais pour \u00eatre honn\u00eate, j\u2019ai eu envie de le faire plusieurs fois. Quand j\u2019\u00e9tais petit, on ne me lais\u00adsait pas faire et quand j\u2019ai grandi, je ne me suis pas laiss\u00e9 faire. Je ne pense pas qu\u2019il soit n\u00e9ces\u00adsaire d\u2019en\u00adsei\u00adgner un cours sur Rafa Nadal \u00e0 l\u2019uni\u00adver\u00adsit\u00e9, il ne faut pas magni\u00adfier des choses qui ne sont pas si magni\u00adfiques que\u00a0\u00e7a.\u202f\u00bb<\/strong><\/p>\n<p class=\"post-published-date\" style=\"color: silver; font-size: 75%; text-align: left;\">Publi\u00e9 le jeudi 4 d\u00e9cembre 2025 \u00e0 08:19<\/p>\n","protected":false},"excerpt":{"rendered":"Lors de son inter\u00adview accord\u00e9e \u00e0 la Cadena SER, Rafael Nadal, d\u00e9sor\u00admais retrait\u00e9 depuis un an, a \u00e9t\u00e9&hellip;\n","protected":false},"author":2,"featured_media":181531,"comment_status":"","ping_status":"","sticky":false,"template":"","format":"standard","meta":{"footnotes":""},"categories":[1415],"tags":[1011,27,1960,60,1467],"class_list":{"0":"post-578017","1":"post","2":"type-post","3":"status-publish","4":"format-standard","5":"has-post-thumbnail","7":"category-tennis","8":"tag-fr","9":"tag-france","10":"tag-nadal","11":"tag-sports","12":"tag-tennis"},"share_on_mastodon":{"url":"https:\/\/pubeurope.com\/@fr\/115662473324126395","error":""},"_links":{"self":[{"href":"https:\/\/www.europesays.com\/fr\/wp-json\/wp\/v2\/posts\/578017","targetHints":{"allow":["GET"]}}],"collection":[{"href":"https:\/\/www.europesays.com\/fr\/wp-json\/wp\/v2\/posts"}],"about":[{"href":"https:\/\/www.europesays.com\/fr\/wp-json\/wp\/v2\/types\/post"}],"author":[{"embeddable":true,"href":"https:\/\/www.europesays.com\/fr\/wp-json\/wp\/v2\/users\/2"}],"replies":[{"embeddable":true,"href":"https:\/\/www.europesays.com\/fr\/wp-json\/wp\/v2\/comments?post=578017"}],"version-history":[{"count":0,"href":"https:\/\/www.europesays.com\/fr\/wp-json\/wp\/v2\/posts\/578017\/revisions"}],"wp:featuredmedia":[{"embeddable":true,"href":"https:\/\/www.europesays.com\/fr\/wp-json\/wp\/v2\/media\/181531"}],"wp:attachment":[{"href":"https:\/\/www.europesays.com\/fr\/wp-json\/wp\/v2\/media?parent=578017"}],"wp:term":[{"taxonomy":"category","embeddable":true,"href":"https:\/\/www.europesays.com\/fr\/wp-json\/wp\/v2\/categories?post=578017"},{"taxonomy":"post_tag","embeddable":true,"href":"https:\/\/www.europesays.com\/fr\/wp-json\/wp\/v2\/tags?post=578017"}],"curies":[{"name":"wp","href":"https:\/\/api.w.org\/{rel}","templated":true}]}}