{"id":578019,"date":"2025-12-04T17:31:13","date_gmt":"2025-12-04T17:31:13","guid":{"rendered":"https:\/\/www.europesays.com\/fr\/578019\/"},"modified":"2025-12-04T17:31:13","modified_gmt":"2025-12-04T17:31:13","slug":"eddy-doue-cousin-de-desire-continue-de-crever","status":"publish","type":"post","link":"https:\/\/www.europesays.com\/fr\/578019\/","title":{"rendered":"Eddy Dou\u00e9, cousin de D\u00e9sir\u00e9, continue de crever &#8230;"},"content":{"rendered":"<p>Le <strong>Paris Saint-Germain<\/strong> est r\u00e9put\u00e9 pour son<br \/>\ncentre de formation prolifique. Apr\u00e8s l\u2019arriv\u00e9e remarqu\u00e9e de<br \/>\n<strong>D\u00e9sir\u00e9 Dou\u00e9<\/strong>, c\u2019est son cousin, <strong>Eddy<br \/>\nDou\u00e9<\/strong>, qui commence \u00e0 faire sensation dans les \u00e9quipes de<br \/>\njeunes du club de la capitale. Ce <strong>milieu d\u00e9fensif<\/strong><br \/>\nsurdou\u00e9 impressionne par sa maturit\u00e9 et sa polyvalence, au point de<br \/>\ncapter l\u2019attention de l\u2019encadrement parisien. Il repr\u00e9sente<br \/>\nclairement l\u2019une des <strong>meilleures promesses du PSG<\/strong><br \/>\npour les ann\u00e9es \u00e0 venir.<\/p>\n<p>Arriv\u00e9 au <strong><a href=\"https:\/\/canal-supporters.com\/\" target=\"_blank\" rel=\"noopener\">Paris<br \/>\nSaint-Germain<\/a><\/strong> en provenance de l\u2019<strong>USL<br \/>\nDunkerque<\/strong> en 2024, <strong>Eddy Dou\u00e9<\/strong>, n\u00e9 en 2005,<br \/>\na rapidement d\u00e9montr\u00e9 un potentiel hors norme. Son parcours au sein<br \/>\ndu centre de formation se d\u00e9roule sans accroc, et ses performances<br \/>\nne passent pas inaper\u00e7ues. Le jeune joueur s\u2019impose comme un<br \/>\n\u00e9l\u00e9ment incontournable des \u00e9quipes jeunes du club de la capitale<br \/>\ngr\u00e2ce \u00e0 une capacit\u00e9 exceptionnelle \u00e0 r\u00e9cup\u00e9rer le ballon et \u00e0<br \/>\norganiser le jeu depuis le milieu de terrain. Son positionnement en<br \/>\ntant que <strong>milieu d\u00e9fensif<\/strong> est crucial, mais il<br \/>\nexcelle aussi par sa polyvalence, capable de s\u2019adapter \u00e0 plusieurs<br \/>\nsch\u00e9mas tactiques. Ce niveau de performance constant lui a<br \/>\nd\u2019ailleurs permis d\u2019\u00eatre r\u00e9guli\u00e8rement appel\u00e9 en s\u00e9lection<br \/>\nnationale, soulignant son statut parmi les meilleurs espoirs<br \/>\nfran\u00e7ais de sa g\u00e9n\u00e9ration.<\/p>\n<p>Un profil complet qui s\u00e9duit les<br \/>\nobservateurs du PSG<\/p>\n<p>Ce qui distingue <strong>Eddy Dou\u00e9<\/strong>, au-del\u00e0 de sa<br \/>\ntechnique, c\u2019est sa <strong>force mentale<\/strong> et son sens du<br \/>\njeu particuli\u00e8rement d\u00e9velopp\u00e9. Les observateurs au <strong>Campus<br \/>\nPSG<\/strong> louent sa capacit\u00e9 \u00e0 lire les situations, \u00e0 anticiper<br \/>\nles passes adverses et \u00e0 se projeter rapidement vers l\u2019avant.<br \/>\nCertains n\u2019h\u00e9sitent pas \u00e0 le comparer \u00e0 des joueurs professionnels<br \/>\nd\u00e9j\u00e0 \u00e9tablis pour sa vision du jeu et sa maturit\u00e9 tactique.<\/p>\n<p>Malgr\u00e9 l\u2019ombre de son cousin, <strong>D\u00e9sir\u00e9 Dou\u00e9<\/strong>, qui<br \/>\na lui rejoint le <strong>PSG<\/strong> en provenance du Stade<br \/>\nRennais, Eddy parvient \u00e0 tracer son propre chemin avec brio. Son<br \/>\n<strong>leadership discret<\/strong> sur le terrain et son<br \/>\nengagement sans faille font de lui un leader naturel dans les<br \/>\ncat\u00e9gories jeunes, un atout pr\u00e9cieux pour le d\u00e9veloppement de son<br \/>\n\u00e9quipe.<\/p>\n<p>X :<br \/>\n@CompsPSG<\/p>\n<p>Contrat professionnel et avenir au<br \/>\nsein du groupe \u00e9lite<\/p>\n<p>Les excellentes prestations d\u2019<strong>Eddy Dou\u00e9<\/strong> ont<br \/>\nlogiquement incit\u00e9 les dirigeants du <strong>Paris<br \/>\nSaint-Germain<\/strong> \u00e0 agir rapidement. En effet, s\u2019il est<br \/>\naujourd\u2019hui sous contrat jusqu\u2019en juin prochain, le joueur de 19<br \/>\nans pourrait rapidement se voir proposer un contrat professionnel,<br \/>\nmais aussi se faire une place dans le groupe de <strong>Luis<br \/>\nEnrique<\/strong>. Quand on conna\u00eet la passion de ce dernier et son<br \/>\nstaff pour les jeunes joueurs et leur \u00e9volution, ajout\u00e9 \u00e0 cela sa<br \/>\nr\u00e9cente performance face \u00e0 <strong>Chelsea<\/strong> (U21) en<br \/>\n<strong>International Premier League<\/strong> et les besoins que<br \/>\npourraient avoir dans son \u00e9quipe le technicien espagnol,<br \/>\n<strong>Eddy Dou\u00e9<\/strong> frappe aujourd\u2019hui \u00e0 la porte du groupe<br \/>\nprofessionnel.<\/p>\n<p>L\u2019objectif principal d\u2019<strong>Eddy Dou\u00e9<\/strong> sera<br \/>\nd\u2019int\u00e9grer progressivement le <strong>groupe<br \/>\nprofessionnel<\/strong>. Sous l\u2019\u0153il attentif du staff technique de<br \/>\nl\u2019\u00e9quipe premi\u00e8re, ses prochaines apparitions dans les matchs de<br \/>\njeunes seront scrut\u00e9es, avec l\u2019espoir de le voir tr\u00e8s prochainement<br \/>\nfouler les pelouses du <strong>Parc des Princes<\/strong>. Le<br \/>\n<strong>PSG<\/strong> tient entre ses mains un v\u00e9ritable joyau, et<br \/>\nl\u2019histoire des cousins <strong>Dou\u00e9<\/strong> ne fait que commencer<br \/>\n\u00e0 Paris.<\/p>\n<\/p>\n<p>YouTube : <a href=\"https:\/\/www.youtube.com\/watch?v=3bHCEIlnBqg&amp;t=410s\" target=\"_blank\" rel=\"noopener\">Canal<br \/>\nSupporters Paris<\/a><\/p>\n","protected":false},"excerpt":{"rendered":"Le Paris Saint-Germain est r\u00e9put\u00e9 pour son centre de formation prolifique. Apr\u00e8s l\u2019arriv\u00e9e remarqu\u00e9e de D\u00e9sir\u00e9 Dou\u00e9, c\u2019est&hellip;\n","protected":false},"author":2,"featured_media":578020,"comment_status":"","ping_status":"","sticky":false,"template":"","format":"standard","meta":{"footnotes":""},"categories":[1410],"tags":[81,1643,1646,69231,63,1011,27,3913,91,92,93,60,14421,96],"class_list":{"0":"post-578019","1":"post","2":"type-post","3":"status-publish","4":"format-standard","5":"has-post-thumbnail","7":"category-football","8":"tag-canal-supporters","9":"tag-doue","10":"tag-doue-psg","11":"tag-eddy-doue","12":"tag-football","13":"tag-fr","14":"tag-france","15":"tag-jeune","16":"tag-paris-saint-germain","17":"tag-paris-sg","18":"tag-psg","19":"tag-sports","20":"tag-titi-parisien","21":"tag-une"},"share_on_mastodon":{"url":"https:\/\/pubeurope.com\/@fr\/115662493150667933","error":""},"_links":{"self":[{"href":"https:\/\/www.europesays.com\/fr\/wp-json\/wp\/v2\/posts\/578019","targetHints":{"allow":["GET"]}}],"collection":[{"href":"https:\/\/www.europesays.com\/fr\/wp-json\/wp\/v2\/posts"}],"about":[{"href":"https:\/\/www.europesays.com\/fr\/wp-json\/wp\/v2\/types\/post"}],"author":[{"embeddable":true,"href":"https:\/\/www.europesays.com\/fr\/wp-json\/wp\/v2\/users\/2"}],"replies":[{"embeddable":true,"href":"https:\/\/www.europesays.com\/fr\/wp-json\/wp\/v2\/comments?post=578019"}],"version-history":[{"count":0,"href":"https:\/\/www.europesays.com\/fr\/wp-json\/wp\/v2\/posts\/578019\/revisions"}],"wp:featuredmedia":[{"embeddable":true,"href":"https:\/\/www.europesays.com\/fr\/wp-json\/wp\/v2\/media\/578020"}],"wp:attachment":[{"href":"https:\/\/www.europesays.com\/fr\/wp-json\/wp\/v2\/media?parent=578019"}],"wp:term":[{"taxonomy":"category","embeddable":true,"href":"https:\/\/www.europesays.com\/fr\/wp-json\/wp\/v2\/categories?post=578019"},{"taxonomy":"post_tag","embeddable":true,"href":"https:\/\/www.europesays.com\/fr\/wp-json\/wp\/v2\/tags?post=578019"}],"curies":[{"name":"wp","href":"https:\/\/api.w.org\/{rel}","templated":true}]}}