{"id":578021,"date":"2025-12-04T17:32:17","date_gmt":"2025-12-04T17:32:17","guid":{"rendered":"https:\/\/www.europesays.com\/fr\/578021\/"},"modified":"2025-12-04T17:32:17","modified_gmt":"2025-12-04T17:32:17","slug":"camille-santoro-voici-le-visage-de-sa-cherie","status":"publish","type":"post","link":"https:\/\/www.europesays.com\/fr\/578021\/","title":{"rendered":"Camille Santoro\u00a0: voici le visage de sa ch\u00e9rie"},"content":{"rendered":"<p>      R\u00e9sum\u00e9<\/p>\n<p>Deux ans apr\u00e8s son divorce, Camille Santoro a r\u00e9v\u00e9l\u00e9 au grand jour le visage de sa nouvelle ch\u00e9rie. Toutes les deux sont ensemble depuis un an. Ses abonn\u00e9s sont ravis. <\/p>\n<p>        Sommaire<\/p>\n<p>C&rsquo;est <strong>en 2020 <\/strong>que les t\u00e9l\u00e9spectateurs en TF1 ont d\u00e9couvert pour la premi\u00e8re fois<strong> l&rsquo;\u00e9mission \u00ab\u00a0Familles nombreuses\u00a0: la vie en XXL\u00a0\u00bb.<\/strong> <a href=\"https:\/\/www.public.fr\/emilie-fanich-familles-nombreuses-lincroyable-somme-depensee-pour-les-fournitures-scolaires-de-ses-8-enfants\" target=\"_blank\" rel=\"noopener\">Un programme<\/a> pas comme les autres qui permet de suivre le quotidien de familles nombreuses voire m\u00eame <strong>tr\u00e8s tr\u00e8s nombreuses<\/strong>. Six, sept, huit et m\u00eame douze enfants pour la famille NGuyen\u2026 Pour certains d&rsquo;entre eux, aller faire un plein de courses rel\u00e8ve du parcours du combattant. Depuis le d\u00e9but du programme, <a href=\"https:\/\/www.google.com\/url?sa=t&amp;source=web&amp;rct=j&amp;opi=89978449&amp;url=https:\/\/vsd.fr\/84703-familles-nombreuses-la-vie-en-xxl-cette-candidate-emblematique-mere-de-10-enfants-a-decide-de-reveler-ce-que-la-caf-lui-verse\/&amp;ved=2ahUKEwiS0erxiaSRAxWuKvsDHWzRC8QQFnoECBsQAQ&amp;usg=AOvVaw09qMmL5waoKOMciFw-7BAw\" target=\"_blank\" rel=\"noopener\">certaines tribus<\/a> ont suscit\u00e9 l&rsquo;engouement des t\u00e9l\u00e9spectateurs. C&rsquo;est le cas notamment <strong>de Camille et <a href=\"https:\/\/www.public.fr\/il-deconne-le-pere-n-importe-quoi-ridicule-une-etrange-manie-de-nicolas-santoro-familles-nombreuses-choque-la-toile\" target=\"_blank\" rel=\"noopener\">Nicolas <\/a>Santoro<\/strong>.<\/p>\n<p>Pendant des mois, <a href=\"https:\/\/www.public.fr\/je-ne-peux-plus-manger-comme-je-le-voudrais-camille-santoro-familles-nombreuses-raconte-sa-nouvelle-vie-depuis-une-operation-ratee\" target=\"_blank\" rel=\"noopener\">la maman d&rsquo;<strong>Alessio, Nino, Emie, Ma\u00e9, Mattia et Alba<\/strong><\/a> et son mari ont ouvert les portes de chez eux aux cam\u00e9ras de TF1. Malheureusement, l&rsquo;ann\u00e9e 2023 a \u00e9t\u00e9 compliqu\u00e9e pour le couple. En effet, <a href=\"https:\/\/www.public.fr\/il-y-a-des-douleurs-dont-on-ne-guerit-jamais-camille-santoro-familles-nombreuses-celebre-un-triste-anniversaire\" target=\"_blank\" rel=\"noopener\">la cr\u00e9atrice de contenus<\/a> originaire de Moselle a <strong>perdu son papa des suites d&rsquo;une longue maladie<\/strong>. Dans la foul\u00e9e, Camille a annonc\u00e9 son <strong>divorce avec le p\u00e8re de ses enfants<\/strong>. Deux coups durs jusqu&rsquo;\u00e0 ce que <a href=\"https:\/\/www.public.fr\/camille-santoro-familles-nombreuses-divorcee-elle-sachete-une-nouvelle-maison-sur-3-etages-et-sattire-encore-les-foudres-des-internautes\" target=\"_blank\" rel=\"noopener\">la jeune femme<\/a> reprenne du poil de la b\u00eate.<\/p>\n<p>C&rsquo;est ainsi que Camille Anema (son nom de jeune fille, N.D.L.R) <strong>a lanc\u00e9 sa marque de pyjamas pour enfants<\/strong> baptis\u00e9e 10\u00a0novembre. Par ailleurs, elle <strong>a rachet\u00e9 la maison de son p\u00e8re<\/strong> et l&rsquo;a r\u00e9nov\u00e9 \u00e0 son go\u00fbt. Restait alors une interrogation\u00a0: <strong>et les amours dans tout \u00e7a\u00a0?<\/strong> Et bien s\u00fbr Instagram, ce 3\u00a0d\u00e9cembre, <a href=\"https:\/\/www.public.fr\/famille-nombreuses-la-vie-en-xxl-camille-santoro-a-coeur-ouvert-sur-sa-transformation-physique-et-ses-interventions-de-chirurgie-esthetique\" target=\"_blank\" rel=\"noopener\">la jolie brune<\/a> a fait une annonce de taille.<\/p>\n<p>Camille Santoro\u00a0: deux ans apr\u00e8s son divorce avec Nicolas, Cupidon l&rsquo;a touch\u00e9 en plein c\u0153ur<\/p>\n<p>Ce 3\u00a0d\u00e9cembre, Camille a post\u00e9 <strong>un carrousel de photos<\/strong> sur son compte Instagram. Au total, on y retrouve <strong>douze photos repr\u00e9sentant chacun un mois de l&rsquo;ann\u00e9e.<\/strong> Sur chacun des clich\u00e9s, la m\u00e8re de famille prend alors la pause avec<strong> sa nouvelle ch\u00e9rie <\/strong>pour une occasion sp\u00e9ciale. \u00ab\u00a0<strong>Happy Birthday<\/strong>\u00a0\u00bb peut-on lire en l\u00e9gende. Une jolie mani\u00e8re de c\u00e9l\u00e9brer leur premi\u00e8re ann\u00e9e ensemble. Une nouvelle qui a r\u00e9joui les abonn\u00e9s de l&rsquo;ex Madame Santoro.<\/p>\n<p>\u00ab\u00a0<strong>Je vous souhaite un bonheur sans fin. Soyez heureuses<\/strong>\u00ab\u00a0, \u00ab\u00a0Joyeux anniversaire les filles\u00a0! Et f\u00e9licitations\u00a0!! Vous \u00eates rayonnantes\u00a0\u00bb, \u00ab\u00a0<strong>Vous \u00eates magnifiques<\/strong>\u00a0\u00bb a-t-on notamment pu lire en commentaires. Une vague d&rsquo;amour qui a touch\u00e9 Camille en plein c\u0153ur. En story Instagram, cette derni\u00e8re n&rsquo;a pas tard\u00e9 \u00e0 r\u00e9pondre \u00e0 ses abonn\u00e9s. \u00ab\u00a0Je ne trouverai pas les mots\u2026 <strong>Merci pour tout l\u2019amour, pour cette vague d\u2019amour que vous nous avez envoy\u00e9 <\/strong>depuis hier. Je ne m\u2019y attendais pas, sinc\u00e8rement. J&rsquo;ai pris beaucoup de r\u00e9solutions pour la nouvelle ann\u00e9e, de travailler sur moi-m\u00eame et m\u2019ouvrir davantage\u2026 <strong>Je suis assez fi\u00e8re de moi<\/strong>\u00ab\u00a0, a-t-elle confi\u00e9 face cam\u00e9ra avant d&rsquo;assurer qu&rsquo;elle racontera prochainement pourquoi elle a pr\u00e9f\u00e9r\u00e9 taire cette relation pendant plusieurs mois. <\/p>\n<p><img loading=\"lazy\" decoding=\"async\" width=\"412\" height=\"739\" src=\"data:image\/svg+xml,%3Csvg%20xmlns=\" http:=\"\" alt=\"Camille Santoro : voici le visage de sa ch\u00e9rie\" data-lazy- data-lazy- data-lazy-src=\"https:\/\/www.europesays.com\/fr\/wp-content\/uploads\/2025\/12\/Capture-decran-2025-12-04-145533.png\"\/><\/p>\n<p>Capture Instagram Camille Anema<\/p>\n<p>\n          Hits &amp; People en continu\n        <\/p>\n<p>\n          Public Radio\n        <\/p>\n<p>      Mentionn\u00e9s dans cet article<\/p>\n<p>      Sur le m\u00eame sujet<\/p>\n","protected":false},"excerpt":{"rendered":"R\u00e9sum\u00e9 Deux ans apr\u00e8s son divorce, Camille Santoro a r\u00e9v\u00e9l\u00e9 au grand jour le visage de sa nouvelle&hellip;\n","protected":false},"author":2,"featured_media":578022,"comment_status":"","ping_status":"","sticky":false,"template":"","format":"standard","meta":{"footnotes":""},"categories":[1359],"tags":[1376,1193,58,847,59,4980,1011,27,2440,5875,973,199],"class_list":{"0":"post-578021","1":"post","2":"type-post","3":"status-publish","4":"format-standard","5":"has-post-thumbnail","7":"category-people","8":"tag-amour","9":"tag-couple","10":"tag-divertissement","11":"tag-enfant","12":"tag-entertainment","13":"tag-familles-nombreuses-la-vie-en-xxl","14":"tag-fr","15":"tag-france","16":"tag-instagram","17":"tag-mere","18":"tag-people","19":"tag-tf1"},"share_on_mastodon":{"url":"https:\/\/pubeurope.com\/@fr\/115662497131043654","error":""},"_links":{"self":[{"href":"https:\/\/www.europesays.com\/fr\/wp-json\/wp\/v2\/posts\/578021","targetHints":{"allow":["GET"]}}],"collection":[{"href":"https:\/\/www.europesays.com\/fr\/wp-json\/wp\/v2\/posts"}],"about":[{"href":"https:\/\/www.europesays.com\/fr\/wp-json\/wp\/v2\/types\/post"}],"author":[{"embeddable":true,"href":"https:\/\/www.europesays.com\/fr\/wp-json\/wp\/v2\/users\/2"}],"replies":[{"embeddable":true,"href":"https:\/\/www.europesays.com\/fr\/wp-json\/wp\/v2\/comments?post=578021"}],"version-history":[{"count":0,"href":"https:\/\/www.europesays.com\/fr\/wp-json\/wp\/v2\/posts\/578021\/revisions"}],"wp:featuredmedia":[{"embeddable":true,"href":"https:\/\/www.europesays.com\/fr\/wp-json\/wp\/v2\/media\/578022"}],"wp:attachment":[{"href":"https:\/\/www.europesays.com\/fr\/wp-json\/wp\/v2\/media?parent=578021"}],"wp:term":[{"taxonomy":"category","embeddable":true,"href":"https:\/\/www.europesays.com\/fr\/wp-json\/wp\/v2\/categories?post=578021"},{"taxonomy":"post_tag","embeddable":true,"href":"https:\/\/www.europesays.com\/fr\/wp-json\/wp\/v2\/tags?post=578021"}],"curies":[{"name":"wp","href":"https:\/\/api.w.org\/{rel}","templated":true}]}}