{"id":578025,"date":"2025-12-04T17:35:16","date_gmt":"2025-12-04T17:35:16","guid":{"rendered":"https:\/\/www.europesays.com\/fr\/578025\/"},"modified":"2025-12-04T17:35:16","modified_gmt":"2025-12-04T17:35:16","slug":"france-tv-annonce-le-lancement-dici-noel-dune-nouvelle-chaine-tv-ephemere-baptisee-paris-31","status":"publish","type":"post","link":"https:\/\/www.europesays.com\/fr\/578025\/","title":{"rendered":"France TV annonce le lancement d&rsquo;ici No\u00ebl d&rsquo;une nouvelle cha\u00eene TV \u00e9ph\u00e9m\u00e8re baptis\u00e9e \u00ab\u00a0Paris 31\u00a0\u00bb"},"content":{"rendered":"<p>                                                                                                                                    <img decoding=\"async\" width=\"800\" height=\"450\" src=\"https:\/\/www.europesays.com\/fr\/wp-content\/uploads\/2025\/12\/Screenshot-2025-12-04-at-17-01-50-Paris-31-FranceTvPro.fr_-800x450-c-default.png\" class=\"featured-image tease-featured-image \" alt=\"France TV annonce le lancement d\u2019ici No\u00ebl d\u2019une nouvelle cha\u00eene TV \u00e9ph\u00e9m\u00e8re baptis\u00e9e \u201cParis 31\u201d\" fetchpriority=\"high\"\/><\/p>\n<p><strong>France T\u00e9l\u00e9visions annonce que vous pourrez d\u00e9couvrir du 25 au 31 d\u00e9cembre une cha\u00eene \u00e9ph\u00e9m\u00e8re, \u201cParis 31\u201d, enti\u00e8rement d\u00e9di\u00e9e \u00e0 la capitale, m\u00ealant documentaires, spectacles et grands \u00e9v\u00e9nements pour c\u00e9l\u00e9brer Paris sous toutes ses facettes.\u00a0<\/strong><\/p>\n<p>France T\u00e9l\u00e9visions lance \u201cParis 31\u201d, une cha\u00eene \u00e9ph\u00e9m\u00e8re consacr\u00e9e \u00e0 la capitale. Du 25 au 31 d\u00e9cembre 2025, le groupe public proposera une semaine de documentaires, concerts, spectacles et \u00e9v\u00e9nements pour c\u00e9l\u00e9brer l\u2019histoire, le patrimoine et l\u2019effervescence culturelle de Paris.<\/p>\n<p>Avec \u201cParis 31\u201d, France T\u00e9l\u00e9visions entend mettre en lumi\u00e8re les lieux, les cr\u00e9ations et les moments qui fa\u00e7onnent le rayonnement de Paris. Du 25 au 31 d\u00e9cembre, la cha\u00eene proposera une s\u00e9lection de programmes d\u00e9di\u00e9s \u00e0 son histoire, ses monuments et sa vitalit\u00e9 artistique. Plusieurs films retraceront les grandes \u00e9pop\u00e9es parisiennes : Notre-Dame de Paris, l\u2019\u00e9preuve des si\u00e8cles, Notre Dame r\u00e9surrection, Tour Eiffel, le r\u00eave d\u2019un visionnaire, Les m\u00e9tamorphoses du Grand Palais, Au c\u0153ur des Jeux ou Laissez-vous guider : Ce Paris fou qui a failli exister.<br \/>D\u2019autres offriront des chemins plus inattendus, comme Nus &amp; Culott\u00e9s : Objectif Paris ou Paris en chansons.<\/p>\n<p>Une programmation culturelle riche<\/p>\n<p>Concerts, danse, th\u00e9\u00e2tre, cirque et op\u00e9ra seront au rendez-vous cette semaine, avec comme spectacles annonc\u00e9s : Ma\u00eetre Gims (Fondation Vuitton), La Fouine et NEJ (Accor Arena), Louane (Olympia), Aim\u00e9 Simone (We Love Green), Hyuk Lee et Horizon (Palais Royal), Immortelle Barbara (Grand Rex), M\u00f6bius morphosis (Th\u00e9\u00e2tre national de la danse), la compagnie Bouglione, Bungalow 21, Rom\u00e9o et Juliette, Vissi d\u2019Arte ou encore L\u2019Olympiade d\u2019Antonio Vivaldi.<\/p>\n<p>La programmation s\u2019articulera chaque jour autour de quatre temps :<\/p>\n<ul>\n<li>le matin : rediffusion des documentaires de la veille<\/li>\n<li>la journ\u00e9e : culture et magazines<\/li>\n<li>le soir : documentaires et soir\u00e9es \u00e9v\u00e9nementielles<\/li>\n<\/ul>\n<p>Avec quelques diffusions exceptionnelles, comme la diffusion de La Grande Soir\u00e9e du 31 d\u00e9cembre de Paris 2024 le 30 d\u00e9cembre, ou le matin du 25, un lancement sur les Concerts de Paris de 2023 et 2024.<\/p>\n<p>Concernant la disponibilit\u00e9 de \u201cParis 31\u201d, cela reste encore assez flou. France TV affirme que sa cha\u00eene sera disponible 24 h\/24 sur \u201cles environnements web, applications et t\u00e9l\u00e9viseurs connect\u00e9s\u201d, mais sans pr\u00e9ciser de d\u00e9tails. Il faudra donc attendre le jour J pour savoir si une diffusion de la cha\u00eene est pr\u00e9vue sur la plateforme France TV disponible sur Android TV par exemple, et donc sur les box de Free (pour les abonn\u00e9s Ultra et Pop, ou ceux avec player Free TV 4K) ou Bouygues Telecom.<\/p>\n<p class=\"view_none\" style=\"color:red\"><a style=\"color:red\" href=\"https:\/\/www.universfreebox.com\/article\/589101\/france-tv-annonce-le-lancement-dici-noel-dune-nouvelle-chaine-tv-ephemere-baptisee-paris-31\" target=\"_blank\" rel=\"noopener\">Cet article a \u00e9t\u00e9 repris sur le site Univers FreeBox<\/a> <\/p>\n","protected":false},"excerpt":{"rendered":"France T\u00e9l\u00e9visions annonce que vous pourrez d\u00e9couvrir du 25 au 31 d\u00e9cembre une cha\u00eene \u00e9ph\u00e9m\u00e8re, \u201cParis 31\u201d, enti\u00e8rement&hellip;\n","protected":false},"author":2,"featured_media":578026,"comment_status":"","ping_status":"","sticky":false,"template":"","format":"standard","meta":{"footnotes":""},"categories":[1356],"tags":[58,59,1011,27,252,1364],"class_list":{"0":"post-578025","1":"post","2":"type-post","3":"status-publish","4":"format-standard","5":"has-post-thumbnail","7":"category-television","8":"tag-divertissement","9":"tag-entertainment","10":"tag-fr","11":"tag-france","12":"tag-television","13":"tag-tv"},"share_on_mastodon":{"url":"","error":""},"_links":{"self":[{"href":"https:\/\/www.europesays.com\/fr\/wp-json\/wp\/v2\/posts\/578025","targetHints":{"allow":["GET"]}}],"collection":[{"href":"https:\/\/www.europesays.com\/fr\/wp-json\/wp\/v2\/posts"}],"about":[{"href":"https:\/\/www.europesays.com\/fr\/wp-json\/wp\/v2\/types\/post"}],"author":[{"embeddable":true,"href":"https:\/\/www.europesays.com\/fr\/wp-json\/wp\/v2\/users\/2"}],"replies":[{"embeddable":true,"href":"https:\/\/www.europesays.com\/fr\/wp-json\/wp\/v2\/comments?post=578025"}],"version-history":[{"count":0,"href":"https:\/\/www.europesays.com\/fr\/wp-json\/wp\/v2\/posts\/578025\/revisions"}],"wp:featuredmedia":[{"embeddable":true,"href":"https:\/\/www.europesays.com\/fr\/wp-json\/wp\/v2\/media\/578026"}],"wp:attachment":[{"href":"https:\/\/www.europesays.com\/fr\/wp-json\/wp\/v2\/media?parent=578025"}],"wp:term":[{"taxonomy":"category","embeddable":true,"href":"https:\/\/www.europesays.com\/fr\/wp-json\/wp\/v2\/categories?post=578025"},{"taxonomy":"post_tag","embeddable":true,"href":"https:\/\/www.europesays.com\/fr\/wp-json\/wp\/v2\/tags?post=578025"}],"curies":[{"name":"wp","href":"https:\/\/api.w.org\/{rel}","templated":true}]}}