{"id":578033,"date":"2025-12-04T17:39:13","date_gmt":"2025-12-04T17:39:13","guid":{"rendered":"https:\/\/www.europesays.com\/fr\/578033\/"},"modified":"2025-12-04T17:39:13","modified_gmt":"2025-12-04T17:39:13","slug":"eben-etzebeth-suspendu-12-matches-apres-sa-fourchette-contre-un-gallois","status":"publish","type":"post","link":"https:\/\/www.europesays.com\/fr\/578033\/","title":{"rendered":"Eben Etzebeth suspendu 12 matches apr\u00e8s sa \u00abfourchette\u00bb contre un Gallois"},"content":{"rendered":"<p>\n    Le deuxi\u00e8me-ligne des Springboks s\u2019en sort plut\u00f4t bien apr\u00e8s son mauvais geste, il pourra rejouer \u00e0 partir de d\u00e9but avril.<\/p>\n<p class=\"fig-paragraph\">Eben Etzebeth s\u2019en sort bien. \u00c0 l\u2019occasion de\u00a0<a href=\"http:\/\/www.lefigaro.fr\/sports\/rugby\/rugby-en-video-le-recital-offensif-de-l-afrique-du-sud-face-au-pays-de-galles-20251129\" data-fig-type=\"NewsFlash\" data-gtm-custom-categorie=\"navigation\" data-gtm-custom-action=\"crossclick\" data-gtm-custom-label=\"Contextuel\" data-gtm-event=\"customEventSPE\" data-fig-domain=\"LEFIGARO\" target=\"_blank\" rel=\"noopener\">la d\u00e9monstration de l\u2019Afrique du Sud face au pays de Galles (73-0)<\/a>, samedi dernier \u00e0 Cardiff,\u00a0<a href=\"http:\/\/www.lefigaro.fr\/sports\/rugby\/rugby-le-sud-africain-etzebeth-plaide-un-acte-non-intentionnel-pour-echapper-a-une-lourde-sanction-20251204\" data-fig-type=\"NewsFlash\" data-gtm-custom-categorie=\"navigation\" data-gtm-custom-action=\"crossclick\" data-gtm-custom-label=\"Contextuel\" data-gtm-event=\"customEventSPE\" data-fig-domain=\"LEFIGARO\" target=\"_blank\" rel=\"noopener\">Eben\u00a0Etzebeth<\/a>\u00a0s\u2019\u00e9tait rendu coupable d\u2019une fourchette (contact avec les yeux) sur un Gallois. Le deuxi\u00e8me ligne v\u00e9t\u00e9ran (34 ans, 141 s\u00e9lections) des doubles champions du monde en titre avait logiquement \u00e9t\u00e9 exclu pour ce mauvais geste.<\/p>\n<p class=\"fig-paragraph\">Une commission de discipline du Comit\u00e9 des Six Nations (qui organise les tourn\u00e9es de novembre en Europe, appel\u00e9es Quilter Nations Series) l\u2019a condamn\u00e9 ce jeudi \u00e0 une sanction de 12 matches, il ne pourra rejouer que d\u00e9but avril. D\u2019apr\u00e8s le r\u00e8glement de World Rugby, un \u00abcontact intentionnel avec un \u0153il\u00bb peut \u00eatre sanctionn\u00e9 de 12 \u00e0 208 semaines de suspension en fonction du degr\u00e9 de danger du geste.<\/p>\n<p>                                            <a class=\"fig-a11y-skip\" href=\"#fig-a11y-skip-main-inarticle\" data-module=\"a11y-skip\" data-context=\"was @visible\"><br \/>\n    Passer la publicit\u00e9<br \/>\n<\/a>            <\/p>\n<p>                                            \u00abLe contact avec l\u2019\u0153il \u00e9tait intentionnel\u00bb<\/p>\n<p class=\"fig-paragraph\">\u00abLa Commission a conclu que le contact avec l\u2019\u0153il \u00e9tait intentionnel et qu\u2019un point de d\u00e9part de sanction de niveau interm\u00e9diaire, soit 18 semaines\/matches, \u00e9tait appropri\u00e9. Certains facteurs att\u00e9nuants, notamment le casier disciplinaire du joueur, ont \u00e9t\u00e9 pris en compte par la Commission, r\u00e9duisant ainsi ce point de d\u00e9part de 18 semaines de 6 semaines, pour aboutir \u00e0 une suspension de 12 semaines\/matches\u00bb, indique Quilter Nations Series dans un communiqu\u00e9.<\/p>\n<p class=\"fig-paragraph\">Le dernier match de suspension d\u2019Etzebeth aura lieu le 27 mars 2026, \u00e0 l\u2019occasion de la rencontre entre les Sharks de Durban et les Cardiff Blues, dans l\u2019United Rugby Championship (ex-Ligue celte). L\u2019ancien joueur du RC Toulon manquera deux confrontations avec des clubs fran\u00e7ais en Champions Cup\u00a0: contre Toulouse, ce dimanche \u00e0 Ernest-Wallon, et face \u00e0 Clermont, le 17 janvier \u00e0 Durban.\u00a0<a href=\"http:\/\/www.lefigaro.fr\/sports\/rugby\/rugby-le-sud-africain-etzebeth-plaide-un-acte-non-intentionnel-pour-echapper-a-une-lourde-sanction-20251204\" data-fig-type=\"NewsFlash\" data-gtm-custom-categorie=\"navigation\" data-gtm-custom-action=\"crossclick\" data-gtm-custom-label=\"Contextuel\" data-gtm-event=\"customEventSPE\" data-fig-domain=\"LEFIGARO\" target=\"_blank\" rel=\"noopener\">La d\u00e9fense d\u2019Eben Etzebeth<\/a>\u00a0aurait plaid\u00e9 \u00abdes actes imprudents et non intentionnels\u00bb pour r\u00e9duire l\u2019\u00e9chelle de sanction, ce qui a finalement \u00e9t\u00e9 le cas puisqu\u2019il risquait jusqu\u2019\u00e0 4 ans de suspension.<\/p>\n","protected":false},"excerpt":{"rendered":"Le deuxi\u00e8me-ligne des Springboks s\u2019en sort plut\u00f4t bien apr\u00e8s son mauvais geste, il pourra rejouer \u00e0 partir de&hellip;\n","protected":false},"author":2,"featured_media":578034,"comment_status":"","ping_status":"","sticky":false,"template":"","format":"standard","meta":{"footnotes":""},"categories":[9],"tags":[5594,1011,27,12044,60,21067],"class_list":{"0":"post-578033","1":"post","2":"type-post","3":"status-publish","4":"format-standard","5":"has-post-thumbnail","7":"category-sports","8":"tag-afrique-du-sud","9":"tag-fr","10":"tag-france","11":"tag-pays-de-galles","12":"tag-sports","13":"tag-springboks"},"share_on_mastodon":{"url":"https:\/\/pubeurope.com\/@fr\/115662524593550694","error":""},"_links":{"self":[{"href":"https:\/\/www.europesays.com\/fr\/wp-json\/wp\/v2\/posts\/578033","targetHints":{"allow":["GET"]}}],"collection":[{"href":"https:\/\/www.europesays.com\/fr\/wp-json\/wp\/v2\/posts"}],"about":[{"href":"https:\/\/www.europesays.com\/fr\/wp-json\/wp\/v2\/types\/post"}],"author":[{"embeddable":true,"href":"https:\/\/www.europesays.com\/fr\/wp-json\/wp\/v2\/users\/2"}],"replies":[{"embeddable":true,"href":"https:\/\/www.europesays.com\/fr\/wp-json\/wp\/v2\/comments?post=578033"}],"version-history":[{"count":0,"href":"https:\/\/www.europesays.com\/fr\/wp-json\/wp\/v2\/posts\/578033\/revisions"}],"wp:featuredmedia":[{"embeddable":true,"href":"https:\/\/www.europesays.com\/fr\/wp-json\/wp\/v2\/media\/578034"}],"wp:attachment":[{"href":"https:\/\/www.europesays.com\/fr\/wp-json\/wp\/v2\/media?parent=578033"}],"wp:term":[{"taxonomy":"category","embeddable":true,"href":"https:\/\/www.europesays.com\/fr\/wp-json\/wp\/v2\/categories?post=578033"},{"taxonomy":"post_tag","embeddable":true,"href":"https:\/\/www.europesays.com\/fr\/wp-json\/wp\/v2\/tags?post=578033"}],"curies":[{"name":"wp","href":"https:\/\/api.w.org\/{rel}","templated":true}]}}