{"id":57806,"date":"2025-04-27T22:12:08","date_gmt":"2025-04-27T22:12:08","guid":{"rendered":"https:\/\/www.europesays.com\/fr\/57806\/"},"modified":"2025-04-27T22:12:08","modified_gmt":"2025-04-27T22:12:08","slug":"laure-boulleau-imagine-deja-le-pire-scenario-pour-le-psg-a-arsenal","status":"publish","type":"post","link":"https:\/\/www.europesays.com\/fr\/57806\/","title":{"rendered":"Laure Boulleau imagine d\u00e9j\u00e0 le pire sc\u00e9nario pour le PSG \u00e0 Arsenal !"},"content":{"rendered":"<p data-testid=\"article-teaser\">Le PSG aborde sa demie de C1 contre Arsenal avec des doutes. Laure Boulleau a exprim\u00e9 sa vive inqui\u00e9tude face \u00e0 la baisse de r\u00e9gime parisienne&#8230;<\/p>\n<p>Le grand rendez-vous approche pour le Paris Saint-Germain. Mardi soir, les hommes de Luis Enrique d\u00e9fient Arsenal \u00e0 l&rsquo;Emirates Stadium en demi-finale aller de la Ligue des Champions. Un choc au sommet que le club de la capitale n&rsquo;aborde pas dans les meilleures conditions. Malgr\u00e9 le titre de champion de France d\u00e9j\u00e0 acquis, la dynamique r\u00e9cente n&rsquo;est pas optimale (une seule victoire sur les quatre derniers matchs) <a href=\"https:\/\/www.goal.com\/fr\/listes\/nice-fait-tomber-le-psg-1-3-le-record-d-invincibilite-de-ligue-1-reste-a-nantes\/bltd4324368418c0a3b\" target=\"_self\" rel=\"noopener\">et la premi\u00e8re d\u00e9faite de la saison en L1 conc\u00e9d\u00e9e face \u00e0 Nice vendredi (1-3)<\/a>, qui a mis fin au r\u00eave d&rsquo;invincibilit\u00e9, a jet\u00e9 un l\u00e9ger froid. De quoi susciter une certaine inqui\u00e9tude chez les observateurs, \u00e0 l&rsquo;image de Laure Boulleau, qui n&rsquo;a pas cach\u00e9 ses craintes ce dimanche.<\/p>\n<p>L&rsquo;article continue ci-dessous<\/p>\n","protected":false},"excerpt":{"rendered":"Le PSG aborde sa demie de C1 contre Arsenal avec des doutes. Laure Boulleau a exprim\u00e9 sa vive&hellip;\n","protected":false},"author":2,"featured_media":57807,"comment_status":"","ping_status":"","sticky":false,"template":"","format":"standard","meta":{"footnotes":""},"categories":[2],"tags":[11,5357,15381,1011,27,447,921,12,91,25],"class_list":{"0":"post-57806","1":"post","2":"type-post","3":"status-publish","4":"format-standard","5":"has-post-thumbnail","7":"category-actualites","8":"tag-actualites","9":"tag-arsenal","10":"tag-arsenal-vs-paris-saint-germain","11":"tag-fr","12":"tag-france","13":"tag-ligue-des-champions","14":"tag-luis-enrique","15":"tag-news","16":"tag-paris-saint-germain","17":"tag-republique-francaise"},"share_on_mastodon":{"url":"https:\/\/pubeurope.com\/@fr\/114412227473059923","error":""},"_links":{"self":[{"href":"https:\/\/www.europesays.com\/fr\/wp-json\/wp\/v2\/posts\/57806","targetHints":{"allow":["GET"]}}],"collection":[{"href":"https:\/\/www.europesays.com\/fr\/wp-json\/wp\/v2\/posts"}],"about":[{"href":"https:\/\/www.europesays.com\/fr\/wp-json\/wp\/v2\/types\/post"}],"author":[{"embeddable":true,"href":"https:\/\/www.europesays.com\/fr\/wp-json\/wp\/v2\/users\/2"}],"replies":[{"embeddable":true,"href":"https:\/\/www.europesays.com\/fr\/wp-json\/wp\/v2\/comments?post=57806"}],"version-history":[{"count":0,"href":"https:\/\/www.europesays.com\/fr\/wp-json\/wp\/v2\/posts\/57806\/revisions"}],"wp:featuredmedia":[{"embeddable":true,"href":"https:\/\/www.europesays.com\/fr\/wp-json\/wp\/v2\/media\/57807"}],"wp:attachment":[{"href":"https:\/\/www.europesays.com\/fr\/wp-json\/wp\/v2\/media?parent=57806"}],"wp:term":[{"taxonomy":"category","embeddable":true,"href":"https:\/\/www.europesays.com\/fr\/wp-json\/wp\/v2\/categories?post=57806"},{"taxonomy":"post_tag","embeddable":true,"href":"https:\/\/www.europesays.com\/fr\/wp-json\/wp\/v2\/tags?post=57806"}],"curies":[{"name":"wp","href":"https:\/\/api.w.org\/{rel}","templated":true}]}}