{"id":578065,"date":"2025-12-04T17:57:13","date_gmt":"2025-12-04T17:57:13","guid":{"rendered":"https:\/\/www.europesays.com\/fr\/578065\/"},"modified":"2025-12-04T17:57:13","modified_gmt":"2025-12-04T17:57:13","slug":"on-prend-de-nouveaux-patients","status":"publish","type":"post","link":"https:\/\/www.europesays.com\/fr\/578065\/","title":{"rendered":"\u00ab On prend de nouveaux patients \u00bb"},"content":{"rendered":"<p>                    Par<br \/>\n        <strong><br \/>\n            <a href=\"https:\/\/actu.fr\/auteur\/yann-rivallan\" title=\"Consulter tous les articles de Yann Rivallan\" target=\"_blank\" rel=\"noopener\">Yann Rivallan<\/a><br \/>\n                    <\/strong><\/p>\n<p>        Publi\u00e9 le<\/p>\n<p>            4 d\u00e9c. 2025 \u00e0 18h46        <\/p>\n<p>M\u00e9decins g\u00e9n\u00e9ralistes, psychologue, psychiatre, di\u00e9t\u00e9ticienne ou encore une enseignante d\u2019activit\u00e9s physiques adapt\u00e9es. Une <strong>nouvelle maison m\u00e9dicale<\/strong> pleine de professionnels de sant\u00e9 vient d\u2019ouvrir ses portes aux Essarts, \u00e0 <a href=\"https:\/\/actu.fr\/normandie\/grand-couronne_76319\" target=\"_blank\" rel=\"noopener\">Grand-Couronne<\/a>, pr\u00e8s de Rouen. Depuis le 3\u00a0novembre 2025, ce nouvel \u00e9tablissement accueille du public \u00e0 deux pas de <strong>la clinique des Essarts<\/strong>. Et \u00ab\u2009on prend de <strong>nouveaux patients\u2009\u00bb<\/strong>, indique la nouvelle g\u00e9n\u00e9raliste des lieux, le Dr Lyvia Tiburce Akoumany.<\/p>\n<p>\u00ab\u2009Une p\u00e9nurie\u2009\u00bb de professionnels de sant\u00e9<\/p>\n<p class=\" wall-content\">Si la maison m\u00e9dicale se trouve juste \u00e0 c\u00f4t\u00e9 de <strong>la clinique des Essarts<\/strong>, ce n\u2019est pas par hasard. En effet, la clinique est \u00e0 l\u2019origine de cette construction. Elle est d\u2019ailleurs propri\u00e9taire des murs. Pour autant, cet \u00e9tablissement reste <strong>\u00ab\u2009enti\u00e8rement ind\u00e9pendant\u2009\u00bb<\/strong>, assure Philippe Cadet, m\u00e9decin et directeur de la clinique.<\/p>\n<p class=\" wall-content\">Tous les cabinets et bureaux de la maison m\u00e9dicale sont occup\u00e9s par des professionnels lib\u00e9raux. Si elle a vu le jour, c\u2019est d\u2019abord parce qu\u2019il y a <strong>\u00ab\u2009une p\u00e9nurie\u2009\u00bb<\/strong> de professionnels de sant\u00e9 dans les environs.<\/p>\n<blockquote class=\"ac-article-quote wall-content\">\n<p>Il n&rsquo;y a plus aucun m\u00e9decin g\u00e9n\u00e9raliste \u00e0 Petit-Couronne et nous n&rsquo;\u00e9tions plus beaucoup \u00e0 Grand-Couronne.<\/p>\n<p>    <strong>Christine Boissel<\/strong><br \/>\n        M\u00e9decin g\u00e9n\u00e9raliste \u00e0 la maison m\u00e9dicale des Essarts    <\/p><\/blockquote>\n<p class=\" wall-content\">Avec cette maison m\u00e9dicale, l\u2019id\u00e9e est d\u2019attirer des professionnels en leur proposant un <strong>confort de travail<\/strong>. D\u00e9j\u00e0, ils peuvent travailler en \u00e9quipe. On peut aussi citer l\u2019acc\u00e8s facilit\u00e9 \u00e0 des professionnels sp\u00e9cialis\u00e9s directement dans le m\u00eame b\u00e2timent. Par exemple, un m\u00e9decin g\u00e9n\u00e9raliste peut rediriger un patient vers la psychiatre de la maison m\u00e9dicale.<\/p>\n<p>Vid\u00e9os : en ce moment sur Actu<\/p>\n<p class=\" wall-content\">Et puis, les professionnels lib\u00e9raux n\u2019ont pas \u00e0 s\u2019occuper de t\u00e2ches annexes comme l\u2019entretien de leur cabinet. Ils peuvent, en plus, profiter de la proximit\u00e9 de certains \u00e9quipements de la clinique et mutualiser les co\u00fbts.<\/p>\n<p>La maison m\u00e9dicale recrute<\/p>\n<p class=\" wall-content\">L\u2019autre raison qui a pouss\u00e9 la clinique \u00e0 investir dans une maison m\u00e9dicale, c\u2019est le vivier de professionnels lib\u00e9raux qu\u2019elle est susceptible de g\u00e9n\u00e9rer. Des m\u00e9decins et autres sp\u00e9cialistes qui pourraient, ponctuellement, venir travailler \u00e0 la clinique tout en b\u00e9n\u00e9ficiant d\u2019un bureau et d\u2019une patient\u00e8le \u00e0 la maison m\u00e9dicale.<\/p>\n<p>Votre r\u00e9gion, votre actu !<\/p>\n<p>Recevez chaque jour les infos qui comptent pour vous.<\/p>\n<p>\t<a href=\"https:\/\/actu.fr\/newsletter\" class=\"ac-btn ac-btn--corner ac-btn--medium ac-btn--blue800\" target=\"_blank\" rel=\"noopener\">S&rsquo;incrire<\/a><\/p>\n<p class=\" wall-content\">Car il y a toujours des besoins. Pour l\u2019heure, la maison m\u00e9dicale des Essarts comprend d\u00e9j\u00e0 <strong>sept professionnels<\/strong>. Deux m\u00e9decins g\u00e9n\u00e9ralistes, une g\u00e9n\u00e9raliste rempla\u00e7ante, une psychologue, une psychiatre, une di\u00e9t\u00e9ticienne et une enseignante d\u2019activit\u00e9s physiques adapt\u00e9es.<\/p>\n<p class=\" wall-content\">Mais seules les deux g\u00e9n\u00e9ralistes sont pr\u00e9sentes \u00e0 temps plein dans les locaux. Les autres bureaux sont donc occup\u00e9s seulement quelques jours par semaine. \u00c0 l\u2019avenir, Philippe Cadet aimerait voir s\u2019installer <strong>un cardiologue, un neurologue et un rhumatologue<\/strong>.<\/p>\n<p class=\" wall-content\">D\u2019ici quelques mois, la maison m\u00e9dicale pourrait accueillir <strong>un kin\u00e9<\/strong> ainsi que <strong>deux neuropsychologues<\/strong> et <strong>un ORL<\/strong>. \u00ab\u2009Nous sommes encore en pourparlers\u2009\u00bb, pr\u00e9cise le directeur de la clinique des Essarts.<\/p>\n<p>Qui sont les professionnels de la maison m\u00e9dicale des Essarts ?<\/p>\n<p>&#8211; Christine Boissel, m\u00e9decin g\u00e9n\u00e9raliste<br \/>&#8211; Lyvia Tiburce Akoumany, m\u00e9decin g\u00e9n\u00e9raliste (elle prend de nouveaux patients)<br \/>&#8211; Alice Rollet, m\u00e9decin g\u00e9n\u00e9raliste rempla\u00e7ante<br \/>&#8211; Marie-Jeanne Bulard, psychologue<br \/>&#8211; Cl\u00e9mence De Taevernier, psychiatre<br \/>&#8211; Muriel Valentino, di\u00e9t\u00e9ticienne<br \/>&#8211; Alison Malou, enseignante d&rsquo;activit\u00e9s physiques adapt\u00e9es<\/p>\n<p class=\" wall-content\">Dans les prochaines ann\u00e9es, un projet d\u2019extension pourrait voir le jour. Il est encore un peu t\u00f4t pour dire quelle forme cet agrandissement prendrait. Mais s\u2019il voit le jour, Philippe Cadet aimerait voir s\u2019installer \u00ab\u2009deux kin\u00e9s suppl\u00e9mentaires et un laboratoire d\u2019analyse\u2009\u00bb.<\/p>\n<p><strong>Infos pratiques<\/strong><br \/>Maison m\u00e9dicale des Essarts, rue du mur Crenele \u00e0 Grand-Couronne. Pour prendre rendez-vous, la plupart des professionnels de la maison m\u00e9dicale se trouvent sur Doctolib et Maiia.<\/p>\n<p class=\" wall-content\">Personnalisez votre actualit\u00e9 en ajoutant vos villes et m\u00e9dias en favori avec <a href=\"https:\/\/moncompte.actu.fr\" title=\"D\u00e9couvez Mon Actu\" rel=\"nofollow noopener\" data-trk=\"{&quot;cta&quot;:{&quot;action&quot;:&quot;https:\\\/\\\/moncompte.actu.fr&quot;,&quot;category&quot;:&quot;mon compte&quot;,&quot;from&quot;:&quot;article footer&quot;,&quot;name&quot;:&quot;Mon actu&quot;,&quot;type&quot;:&quot;cta&quot;}}\" target=\"_blank\">Mon Actu<\/a>.<\/p>\n","protected":false},"excerpt":{"rendered":"Par Yann Rivallan Publi\u00e9 le 4 d\u00e9c. 2025 \u00e0 18h46 M\u00e9decins g\u00e9n\u00e9ralistes, psychologue, psychiatre, di\u00e9t\u00e9ticienne ou encore une&hellip;\n","protected":false},"author":2,"featured_media":578066,"comment_status":"","ping_status":"","sticky":false,"template":"","format":"standard","meta":{"footnotes":""},"categories":[9587],"tags":[1111,11,1777,674,1011,27,69232,2673,12,5161,25,9590,71,104],"class_list":{"0":"post-578065","1":"post","2":"type-post","3":"status-publish","4":"format-standard","5":"has-post-thumbnail","7":"category-rouen","8":"tag-actu","9":"tag-actualites","10":"tag-eu","11":"tag-europe","12":"tag-fr","13":"tag-france","14":"tag-maison-medicale","15":"tag-medecins","16":"tag-news","17":"tag-normandie","18":"tag-republique-francaise","19":"tag-rouen","20":"tag-sante","21":"tag-societe"},"share_on_mastodon":{"url":"https:\/\/pubeurope.com\/@fr\/115662595225071561","error":""},"_links":{"self":[{"href":"https:\/\/www.europesays.com\/fr\/wp-json\/wp\/v2\/posts\/578065","targetHints":{"allow":["GET"]}}],"collection":[{"href":"https:\/\/www.europesays.com\/fr\/wp-json\/wp\/v2\/posts"}],"about":[{"href":"https:\/\/www.europesays.com\/fr\/wp-json\/wp\/v2\/types\/post"}],"author":[{"embeddable":true,"href":"https:\/\/www.europesays.com\/fr\/wp-json\/wp\/v2\/users\/2"}],"replies":[{"embeddable":true,"href":"https:\/\/www.europesays.com\/fr\/wp-json\/wp\/v2\/comments?post=578065"}],"version-history":[{"count":0,"href":"https:\/\/www.europesays.com\/fr\/wp-json\/wp\/v2\/posts\/578065\/revisions"}],"wp:featuredmedia":[{"embeddable":true,"href":"https:\/\/www.europesays.com\/fr\/wp-json\/wp\/v2\/media\/578066"}],"wp:attachment":[{"href":"https:\/\/www.europesays.com\/fr\/wp-json\/wp\/v2\/media?parent=578065"}],"wp:term":[{"taxonomy":"category","embeddable":true,"href":"https:\/\/www.europesays.com\/fr\/wp-json\/wp\/v2\/categories?post=578065"},{"taxonomy":"post_tag","embeddable":true,"href":"https:\/\/www.europesays.com\/fr\/wp-json\/wp\/v2\/tags?post=578065"}],"curies":[{"name":"wp","href":"https:\/\/api.w.org\/{rel}","templated":true}]}}