{"id":578075,"date":"2025-12-04T18:05:16","date_gmt":"2025-12-04T18:05:16","guid":{"rendered":"https:\/\/www.europesays.com\/fr\/578075\/"},"modified":"2025-12-04T18:05:16","modified_gmt":"2025-12-04T18:05:16","slug":"pendant-le-marche-de-noel-de-strasbourg-le-ring-velo-est-accessible-aux-voitures-pourquoi-ca-pose-probleme","status":"publish","type":"post","link":"https:\/\/www.europesays.com\/fr\/578075\/","title":{"rendered":"Pendant le march\u00e9 de No\u00ebl de Strasbourg, le ring v\u00e9lo est accessible aux voitures : pourquoi \u00e7a pose probl\u00e8me"},"content":{"rendered":"<p>                    Par<br \/>\n        <strong><br \/>\n            <a href=\"https:\/\/actu.fr\/auteur\/ivan-capecchi\" title=\"Consulter tous les articles de Ivan CAPECCHI\" target=\"_blank\" rel=\"noopener\">Ivan CAPECCHI<\/a><br \/>\n                    <\/strong><\/p>\n<p>        Publi\u00e9 le<\/p>\n<p>            4 d\u00e9c. 2025 \u00e0 16h55        <\/p>\n<p>Dans un post Facebook publi\u00e9 le 1er\u00a0d\u00e9cembre dernier, l\u2019association de d\u00e9fense des droits des <a href=\"https:\/\/actu.fr\/grand-est\/strasbourg_67482\/strasbourg-comment-la-ville-peut-elle-ameliorer-la-vie-de-ses-cyclistes_63499469.html\" target=\"_blank\" rel=\"noopener\">cyclistes<\/a>, <strong>Strasbourg \u00e0 V\u00e9lo<\/strong>, d\u00e9plore le double discours de la municipalit\u00e9 en ce qui concerne le <a href=\"https:\/\/actu.fr\/grand-est\/strasbourg_67482\/strasbourg-pas-encore-fini-le-ring-velo-seduit-deja-c-est-super-pratique_63050060.html\" target=\"_blank\" rel=\"noopener\">ring v\u00e9lo<\/a>\u2009: d\u2019un c\u00f4t\u00e9, la collectivit\u00e9 invite les cyclistes \u00e0 <strong>l\u2019emprunter pour contourner la Grande-\u00cele<\/strong> mais, d\u2019un autre c\u00f4t\u00e9, l\u2019am\u00e9nagement a \u00e9t\u00e9 <strong>rendu accessible aux voitures<\/strong> durant la p\u00e9riode du <a href=\"https:\/\/actu.fr\/grand-est\/strasbourg_67482\/marche-de-noel-de-strasbourg-2025-voici-quand-venir-pour-eviter-la-foule_63464332.html\" target=\"_blank\" rel=\"noopener\">march\u00e9 de No\u00ebl<\/a>.<\/p>\n<p>\u00ab\u2009Les besoins des cyclistes ne sont pas pris en compte\u2009\u00bb<\/p>\n<p class=\" wall-content\">L\u2019association recommande aux cyclistes <strong>d\u2019utiliser les voies de bus des quais ext\u00e9rieurs<\/strong>, jug\u00e9es plus s\u00fbres que le ring, et conseille aux <a href=\"https:\/\/actu.fr\/tag\/enfants\" target=\"_blank\" rel=\"noopener\">enfants<\/a> ou d\u00e9butants d\u2019emprunter <strong>d\u2019autres itin\u00e9raires<\/strong>, comme les <a href=\"https:\/\/actu.fr\/grand-est\/strasbourg_67482\/strasbourg-c-est-quoi-ces-lignes-vertes-un-peu-partout-dans-le-centre-ville_55787940.html\" target=\"_blank\" rel=\"noopener\">lignes vertes<\/a>, des itin\u00e9raires malins mis en place pour \u00e9viter les zones trop fr\u00e9quent\u00e9es du centre-ville.<\/p>\n<p class=\" wall-content\">\u00ab\u2009Nous constatons malheureusement que <strong>vos besoins ne sont pas pris en compte<\/strong>, malgr\u00e9 nos alertes pr\u00e9coces d\u00e8s les premiers \u00e9changes sur le trac\u00e9 d\u00e9finitif du ring \u2018v\u00e9lo\u2019\u00bb, \u00e9crit l\u2019association.<\/p>\n<p class=\" wall-content\">Contact\u00e9e, la Ville de Strasbourg nous a renvoy\u00e9 vers la pr\u00e9fecture qui nous a renvoy\u00e9 vers la Ville de Strasbourg.<\/p>\n<p class=\" wall-content\">Personnalisez votre actualit\u00e9 en ajoutant vos villes et m\u00e9dias en favori avec <a href=\"https:\/\/moncompte.actu.fr\" title=\"D\u00e9couvez Mon Actu\" rel=\"nofollow noopener\" data-trk=\"{&quot;cta&quot;:{&quot;action&quot;:&quot;https:\\\/\\\/moncompte.actu.fr&quot;,&quot;category&quot;:&quot;mon compte&quot;,&quot;from&quot;:&quot;article footer&quot;,&quot;name&quot;:&quot;Mon actu&quot;,&quot;type&quot;:&quot;cta&quot;}}\" target=\"_blank\">Mon Actu<\/a>.<\/p>\n","protected":false},"excerpt":{"rendered":"Par Ivan CAPECCHI Publi\u00e9 le 4 d\u00e9c. 2025 \u00e0 16h55 Dans un post Facebook publi\u00e9 le 1er\u00a0d\u00e9cembre dernier,&hellip;\n","protected":false},"author":2,"featured_media":578076,"comment_status":"","ping_status":"","sticky":false,"template":"","format":"standard","meta":{"footnotes":""},"categories":[2820],"tags":[1111,11,1777,674,1011,27,775,56596,12,25,104,640,208],"class_list":{"0":"post-578075","1":"post","2":"type-post","3":"status-publish","4":"format-standard","5":"has-post-thumbnail","7":"category-strasbourg","8":"tag-actu","9":"tag-actualites","10":"tag-eu","11":"tag-europe","12":"tag-fr","13":"tag-france","14":"tag-grand-est","15":"tag-marche-de-noel-de-strasbourg","16":"tag-news","17":"tag-republique-francaise","18":"tag-societe","19":"tag-strasbourg","20":"tag-velo"},"share_on_mastodon":{"url":"https:\/\/pubeurope.com\/@fr\/115662626647298742","error":""},"_links":{"self":[{"href":"https:\/\/www.europesays.com\/fr\/wp-json\/wp\/v2\/posts\/578075","targetHints":{"allow":["GET"]}}],"collection":[{"href":"https:\/\/www.europesays.com\/fr\/wp-json\/wp\/v2\/posts"}],"about":[{"href":"https:\/\/www.europesays.com\/fr\/wp-json\/wp\/v2\/types\/post"}],"author":[{"embeddable":true,"href":"https:\/\/www.europesays.com\/fr\/wp-json\/wp\/v2\/users\/2"}],"replies":[{"embeddable":true,"href":"https:\/\/www.europesays.com\/fr\/wp-json\/wp\/v2\/comments?post=578075"}],"version-history":[{"count":0,"href":"https:\/\/www.europesays.com\/fr\/wp-json\/wp\/v2\/posts\/578075\/revisions"}],"wp:featuredmedia":[{"embeddable":true,"href":"https:\/\/www.europesays.com\/fr\/wp-json\/wp\/v2\/media\/578076"}],"wp:attachment":[{"href":"https:\/\/www.europesays.com\/fr\/wp-json\/wp\/v2\/media?parent=578075"}],"wp:term":[{"taxonomy":"category","embeddable":true,"href":"https:\/\/www.europesays.com\/fr\/wp-json\/wp\/v2\/categories?post=578075"},{"taxonomy":"post_tag","embeddable":true,"href":"https:\/\/www.europesays.com\/fr\/wp-json\/wp\/v2\/tags?post=578075"}],"curies":[{"name":"wp","href":"https:\/\/api.w.org\/{rel}","templated":true}]}}