{"id":578083,"date":"2025-12-04T18:10:30","date_gmt":"2025-12-04T18:10:30","guid":{"rendered":"https:\/\/www.europesays.com\/fr\/578083\/"},"modified":"2025-12-04T18:10:30","modified_gmt":"2025-12-04T18:10:30","slug":"fc-nantes-rc-lens-jespere-quil-y-aura-quelques-arrivees-au-mercato-dit","status":"publish","type":"post","link":"https:\/\/www.europesays.com\/fr\/578083\/","title":{"rendered":"FC Nantes &#8211; RC Lens. \u00ab\u00a0J\u2019esp\u00e8re qu\u2019il y aura quelques arriv\u00e9es au mercato\u00a0!\u00a0\u00bb, dit"},"content":{"rendered":"<p>C\u2019est le leader, le RC Lens, qui rend visite au <a href=\"https:\/\/www.ouest-france.fr\/sport\/football\/fc-nantes\/\" target=\"_self\" rel=\"noopener\">FC Nantes<\/a>, samedi (17\u00a0h,) \u00e0 la Beaujoire. Les Canaris sont actuellement barragistes (16es), d\u00e9j\u00e0 \u00e0 trois\u00a0points de Lorient (15e). Le milieu de terrain <a href=\"https:\/\/nantes.maville.com\/sport\/detail_-fc-nantes.-un-contrat-jusqu-en-2029-pour-johann-lepenant-_8-6882381_actu.Htm\" target=\"_self\" rel=\"noopener\">Johann Lepenant<\/a>, interrog\u00e9 par les m\u00e9dias \u00e0 48\u00a0heures de la rencontre, estime que cet effectif met tous les atouts de son c\u00f4t\u00e9 pour r\u00e9ussir. Il r\u00e9clame (de lui-m\u00eame) la venue de quelques joueurs au mercato de janvier.<\/p>\n<p>Vous \u00eates dans quel \u00e9tat d\u2019esprit avant ce match contre le leader\u00a0?<\/p>\n<p>On est dans un \u00e9tat d\u2019esprit de travail. Je pense qu\u2019on doit avoir une r\u00e9action. Il va falloir s\u2019appuyer sur la premi\u00e8re p\u00e9riode qu\u2019on a pu faire \u00e0 Lyon (3-0). On est dans un \u00e9tat d\u2019esprit de ne rien l\u00e2cher. Chaque match va \u00eatre tr\u00e8s important.<\/p>\n<p>Depuis le d\u00e9but de saison, on dit qu\u2019il faut laisser du temps \u00e0 cette \u00e9quipe. \u00cates-vous persuad\u00e9 que \u00e7a va venir\u00a0?<\/p>\n<p>Oui, parce qu\u2019il y a des bonnes id\u00e9es. On est un groupe jeune, \u00e7a met du temps \u00e0 se mettre en place. Apr\u00e8s, il y a aussi un mercato qui arrive. Je pense qu\u2019il y aura quelques arriv\u00e9es. En tout cas, j\u2019esp\u00e8re. Le groupe bosse, on n\u2019est pas des tricheurs. On donne tout \u00e0 l\u2019entra\u00eenement. M\u00eame en match, on essaie de montrer le meilleur visage possible. Le staff bosse. Tous les jours, il est l\u00e0 \u00e0 chercher des solutions. On ne l\u00e2che rien. Je sais que le vent va tourner.<\/p>\n<p><strong>Lire aussi<\/strong>\u00a0: <a href=\"https:\/\/nantes.maville.com\/sport\/detail_-info-ouest-france.-mercato.-le-lensois-deiver-machado-arrive-au-fc-nantes-_8-7092502_actu.Htm\" target=\"_self\" rel=\"noopener\">Le Lensois Deiver Machado arrive au FC Nantes<\/a><\/p>\n<p>Vous avez parl\u00e9 vous-m\u00eame du mercato. Ce groupe a-t-il besoin d\u2019\u00eatre r\u00e9g\u00e9n\u00e9r\u00e9\u00a0?<\/p>\n<p>Oui, je pense qu\u2019il va falloir deux ou trois recrues pour amener une certaine concurrence. Que le groupe se pousse vers le haut. Je pense que c\u2019est ainsi qu\u2019on va r\u00e9ussir \u00e0 r\u00e9aliser de belles choses. Il faut qu\u2019\u00e0 l\u2019avenir les \u00e9quipes craignent de venir jouer contre nous.<\/p>\n<p>\u00ab\u00a0Se remettre en question et innover\u00a0!\u00a0\u00bb<\/p>\n<p>Y a-t-il une inqui\u00e9tude au sein du club, avec ces trois points de retard sur le 15e\u00a0?<\/p>\n<p>Si on s\u2019inqui\u00e8te et qu\u2019on panique, peut-\u00eatre que \u00e7a va devenir pire. Il faut qu\u2019on garde la t\u00eate haute, qu\u2019on bosse, qu\u2019on trouve des solutions pour que le week-end, \u00e7a marche mieux. C\u2019est ce qu\u2019on essaie de faire au quotidien. Je n\u2019ai rien \u00e0 reprocher \u00e0 l\u2019\u00e9quipe. La semaine, on bosse comme des fous.<\/p>\n<\/p>\n<p>Que faut-il corriger\u00a0?<\/p>\n<p>Je pense que c\u2019est un peu global. Il faut peut-\u00eatre changer notre vision de jeu, modifier quelques phases de jeu. Au d\u00e9but de semaine, le coach a parl\u00e9 de changer un peu notre approche des sorties de balle. Il faut se remettre en question et innover.<\/p>\n<p>Comment avez-vous v\u00e9cu ces deux mois \u00e9loign\u00e9s du terrain (fissure de la fibula)\u00a0?<\/p>\n<p>J\u2019avais d\u00e9j\u00e0 connu \u00e7a \u00e0 Lyon. J\u2019avais \u00e9t\u00e9 \u00e9cart\u00e9 pendant six mois avec mon genou. L\u00e0, c\u2019\u00e9tait deux mois. C\u2019\u00e9tait un peu mieux (sourire). C\u2019est toujours emb\u00eatant de voir les copains un peu gal\u00e9rer. C\u2019est frustrant, mais il y a toujours un r\u00f4le \u00e0 jouer. Je les ai suivis, que ce soit la semaine ou en match \u00e0 la mi-temps. C\u2019est frustrant, mais c\u2019est la vie d\u2019un footballeur.<\/p>\n<p>\u00a0<\/p>\n","protected":false},"excerpt":{"rendered":"C\u2019est le leader, le RC Lens, qui rend visite au FC Nantes, samedi (17\u00a0h,) \u00e0 la Beaujoire. Les&hellip;\n","protected":false},"author":2,"featured_media":578084,"comment_status":"","ping_status":"","sticky":false,"template":"","format":"standard","meta":{"footnotes":""},"categories":[2818],"tags":[1111,11,3809,1465,1777,674,63,1011,27,1792,1922,766,12,2636,25,479,3728,517,1470],"class_list":{"0":"post-578083","1":"post","2":"type-post","3":"status-publish","4":"format-standard","5":"has-post-thumbnail","7":"category-nantes","8":"tag-actu","9":"tag-actualites","10":"tag-ball","11":"tag-basket","12":"tag-eu","13":"tag-europe","14":"tag-football","15":"tag-fr","16":"tag-france","17":"tag-handball","18":"tag-info","19":"tag-nantes","20":"tag-news","21":"tag-pays-de-la-loire","22":"tag-republique-francaise","23":"tag-rugby","24":"tag-saint-malo","25":"tag-sport","26":"tag-volley"},"share_on_mastodon":{"url":"https:\/\/pubeurope.com\/@fr\/115662646435073784","error":""},"_links":{"self":[{"href":"https:\/\/www.europesays.com\/fr\/wp-json\/wp\/v2\/posts\/578083","targetHints":{"allow":["GET"]}}],"collection":[{"href":"https:\/\/www.europesays.com\/fr\/wp-json\/wp\/v2\/posts"}],"about":[{"href":"https:\/\/www.europesays.com\/fr\/wp-json\/wp\/v2\/types\/post"}],"author":[{"embeddable":true,"href":"https:\/\/www.europesays.com\/fr\/wp-json\/wp\/v2\/users\/2"}],"replies":[{"embeddable":true,"href":"https:\/\/www.europesays.com\/fr\/wp-json\/wp\/v2\/comments?post=578083"}],"version-history":[{"count":0,"href":"https:\/\/www.europesays.com\/fr\/wp-json\/wp\/v2\/posts\/578083\/revisions"}],"wp:featuredmedia":[{"embeddable":true,"href":"https:\/\/www.europesays.com\/fr\/wp-json\/wp\/v2\/media\/578084"}],"wp:attachment":[{"href":"https:\/\/www.europesays.com\/fr\/wp-json\/wp\/v2\/media?parent=578083"}],"wp:term":[{"taxonomy":"category","embeddable":true,"href":"https:\/\/www.europesays.com\/fr\/wp-json\/wp\/v2\/categories?post=578083"},{"taxonomy":"post_tag","embeddable":true,"href":"https:\/\/www.europesays.com\/fr\/wp-json\/wp\/v2\/tags?post=578083"}],"curies":[{"name":"wp","href":"https:\/\/api.w.org\/{rel}","templated":true}]}}