{"id":578089,"date":"2025-12-04T18:13:14","date_gmt":"2025-12-04T18:13:14","guid":{"rendered":"https:\/\/www.europesays.com\/fr\/578089\/"},"modified":"2025-12-04T18:13:14","modified_gmt":"2025-12-04T18:13:14","slug":"lactivite-repart-a-la-hausse-pour-le-gie-garonne-developpement-en-2026","status":"publish","type":"post","link":"https:\/\/www.europesays.com\/fr\/578089\/","title":{"rendered":"L\u2019activit\u00e9 repart \u00e0 la hausse pour le GIE Garonne D\u00e9veloppement en 2026"},"content":{"rendered":"<p>Le GIE Garonne D\u00e9veloppement\u00a0[<a href=\"#nb1\" class=\"spip_note\" rel=\"appendix\" title=\"Il regroupe la SA des Chalets, la Coop\u00e9rative de la Haute Garonne, l\u2019OPH31,\u00a0(\u2026)\" id=\"nh1\">1<\/a>], qui regroupe neuf bailleurs sociaux de Haute-Garonne, du Gers et de l\u2019Ari\u00e8ge, annonce un programme d\u2019appels d\u2019offres travaux en progression pour l\u2019ann\u00e9e prochaine. \u00ab\u00a0Nous lancerons 38 appels d\u2019offres repr\u00e9sentant 1101 logements \u00e0 construire, soit une hausse de 76\u00a0%, et 34 appels d\u2019offres pour des r\u00e9habilitations qui repr\u00e9senteront 1060 logements, soit une hausse de 70\u00a0% par rapport \u00e0 2025\u00a0\u00bb, indique Emmanuelle Brassier, la directrice des affaires immobili\u00e8res du GIE.<\/p>\n<p>Cette ann\u00e9e, en effet, contexte \u00e9conomique oblige, le groupement a \u00e9t\u00e9 contraint de reporter 15\u00a0% des appels d\u2019offres initialement pr\u00e9vus. Mais aucun n\u2019a \u00e9t\u00e9 annul\u00e9.<\/p>\n<p>Notes<\/p>\n<p>[<a href=\"#nh1\" class=\"spip_note\" title=\"Notes 1\" rev=\"appendix\">1<\/a>]\u00a0Il regroupe la SA des Chalets, la Coop\u00e9rative de la Haute Garonne, l\u2019OPH31, le Toit familial de Gascogne, CDC habitat, CDC Habitat Social, Notre Maison, l\u2019OPH09 et Ysalia.<\/p>\n","protected":false},"excerpt":{"rendered":"Le GIE Garonne D\u00e9veloppement\u00a0[1], qui regroupe neuf bailleurs sociaux de Haute-Garonne, du Gers et de l\u2019Ari\u00e8ge, annonce un&hellip;\n","protected":false},"author":2,"featured_media":373637,"comment_status":"","ping_status":"","sticky":false,"template":"","format":"standard","meta":{"footnotes":""},"categories":[2816],"tags":[1111,11,1777,674,1011,27,69233,16354,12,2680,25,2312],"class_list":{"0":"post-578089","1":"post","2":"type-post","3":"status-publish","4":"format-standard","5":"has-post-thumbnail","7":"category-toulouse","8":"tag-actu","9":"tag-actualites","10":"tag-eu","11":"tag-europe","12":"tag-fr","13":"tag-france","14":"tag-garonne-developpement","15":"tag-logement-social","16":"tag-news","17":"tag-occitanie","18":"tag-republique-francaise","19":"tag-toulouse"},"share_on_mastodon":{"url":"https:\/\/pubeurope.com\/@fr\/115662658284872212","error":""},"_links":{"self":[{"href":"https:\/\/www.europesays.com\/fr\/wp-json\/wp\/v2\/posts\/578089","targetHints":{"allow":["GET"]}}],"collection":[{"href":"https:\/\/www.europesays.com\/fr\/wp-json\/wp\/v2\/posts"}],"about":[{"href":"https:\/\/www.europesays.com\/fr\/wp-json\/wp\/v2\/types\/post"}],"author":[{"embeddable":true,"href":"https:\/\/www.europesays.com\/fr\/wp-json\/wp\/v2\/users\/2"}],"replies":[{"embeddable":true,"href":"https:\/\/www.europesays.com\/fr\/wp-json\/wp\/v2\/comments?post=578089"}],"version-history":[{"count":0,"href":"https:\/\/www.europesays.com\/fr\/wp-json\/wp\/v2\/posts\/578089\/revisions"}],"wp:featuredmedia":[{"embeddable":true,"href":"https:\/\/www.europesays.com\/fr\/wp-json\/wp\/v2\/media\/373637"}],"wp:attachment":[{"href":"https:\/\/www.europesays.com\/fr\/wp-json\/wp\/v2\/media?parent=578089"}],"wp:term":[{"taxonomy":"category","embeddable":true,"href":"https:\/\/www.europesays.com\/fr\/wp-json\/wp\/v2\/categories?post=578089"},{"taxonomy":"post_tag","embeddable":true,"href":"https:\/\/www.europesays.com\/fr\/wp-json\/wp\/v2\/tags?post=578089"}],"curies":[{"name":"wp","href":"https:\/\/api.w.org\/{rel}","templated":true}]}}