{"id":578096,"date":"2025-12-04T18:19:13","date_gmt":"2025-12-04T18:19:13","guid":{"rendered":"https:\/\/www.europesays.com\/fr\/578096\/"},"modified":"2025-12-04T18:19:13","modified_gmt":"2025-12-04T18:19:13","slug":"le-colis-suspect-a-la-gare-saint-charles-etait-le-sac-dun-dealer","status":"publish","type":"post","link":"https:\/\/www.europesays.com\/fr\/578096\/","title":{"rendered":"le colis suspect \u00e0 la gare Saint-Charles \u00e9tait le sac d&rsquo;un dealer"},"content":{"rendered":"<p>C\u2019est le lot quotidien des<a href=\"https:\/\/www.laprovence.com\/article\/region\/4624509672633514\/la-gare-saint-charles-de-marseille-a-ete-evacuee-plus-aucun-train-ne-circule\" target=\"_blank\" rel=\"noopener\"> gares et des transports en commun<\/a>\u00a0: un sac oubli\u00e9 sur un quai qui <a href=\"https:\/\/www.laprovence.com\/article\/edition-marseille\/6345461\/les-bagages-abandonnes-une-plaie-pour-la-gare-saint-charles.html\" target=\"_blank\" rel=\"noopener\">perturbe le trafi<\/a>c jusqu\u2019\u00e0 ce que les forces de l\u2019ordre, voire les d\u00e9mineurs, \u00e9cartent tout danger. Mais ce mercredi 3\u00a0d\u00e9cembre 2025, \u00e0 la gare Saint-Charles de Marseille, c\u2019est un colis particuli\u00e8rement singulier qui met les personnels en \u00e9moi. Peu avant 15h, un bagage est rep\u00e9r\u00e9 \u00e0 l\u2019abandon dans l\u2019enceinte de la gare. Le sac \u00e0 dos orphelin s\u2019av\u00e8re toutefois plus stup\u00e9fiant que suspect\u00a0: \u00e0 d\u00e9faut d\u2019\u00e9tiquetage, les policiers et les agents de la s\u00fbret\u00e9 ferroviaire (Suge) rel\u00e8vent une odeur bien famili\u00e8re et d\u00e9couvrent qu\u2019il contient quelque 700 grammes de r\u00e9sine de cannabis.<\/p>\n<p>Dans le m\u00eame temps, les agents examinent les images capt\u00e9es par les cam\u00e9ras de vid\u00e9osurveillance de la gare, un retour-arri\u00e8re rapide jusqu\u2019\u00e0 remonter \u00e0 deux silhouettes qui s\u2019affairaient autour dudit bagage peu de temps avant sa d\u00e9couverte. Forts de la description des deux hommes, les fonctionnaires optent alors pour un d\u00e9samor\u00e7age \u00e0 leur fa\u00e7on\u00a0: ils planquent en proximit\u00e9 en attendant le retour du duo, qui ne laissera sans doute pas longtemps son stock de shit \u00e0 l\u2019abandon. Et \u00e7a ne loupe pas, les deux suspects r\u00e9apparaissent dans l\u2019apr\u00e8s-midi et sont interpell\u00e9s \u00e0 l\u2019approche du sac. \u00c2g\u00e9s de 17 et 18\u00a0ans, ils sont interpell\u00e9s et plac\u00e9s en garde \u00e0 vue au commissariat de Noailles.<\/p>\n","protected":false},"excerpt":{"rendered":"C\u2019est le lot quotidien des gares et des transports en commun\u00a0: un sac oubli\u00e9 sur un quai qui&hellip;\n","protected":false},"author":2,"featured_media":578097,"comment_status":"","ping_status":"","sticky":false,"template":"","format":"standard","meta":{"footnotes":""},"categories":[2814],"tags":[17,1111,11,1102,12784,2837,8485,1777,674,274,1011,27,7533,884,12,882,25,46202,1178,16022],"class_list":{"0":"post-578096","1":"post","2":"type-post","3":"status-publish","4":"format-standard","5":"has-post-thumbnail","7":"category-marseille","8":"tag-17","9":"tag-actu","10":"tag-actualites","11":"tag-breakingnews","12":"tag-colis","13":"tag-dun","14":"tag-etait","15":"tag-eu","16":"tag-europe","17":"tag-faits-divers-justice","18":"tag-fr","19":"tag-france","20":"tag-gare","21":"tag-marseille","22":"tag-news","23":"tag-provence-alpes-cote-dazur","24":"tag-republique-francaise","25":"tag-sac","26":"tag-saint-charles","27":"tag-suspect"},"share_on_mastodon":{"url":"https:\/\/pubeurope.com\/@fr\/115662681829120623","error":""},"_links":{"self":[{"href":"https:\/\/www.europesays.com\/fr\/wp-json\/wp\/v2\/posts\/578096","targetHints":{"allow":["GET"]}}],"collection":[{"href":"https:\/\/www.europesays.com\/fr\/wp-json\/wp\/v2\/posts"}],"about":[{"href":"https:\/\/www.europesays.com\/fr\/wp-json\/wp\/v2\/types\/post"}],"author":[{"embeddable":true,"href":"https:\/\/www.europesays.com\/fr\/wp-json\/wp\/v2\/users\/2"}],"replies":[{"embeddable":true,"href":"https:\/\/www.europesays.com\/fr\/wp-json\/wp\/v2\/comments?post=578096"}],"version-history":[{"count":0,"href":"https:\/\/www.europesays.com\/fr\/wp-json\/wp\/v2\/posts\/578096\/revisions"}],"wp:featuredmedia":[{"embeddable":true,"href":"https:\/\/www.europesays.com\/fr\/wp-json\/wp\/v2\/media\/578097"}],"wp:attachment":[{"href":"https:\/\/www.europesays.com\/fr\/wp-json\/wp\/v2\/media?parent=578096"}],"wp:term":[{"taxonomy":"category","embeddable":true,"href":"https:\/\/www.europesays.com\/fr\/wp-json\/wp\/v2\/categories?post=578096"},{"taxonomy":"post_tag","embeddable":true,"href":"https:\/\/www.europesays.com\/fr\/wp-json\/wp\/v2\/tags?post=578096"}],"curies":[{"name":"wp","href":"https:\/\/api.w.org\/{rel}","templated":true}]}}