{"id":578098,"date":"2025-12-04T18:20:16","date_gmt":"2025-12-04T18:20:16","guid":{"rendered":"https:\/\/www.europesays.com\/fr\/578098\/"},"modified":"2025-12-04T18:20:16","modified_gmt":"2025-12-04T18:20:16","slug":"des-milliers-de-fans-de-jul-attendus-ce-vendredi-au-nouveau-magasin-de-la-star-a-marseille","status":"publish","type":"post","link":"https:\/\/www.europesays.com\/fr\/578098\/","title":{"rendered":"Des milliers de fans de Jul attendus ce vendredi au nouveau magasin de la star \u00e0 Marseille"},"content":{"rendered":"<p>Ils seront pr\u00e8s de 5.000 fans de Jul, attendus ce vendredi \u00e0 l&rsquo;ouverture du magasin \u00e9ph\u00e9m\u00e8re de la star dans le centre commercial La Galerie dans la zone de la Valentine \u00e0 Marseille. Ce vendredi est aussi le jour de la sortie du nouvel album de Jul \u00ab\u00a0TP sur TP\u00a0\u00bb.\n<\/p>\n<p>Les \u00e9quipes du centre commercial La Galerie ont travaill\u00e9 une partie de la nuit pour \u00eatre pr\u00eats pour l&rsquo;ouverture ce\u00a0<strong>vendredi matin, \u00e0 10 heures,<\/strong>\u00a0du nouveau \u00ab\u00a0Jul Store\u00a0\u00bb, dans la zone de la Valentine \u00e0 Marseille.<\/p>\n<p>Un troisi\u00e8me magasin \u00e9ph\u00e9m\u00e8re (apr\u00e8s celui des Terrasses du Port et de Prado Shopping), id\u00e9al pour les cadeaux de No\u00ebl des fans. Le magasin sera ouvert de 10 heures \u00e0 20 heures, tous les jours jusqu&rsquo;au 24 d\u00e9cembre inclus (jusqu\u2019\u00e0 17 heures le 24\/12). Sur plus de 200 m\u00e8tres carr\u00e9s, ce magasin est situ\u00e9 juste \u00e0 c\u00f4t\u00e9 de la boutique de l&rsquo;Olympique de Marseille.<\/p>\n<p>Un dispositif de s\u00e9curit\u00e9 exceptionnel<\/p>\n<p>La direction du centre commercial s&rsquo;attend \u00e0 une fr\u00e9quentation de <strong>4.000 \u00e0 5.000 personnes pour ce premier jour<\/strong>. Face \u00e0 cette affluence record, elle a pr\u00e9vu un dispositif de s\u00e9curit\u00e9 exceptionnel. Un dispositif \u00e9labor\u00e9 notamment avec la pr\u00e9fecture de police pour garantir la s\u00e9curit\u00e9 \u00e0 l&rsquo;int\u00e9rieur de la Galerie, avec le renfort de plusieurs dizaines d&rsquo;agents de s\u00e9curit\u00e9 mais aussi avec la pr\u00e9sence de policiers sur ses acc\u00e8s et ses parkings pour r\u00e9guler la circulation.<\/p>\n<p>Selon Eric Peschel, directeur de la Galerie, <strong>il est pr\u00e9f\u00e9rable d\u2019arriver vers 8h30<\/strong> ou de programmer sa visite apr\u00e8s ce week-end d\u2019ouverture afin d\u2019\u00e9viter de longues heures d\u2019attente.<\/p>\n<p><strong>Un important trafic est attendu dans ce secteur \u00e0 partir de 8 heures<\/strong>, une demi-heure avant l\u2019ouverture de la Galerie o\u00f9 est implant\u00e9 aussi un hypermarch\u00e9 Auchan.<\/p>\n<p>\u00c0 lire aussi   <img decoding=\"async\" src=\"https:\/\/www.europesays.com\/fr\/wp-content\/uploads\/2025\/12\/1764872416_223_400x400\" alt=\"\" style=\"--_image-preview:url('data:image\/jpeg;base64,\/9j\/2wBDACgcHiMeGSgjISMtKygwPGRBPDc3PHtYXUlkkYCZlo+AjIqgtObDoKrarYqMyP\/L2u71\/\/\/\/m8H\/\/\/\/6\/+b9\/\/j\/2wBDASstLTw1PHZBQXb4pYyl+Pj4+Pj4+Pj4+Pj4+Pj4+Pj4+Pj4+Pj4+Pj4+Pj4+Pj4+Pj4+Pj4+Pj4+Pj4+Pj4+Pj\/wAARCAAXACoDASIAAhEBAxEB\/8QAGQAAAwEBAQAAAAAAAAAAAAAAAAIDAQQF\/8QAGBABAQEBAQAAAAAAAAAAAAAAAAIBERL\/xAAVAQEBAAAAAAAAAAAAAAAAAAABAP\/EABURAQEAAAAAAAAAAAAAAAAAAAAB\/9oADAMBAAIRAxEAPwDx8xSZLOLRKTPLNlfJLUkOasKreJ8RPGOiMAQquYWsAIQvEgEX\/9k=');\" loading=\"lazy\" fetchpriority=\"low\" aria-hidden=\"true\" class=\"svelte-1cksh76 rounded\" onload=\"this.__e=event\" onerror=\"this.__e=event\"\/><\/p>\n","protected":false},"excerpt":{"rendered":"Ils seront pr\u00e8s de 5.000 fans de Jul, attendus ce vendredi \u00e0 l&rsquo;ouverture du magasin \u00e9ph\u00e9m\u00e8re de la&hellip;\n","protected":false},"author":2,"featured_media":578099,"comment_status":"","ping_status":"","sticky":false,"template":"","format":"standard","meta":{"footnotes":""},"categories":[2814],"tags":[1111,11,1777,674,1011,27,884,12,882,25],"class_list":{"0":"post-578098","1":"post","2":"type-post","3":"status-publish","4":"format-standard","5":"has-post-thumbnail","7":"category-marseille","8":"tag-actu","9":"tag-actualites","10":"tag-eu","11":"tag-europe","12":"tag-fr","13":"tag-france","14":"tag-marseille","15":"tag-news","16":"tag-provence-alpes-cote-dazur","17":"tag-republique-francaise"},"share_on_mastodon":{"url":"https:\/\/pubeurope.com\/@fr\/115662686828832666","error":""},"_links":{"self":[{"href":"https:\/\/www.europesays.com\/fr\/wp-json\/wp\/v2\/posts\/578098","targetHints":{"allow":["GET"]}}],"collection":[{"href":"https:\/\/www.europesays.com\/fr\/wp-json\/wp\/v2\/posts"}],"about":[{"href":"https:\/\/www.europesays.com\/fr\/wp-json\/wp\/v2\/types\/post"}],"author":[{"embeddable":true,"href":"https:\/\/www.europesays.com\/fr\/wp-json\/wp\/v2\/users\/2"}],"replies":[{"embeddable":true,"href":"https:\/\/www.europesays.com\/fr\/wp-json\/wp\/v2\/comments?post=578098"}],"version-history":[{"count":0,"href":"https:\/\/www.europesays.com\/fr\/wp-json\/wp\/v2\/posts\/578098\/revisions"}],"wp:featuredmedia":[{"embeddable":true,"href":"https:\/\/www.europesays.com\/fr\/wp-json\/wp\/v2\/media\/578099"}],"wp:attachment":[{"href":"https:\/\/www.europesays.com\/fr\/wp-json\/wp\/v2\/media?parent=578098"}],"wp:term":[{"taxonomy":"category","embeddable":true,"href":"https:\/\/www.europesays.com\/fr\/wp-json\/wp\/v2\/categories?post=578098"},{"taxonomy":"post_tag","embeddable":true,"href":"https:\/\/www.europesays.com\/fr\/wp-json\/wp\/v2\/tags?post=578098"}],"curies":[{"name":"wp","href":"https:\/\/api.w.org\/{rel}","templated":true}]}}