{"id":57810,"date":"2025-04-27T22:14:08","date_gmt":"2025-04-27T22:14:08","guid":{"rendered":"https:\/\/www.europesays.com\/fr\/57810\/"},"modified":"2025-04-27T22:14:08","modified_gmt":"2025-04-27T22:14:08","slug":"en-france-les-medecins-dans-la-rue-pour-protester-contre-la-loi-garrot","status":"publish","type":"post","link":"https:\/\/www.europesays.com\/fr\/57810\/","title":{"rendered":"En France, les m\u00e9decins dans la rue pour protester contre la loi Garrot"},"content":{"rendered":"<p>\n                                                En r\u00e9action \u00e0 l&rsquo;adoption par les d\u00e9put\u00e9s d&rsquo;un article de loi visant \u00e0 r\u00e9guler l&rsquo;installation des m\u00e9decins sur le territoire, et ainsi esp\u00e9rer r\u00e9soudre le probl\u00e8me des d\u00e9serts m\u00e9dicaux, les m\u00e9decins lancent un mouvement de gr\u00e8ve ce lundi 28 avril et des manifestations auront lieu dans toute la France mardi.                    <\/p>\n<p>Ce n&rsquo;est pas une nouvelle probl\u00e9matique en France : non seulement il n&rsquo;y a pas assez de m\u00e9decin dans le pays, mais ils sont aussi tr\u00e8s mal r\u00e9partis. Huit millions de Fran\u00e7ais vivent aujourd&rsquo;hui dans un d\u00e9sert m\u00e9dical, sans m\u00e9decin g\u00e9n\u00e9raliste attitr\u00e9. Pour y rem\u00e9dier, des d\u00e9put\u00e9s ont adopt\u00e9, le 2 avril 2025, un article de la loi Garrot visant \u00e0 r\u00e9guler l&rsquo;installation des m\u00e9decins sur le territoire. Les jeunes praticiens seraient ainsi oblig\u00e9s de s&rsquo;installer dans des territoires sous-dot\u00e9s. Il n\u2019en fallait pas plus pour provoquer une fronde des m\u00e9decins.<\/p>\n<p class=\"a-read-more\">\u00c0 lire aussi<a target=\"_self\" href=\"https:\/\/www.rfi.fr\/fr\/france\/20250425-france-les-m\u00e9decins-bient\u00f4t-contraints-\u00e0-exercer-jusqu-\u00e0-deux-jours-par-mois-dans-les-d\u00e9serts-m\u00e9dicaux\" class=\"a-read-more__link\" rel=\"noopener\">France: les m\u00e9decins bient\u00f4t contraints \u00e0 exercer jusqu&rsquo;\u00e0 deux jours par mois dans les \u00abd\u00e9serts m\u00e9dicaux\u00bb<\/a><\/p>\n","protected":false},"excerpt":{"rendered":"En r\u00e9action \u00e0 l&rsquo;adoption par les d\u00e9put\u00e9s d&rsquo;un article de loi visant \u00e0 r\u00e9guler l&rsquo;installation des m\u00e9decins sur&hellip;\n","protected":false},"author":2,"featured_media":57811,"comment_status":"","ping_status":"","sticky":false,"template":"","format":"standard","meta":{"footnotes":""},"categories":[4],"tags":[11,1011,27,12,5920,25,2362],"class_list":{"0":"post-57810","1":"post","2":"type-post","3":"status-publish","4":"format-standard","5":"has-post-thumbnail","7":"category-france","8":"tag-actualites","9":"tag-fr","10":"tag-france","11":"tag-news","12":"tag-reportage-france","13":"tag-republique-francaise","14":"tag-sante-et-medecine"},"share_on_mastodon":{"url":"https:\/\/pubeurope.com\/@fr\/114412235186242118","error":""},"_links":{"self":[{"href":"https:\/\/www.europesays.com\/fr\/wp-json\/wp\/v2\/posts\/57810","targetHints":{"allow":["GET"]}}],"collection":[{"href":"https:\/\/www.europesays.com\/fr\/wp-json\/wp\/v2\/posts"}],"about":[{"href":"https:\/\/www.europesays.com\/fr\/wp-json\/wp\/v2\/types\/post"}],"author":[{"embeddable":true,"href":"https:\/\/www.europesays.com\/fr\/wp-json\/wp\/v2\/users\/2"}],"replies":[{"embeddable":true,"href":"https:\/\/www.europesays.com\/fr\/wp-json\/wp\/v2\/comments?post=57810"}],"version-history":[{"count":0,"href":"https:\/\/www.europesays.com\/fr\/wp-json\/wp\/v2\/posts\/57810\/revisions"}],"wp:featuredmedia":[{"embeddable":true,"href":"https:\/\/www.europesays.com\/fr\/wp-json\/wp\/v2\/media\/57811"}],"wp:attachment":[{"href":"https:\/\/www.europesays.com\/fr\/wp-json\/wp\/v2\/media?parent=57810"}],"wp:term":[{"taxonomy":"category","embeddable":true,"href":"https:\/\/www.europesays.com\/fr\/wp-json\/wp\/v2\/categories?post=57810"},{"taxonomy":"post_tag","embeddable":true,"href":"https:\/\/www.europesays.com\/fr\/wp-json\/wp\/v2\/tags?post=57810"}],"curies":[{"name":"wp","href":"https:\/\/api.w.org\/{rel}","templated":true}]}}