{"id":578100,"date":"2025-12-04T18:21:15","date_gmt":"2025-12-04T18:21:15","guid":{"rendered":"https:\/\/www.europesays.com\/fr\/578100\/"},"modified":"2025-12-04T18:21:15","modified_gmt":"2025-12-04T18:21:15","slug":"des-eleves-evacues-apres-un-debut-dincendie-au-lycee-rosa-parks","status":"publish","type":"post","link":"https:\/\/www.europesays.com\/fr\/578100\/","title":{"rendered":"des \u00e9l\u00e8ves \u00e9vacu\u00e9s apr\u00e8s un d\u00e9but d\u2019incendie au lyc\u00e9e Rosa Parks"},"content":{"rendered":"<p itemprop=\"description\"><strong>Le lyc\u00e9e Rosa Parks de Neuville-sur-Sa\u00f4ne \u00e9vacu\u00e9 apr\u00e8s un incendie ce jeudi midi.<\/strong><\/p>\n<p>Le feu s\u2019est d\u00e9clar\u00e9 dans le faux plafond des toilettes de l\u2019\u00e9tablissement. Le sinistre a rapidement \u00e9t\u00e9 maitris\u00e9, mais selon les premiers \u00e9l\u00e9ments cit\u00e9s par Le Progr\u00e8s, il s\u2019agirait d\u2019un incendie volontaire.\u00a0<\/p>\n<p>Les 866 \u00e9l\u00e8ves ont pu regagner le lyc\u00e9e au bout d\u2019une heure. Aucun bless\u00e9 ne serait \u00e0 d\u00e9plorer.<\/p>\n","protected":false},"excerpt":{"rendered":"Le lyc\u00e9e Rosa Parks de Neuville-sur-Sa\u00f4ne \u00e9vacu\u00e9 apr\u00e8s un incendie ce jeudi midi. Le feu s\u2019est d\u00e9clar\u00e9 dans&hellip;\n","protected":false},"author":2,"featured_media":578101,"comment_status":"","ping_status":"","sticky":false,"template":"","format":"standard","meta":{"footnotes":""},"categories":[1889],"tags":[1111,11,2813,2190,2430,1109,251,1112,2811,1777,674,118,1011,27,1922,1110,1114,2428,2810,12,241,316,25,2812,517,800],"class_list":{"0":"post-578100","1":"post","2":"type-post","3":"status-publish","4":"format-standard","5":"has-post-thumbnail","7":"category-lyon","8":"tag-actu","9":"tag-actualites","10":"tag-article","11":"tag-asvel","12":"tag-auvergne-rhone-alpes","13":"tag-breves","14":"tag-culture","15":"tag-depeches","16":"tag-economique","17":"tag-eu","18":"tag-europe","19":"tag-faits-divers","20":"tag-fr","21":"tag-france","22":"tag-info","23":"tag-informations","24":"tag-infos","25":"tag-lyon","26":"tag-lyonmag","27":"tag-news","28":"tag-ol","29":"tag-politique","30":"tag-republique-francaise","31":"tag-sociale","32":"tag-sport","33":"tag-transports"},"share_on_mastodon":{"url":"https:\/\/pubeurope.com\/@fr\/115662689775592550","error":""},"_links":{"self":[{"href":"https:\/\/www.europesays.com\/fr\/wp-json\/wp\/v2\/posts\/578100","targetHints":{"allow":["GET"]}}],"collection":[{"href":"https:\/\/www.europesays.com\/fr\/wp-json\/wp\/v2\/posts"}],"about":[{"href":"https:\/\/www.europesays.com\/fr\/wp-json\/wp\/v2\/types\/post"}],"author":[{"embeddable":true,"href":"https:\/\/www.europesays.com\/fr\/wp-json\/wp\/v2\/users\/2"}],"replies":[{"embeddable":true,"href":"https:\/\/www.europesays.com\/fr\/wp-json\/wp\/v2\/comments?post=578100"}],"version-history":[{"count":0,"href":"https:\/\/www.europesays.com\/fr\/wp-json\/wp\/v2\/posts\/578100\/revisions"}],"wp:featuredmedia":[{"embeddable":true,"href":"https:\/\/www.europesays.com\/fr\/wp-json\/wp\/v2\/media\/578101"}],"wp:attachment":[{"href":"https:\/\/www.europesays.com\/fr\/wp-json\/wp\/v2\/media?parent=578100"}],"wp:term":[{"taxonomy":"category","embeddable":true,"href":"https:\/\/www.europesays.com\/fr\/wp-json\/wp\/v2\/categories?post=578100"},{"taxonomy":"post_tag","embeddable":true,"href":"https:\/\/www.europesays.com\/fr\/wp-json\/wp\/v2\/tags?post=578100"}],"curies":[{"name":"wp","href":"https:\/\/api.w.org\/{rel}","templated":true}]}}