{"id":578104,"date":"2025-12-04T18:24:18","date_gmt":"2025-12-04T18:24:18","guid":{"rendered":"https:\/\/www.europesays.com\/fr\/578104\/"},"modified":"2025-12-04T18:24:18","modified_gmt":"2025-12-04T18:24:18","slug":"miss-france-2026-mareva-michel-miss-ile-de-france-2025-dement-une-rumeur-sur-son-lien-avec-cyril-hanouna","status":"publish","type":"post","link":"https:\/\/www.europesays.com\/fr\/578104\/","title":{"rendered":"Miss France 2026 : Mareva Michel (Miss Ile-de-France 2025) d\u00e9ment une rumeur sur son lien avec Cyril Hanouna"},"content":{"rendered":"<p>Candidate \u00e0 Miss France 2026, Miss \u00cele-de-France 2025 Mareva Michel s&rsquo;\u00e9tait retrouv\u00e9e ces derniers jours bien malgr\u00e9 elle au coeur d&rsquo;une rumeur lui pr\u00eatant une relation avec Cyril Hanouna.<\/p>\n<p>La fin d&rsquo;un petit feuilleton m\u00e9diatique. Souvenez-vous, le 18 novembre dernier dans Tout beau, tout neuf sur W9, Cyril Hanouna et ses chroniqueurs avaient consacr\u00e9 une s\u00e9quence \u00e0 la publication <a href=\"https:\/\/www.programme-tv.net\/news\/evenement\/miss-france-miss-france\/391970-miss-france-2026-voici-les-photos-des-30-candidates-en-maillot-de-bain\/\" data-api-deeplink=\"teleloisirs:\/\/news\/391970\" target=\"_blank\" rel=\"noopener\">des photos officielles en maillot de bain<\/a> des 30 pr\u00e9tendantes <a href=\"https:\/\/www.programme-tv.net\/news\/evenement\/miss-france-miss-france\/390820-miss-france-2026-date-et-lieu-de-l-election-candidates-regionales-elues-voyage-en-martinique-toutes-les-infos-sur-le-concours\/\" data-api-deeplink=\"teleloisirs:\/\/news\/390820\" target=\"_blank\" rel=\"noopener\">au titre de Miss France 2026<\/a>. <b>L&rsquo;une d&rsquo;elles avait retenu leur attention en la personne de Mareva Michel<\/b>, <a href=\"https:\/\/www.programme-tv.net\/news\/evenement\/miss-france-miss-france\/392493-exclu-mareva-michel-miss-ile-de-france-2025-pour-miss-france-2026-ma-maman-a-ete-miss-au-mexique\/\" data-api-deeplink=\"teleloisirs:\/\/news\/392493\" target=\"_blank\" rel=\"noopener\">Miss \u00cele-de-France 2025<\/a>. Le chroniqueur Olivier Dartigolles y \u00e9tait all\u00e9 de sa petite anecdote en r\u00e9v\u00e9lant l&rsquo;avoir crois\u00e9e avant son envol <a href=\"https:\/\/www.programme-tv.net\/news\/evenement\/miss-france-miss-france\/392362-miss-france-2026-favorites-recadrage-conseils-d-angelique-angarni-filopon-les-coulisses-du-voyage-de-preparation-des-candidates-en-martinique\/\" data-api-deeplink=\"teleloisirs:\/\/news\/392362\" target=\"_blank\" rel=\"noopener\">pour le voyage de pr\u00e9paration en Martinique<\/a>. C&rsquo;\u00e9tait \u00e0 Paris, lors d&rsquo;un match de rugby. L&rsquo;intervenant avait song\u00e9 \u00e0 voix haute que le feeling serait bien pass\u00e9 entre la candidate et Cyril Hanouna.<\/p>\n<p>Mais celui-ci n&rsquo;avait pas pip\u00e9 mot, provoquant l&rsquo;\u00e9tonnement de son auditoire,<b> qui avait alors soup\u00e7onn\u00e9 que l&rsquo;animateur-producteur la connaissait et tenait \u00e0 le cacher.<\/b> Dans le Tout beau, tout neuf diffus\u00e9 le lendemain, la production s&rsquo;\u00e9tait m\u00eame amus\u00e9e \u00e0 diffuser des photo-montage grossiers les montrant tous les deux au supermarch\u00e9 ou en train de d\u00e9guster un couscous pour appuyer cette hypoth\u00e8se. \u00ab\u00a0Je ne connais pas Miss \u00cele-de-France et je ne l\u2019ai jamais connue. Vous \u00eates persuad\u00e9s que j\u2019ai eu une histoire avec elle il y a longtemps, avant qu\u2019elle devienne miss. Mais je ne la connais pas\u00a0\u00bb, avait clarifi\u00e9 le trublion, sans parvenir \u00e0 convaincre totalement.<\/p>\n<p>                        \u00ab\u00a0Je ne connais pas du tout Cyril Hanouna\u00a0\u00bb : Miss \u00cele-de-France 2025 d\u00e9ment une rumeur lanc\u00e9e dans Tout beau, tout neuf<\/p>\n<p>Interrog\u00e9e par <a href=\"https:\/\/tvmag.lefigaro.fr\/programme-tv\/miss-france\/je-ne-connais-pas-cyril-hanouna-miss-ile-de-france-pour-miss-france-2026-amusee-par-la-rumeur-de-tout-beau-tout-n9uf-20251203\" target=\"_blank\" rel=\"noopener\">TV Mag<\/a> sur la nature de sa relation avec l&rsquo;homme fort de W9, Mareva Michel a d\u00fb d\u00e9cevoir plus d&rsquo;un chroniqueur. \u00ab\u00a0<b>Je ne connais pas du tout Cyril Hanouna<\/b>\u00ab\u00a0, a-t-elle dit, tout en reconnaissant avoir eu \u00e9cho de cette rumeur grandissante gr\u00e2ce \u00e0 son entourage. \u00ab\u00a0Cela me fait rire de voir tout \u00e7a, surtout pendant mon aventure\u00a0\u00bb. <\/p>\n<p>Mercredi 3 d\u00e9cembre sur W9, <a href=\"https:\/\/www.programme-tv.net\/biographie\/179572-verdez-gilles\/\" data-link-people=\"ebe64c94-3790-4a64-a7a4-a4fd083b9cf4\" target=\"_blank\" rel=\"noopener\">Gilles Verdez<\/a> est revenu sur cette r\u00e9ponse afin de clore ce chapitre. \u00ab\u00a0Voil\u00e0 Cyril, elle ne vous conna\u00eet pas, elle le dit. Il y avait des mauvaises langues ici\u00a0\u00bb, a-t-il conclu. <b>Et le principal int\u00e9ress\u00e9 de r\u00e9agir, faussement indign\u00e9 :<\/b> \u00ab\u00a0J&rsquo;attends des excuses&#8230;\u00a0\u00bb. Des excuses qui ne se sont pas fait entendre en plateau.<\/p>\n","protected":false},"excerpt":{"rendered":"Candidate \u00e0 Miss France 2026, Miss \u00cele-de-France 2025 Mareva Michel s&rsquo;\u00e9tait retrouv\u00e9e ces derniers jours bien malgr\u00e9 elle&hellip;\n","protected":false},"author":2,"featured_media":578105,"comment_status":"","ping_status":"","sticky":false,"template":"","format":"standard","meta":{"footnotes":""},"categories":[1592],"tags":[1111,11,244,1083,41457,1777,674,1011,27,662,67089,3034,69235,12,626,25,199,2175,22497,49534,69234,2395],"class_list":{"0":"post-578104","1":"post","2":"type-post","3":"status-publish","4":"format-standard","5":"has-post-thumbnail","7":"category-ile-de-france","8":"tag-actu","9":"tag-actualites","10":"tag-commentaire","11":"tag-cyril-hanouna","12":"tag-election-de-miss-france","13":"tag-eu","14":"tag-europe","15":"tag-fr","16":"tag-france","17":"tag-ile-de-france","18":"tag-mareva-michel-miss-u00cele-de-france-2025","19":"tag-miss-france","20":"tag-miss-france-2025-le-parcours-dune-miss-hors-du-commun-1101420842","21":"tag-news","22":"tag-paris","23":"tag-republique-francaise","24":"tag-tf1","25":"tag-tl-story","26":"tag-tout-beau","27":"tag-tout-n9uf","28":"tag-u00c9lection-de-miss-france-1101409189","29":"tag-w9"},"share_on_mastodon":{"url":"","error":""},"_links":{"self":[{"href":"https:\/\/www.europesays.com\/fr\/wp-json\/wp\/v2\/posts\/578104","targetHints":{"allow":["GET"]}}],"collection":[{"href":"https:\/\/www.europesays.com\/fr\/wp-json\/wp\/v2\/posts"}],"about":[{"href":"https:\/\/www.europesays.com\/fr\/wp-json\/wp\/v2\/types\/post"}],"author":[{"embeddable":true,"href":"https:\/\/www.europesays.com\/fr\/wp-json\/wp\/v2\/users\/2"}],"replies":[{"embeddable":true,"href":"https:\/\/www.europesays.com\/fr\/wp-json\/wp\/v2\/comments?post=578104"}],"version-history":[{"count":0,"href":"https:\/\/www.europesays.com\/fr\/wp-json\/wp\/v2\/posts\/578104\/revisions"}],"wp:featuredmedia":[{"embeddable":true,"href":"https:\/\/www.europesays.com\/fr\/wp-json\/wp\/v2\/media\/578105"}],"wp:attachment":[{"href":"https:\/\/www.europesays.com\/fr\/wp-json\/wp\/v2\/media?parent=578104"}],"wp:term":[{"taxonomy":"category","embeddable":true,"href":"https:\/\/www.europesays.com\/fr\/wp-json\/wp\/v2\/categories?post=578104"},{"taxonomy":"post_tag","embeddable":true,"href":"https:\/\/www.europesays.com\/fr\/wp-json\/wp\/v2\/tags?post=578104"}],"curies":[{"name":"wp","href":"https:\/\/api.w.org\/{rel}","templated":true}]}}