{"id":578106,"date":"2025-12-04T18:25:18","date_gmt":"2025-12-04T18:25:18","guid":{"rendered":"https:\/\/www.europesays.com\/fr\/578106\/"},"modified":"2025-12-04T18:25:18","modified_gmt":"2025-12-04T18:25:18","slug":"on-vous-presente-les-ngt-cette-nouvelle-generation-dogm-que-lunion-europeenne-veut-introduire-dans-lagriculture","status":"publish","type":"post","link":"https:\/\/www.europesays.com\/fr\/578106\/","title":{"rendered":"On vous pr\u00e9sente les NGT, cette nouvelle g\u00e9n\u00e9ration d&rsquo;OGM que l&rsquo;Union europ\u00e9enne veut introduire dans l&rsquo;agriculture"},"content":{"rendered":"\n<p class=\"c-chapo \">\n  Des tomates moins vuln\u00e9rables aux pucerons ? Du bl\u00e9 plus r\u00e9sistant aux s\u00e9cheresses ? L&rsquo;UE a trouv\u00e9 un accord pour permettre le d\u00e9veloppement de certaines plantes provenant de nouvelles techniques g\u00e9nomiques.\n<\/p>\n<p>      lire plus tard<\/p>\n<p id=\"dialog__title\" class=\"dialog__title\">Pour sauvegarder cet article, connectez-vous ou cr\u00e9ez un compte franceinfo<\/p>\n<p class=\"dialog__description\">Sans paiement. Sans abonnement.<\/p>\n<p>        Fermer la fen\u00eatre d\u2019activation des notifications France Info<\/p>\n<p>      cr\u00e9er votre compte<\/p>\n<p>      se connecter<\/p>\n<p>        Fermer la fen\u00eatre de pr\u00e9sentation<\/p>\n<p>    <img loading=\"lazy\" decoding=\"async\" class=\"signature__image lazyload\" width=\"100\" height=\"100\" data- alt=\"\" src=\"https:\/\/www.europesays.com\/fr\/wp-content\/uploads\/2025\/06\/64a55fd777de4_placeholder-36b69ec8.png\"\/><\/p>\n<p>    Publi\u00e9 le 04\/12\/2025 17:44<\/p>\n<p>        Temps de lecture : 7min<\/p>\n<p>    <img decoding=\"async\"  alt=\"Un champ de ma\u00efs, dans les Landes, le 9 juin 2025. (VERONIQUE TOURNIER \/ AFP)\" width=\"432\" height=\"243\" src=\"https:\/\/www.europesays.com\/fr\/wp-content\/uploads\/2025\/12\/080-hl-vtournier-2974637-69318e13abf89261534293.jpg\" fetchpriority=\"high\"\/><\/p>\n<p>      Un champ de ma\u00efs, dans les Landes, le 9 juin 2025. (VERONIQUE TOURNIER \/ AFP)<\/p>\n<p>Apr\u00e8s les organismes g\u00e9n\u00e9tiquement modifi\u00e9s (OGM), les Europ\u00e9ens vont-ils d\u00e9couvrir les plantes provenant de nouvelles techniques g\u00e9nomiques (NGT)\u00a0? A l&rsquo;issue de longues discussions, les d\u00e9put\u00e9s europ\u00e9ens et les Etats membres de l&rsquo;UE <a href=\"https:\/\/www.franceinfo.fr\/economie\/emploi\/metiers\/agriculture\/ogm-l-ue-assouplit-sa-reglementation-pour-developper-des-plantes-issues-de-nouvelles-techniques-genomiques-des-associations-environnementales-s-inquietent-de-risques-majeurs-pour-l-alimentation_7657438.html\" target=\"_self\" rel=\"noopener noreferrer nofollow\" data-tooltip-url=\"https:\/\/www.franceinfo.fr\/economie\/emploi\/metiers\/agriculture\/ogm-l-ue-assouplit-sa-reglementation-pour-developper-des-plantes-issues-de-nouvelles-techniques-genomiques-des-associations-environnementales-s-inquietent-de-risques-majeurs-pour-l-alimentation_7657438.html\">ont trouv\u00e9 un compromis<\/a> dans la nuit du mercredi 3 au jeudi 4 d\u00e9cembre sur le d\u00e9veloppement de ces plantes au g\u00e9nome modifi\u00e9 dans l&rsquo;agriculture. L&rsquo;accord, qui assouplit les r\u00e8gles actuelles, \u00e9tait r\u00e9clam\u00e9 par la puissante organisation agricole Copa-Cogeca, comme par les grands semenciers, au nom de la comp\u00e9titivit\u00e9 europ\u00e9enne face aux Etats-Unis et \u00e0 la Chine, qui ont d\u00e9j\u00e0 autoris\u00e9 les NGT. Des organisations environnementales d\u00e9noncent \u00e0 l&rsquo;inverse un danger. Pour entrer en vigueur, cet accord doit encore \u00eatre approuv\u00e9 par les Etats membres et le Parlement europ\u00e9en. Mais les NGT sont d\u00e9j\u00e0 au c\u0153ur d&rsquo;un vif d\u00e9bat politique.<\/p>\n<p>Des organismes g\u00e9n\u00e9tiquement modifi\u00e9s mais pas \u00ab\u00a0transg\u00e9niques\u00a0\u00bb<\/p>\n<p>Les OGM sont obtenus par l&rsquo;introduction dans leur code g\u00e9n\u00e9tique d&rsquo;un ou plusieurs g\u00e8nes provenant d&rsquo;une autre esp\u00e8ce. Cette technique est appel\u00e9e \u00ab\u00a0transgen\u00e8se\u00a0\u00bb, d&rsquo;o\u00f9 l&rsquo;expression d&rsquo;animaux ou de plantes \u00ab\u00a0transg\u00e9niques\u00a0\u00bb. Le ma\u00efs Monsanto 810 est ainsi obtenu gr\u00e2ce \u00e0 l&rsquo;ajout d&rsquo;un g\u00e8ne issu d&rsquo;une bact\u00e9rie du sol pour qu&rsquo;il produise une toxine tuant les insectes qui ravagent habituellement les \u00e9pis. Le bl\u00e9 HB4, dont l&rsquo;Argentine a autoris\u00e9 la culture et la commercialisation en 2022, est lui con\u00e7u \u00e0 partir d&rsquo;un g\u00e8ne de tournesol r\u00e9sistant \u00e0 la s\u00e9cheresse. <\/p>\n<p>Au sein de l&rsquo;Union europ\u00e9enne, il faut une autorisation pr\u00e9alable pour cultiver des organismes g\u00e9n\u00e9tiquement modifi\u00e9s ou les mettre sur le march\u00e9, apr\u00e8s une \u00e9valuation des risques pour la sant\u00e9 et l&rsquo;environnement. Les OGM autoris\u00e9s sont soumis \u00e0 une obligation de surveillance, de tra\u00e7abilit\u00e9 et d&rsquo;\u00e9tiquetage. Seul le ma\u00efs Monsanto 810 est autoris\u00e9 dans l&rsquo;UE et cultiv\u00e9 sur de petites surfaces en Espagne et au Portugal. En France, la culture d&rsquo;OGM \u00e0 des fins commerciales est interdite depuis 2008.<\/p>\n<p>Les plantes obtenues \u00e0 l&rsquo;aide de nouvelles techniques g\u00e9nomiques (NGT) sont elles aussi g\u00e9n\u00e9tiquement modifi\u00e9es, mais les g\u00e8nes qui les modifient sont pr\u00e9lev\u00e9s dans la m\u00eame esp\u00e8ce. Il peut s&rsquo;agir de renforcer une tomate vuln\u00e9rable aux pucerons en lui donnant un g\u00e8ne issu d&rsquo;une autre vari\u00e9t\u00e9 de tomate plus r\u00e9sistante. Les semences obtenues par NGT sont donc bien des organismes g\u00e9n\u00e9tiquement modifi\u00e9s, mais elles ne sont pas \u00ab\u00a0transg\u00e9niques\u00a0\u00bb.<\/p>\n<p>Dans le d\u00e9tail, deux cat\u00e9gories de v\u00e9g\u00e9taux NGT doivent \u00eatre distingu\u00e9es\u00a0: les NGT-1 (dont le g\u00e9nome a subi 20 modifications maximum) et les NGT-2 (qui en ont subi plus de 20). L&rsquo;accord europ\u00e9en concerne les plantes de la cat\u00e9gorie 1, qui seront consid\u00e9r\u00e9es comme \u00e9quivalentes aux vari\u00e9t\u00e9s classiques, alors que celles de la classe 2 seront frapp\u00e9es par les m\u00eames contraintes que les OGM traditionnelles. Selon les termes de l&rsquo;accord, la pr\u00e9sence de NGT de cat\u00e9gorie 1 devra figurer sur les sacs de semences achet\u00e9s par les agriculteurs, mais pas dans l&rsquo;\u00e9tiquetage du produit final.<\/p>\n<p>Des v\u00e9g\u00e9taux pr\u00e9sent\u00e9s comme plus r\u00e9sistants aux al\u00e9as climatiques<\/p>\n<p>Avec le r\u00e9chauffement climatique caus\u00e9 par les activit\u00e9s humaines, les cultures sont soumises \u00e0 davantage d&rsquo;al\u00e9as, comme des vagues de chaleur plus longues, plus pr\u00e9coces, plus intenses sur une plus grande partie de l&rsquo;ann\u00e9e, des s\u00e9cheresses plus importantes ou encore des <a href=\"https:\/\/www.franceinfo.fr\/environnement\/meteo\/changement-climatique-on-vous-explique-pourquoi-secheresse-et-inondations-sont-parfois-liees_6044288.html\" target=\"_self\" rel=\"noopener noreferrer nofollow\" data-tooltip-url=\"https:\/\/www.franceinfo.fr\/environnement\/meteo\/changement-climatique-on-vous-explique-pourquoi-secheresse-et-inondations-sont-parfois-liees_6044288.html\">inondations plus fr\u00e9quentes<\/a>.<\/p>\n<p>\u00ab\u00a0Cette technologie permettra de cultiver des plantes r\u00e9sistantes au changement climatique et d&rsquo;obtenir des rendements plus \u00e9lev\u00e9s sur des surfaces plus r\u00e9duites\u00a0\u00bb, a salu\u00e9 l&rsquo;eurod\u00e9put\u00e9e su\u00e9doise Jessica Polfj\u00e4rd, membre du Parti populaire europ\u00e9en, class\u00e9 \u00e0 droite. Les plantes issues des NGT mettent sur la table \u00ab\u00a0davantage de solutions pour lutter contre les p\u00e9nuries d&rsquo;eau, la s\u00e9cheresse, la hausse des temp\u00e9ratures\u00a0\u00bb, a estim\u00e9 le centriste fran\u00e7ais Pascal Canfin. \u00ab\u00a0Ces technologies ne sont absolument pas dangereuses. Il n&rsquo;y a pas de risque\u00a0\u00bb, a-t-il insist\u00e9 sur <a href=\"https:\/\/www.franceinfo.fr\/sciences\/ogm\/les-nouvelles-techniques-genomiques-sont-necessaires-et-ne-comportent-pas-de-risque-assure-l-eurodepute-renew-pascal-canfin_7657975.html\" target=\"_self\" rel=\"noopener noreferrer nofollow\" data-tooltip-url=\"https:\/\/www.franceinfo.fr\/sciences\/ogm\/les-nouvelles-techniques-genomiques-sont-necessaires-et-ne-comportent-pas-de-risque-assure-l-eurodepute-renew-pascal-canfin_7657975.html\">franceinfo<\/a>.<\/p>\n<p>\u00ab\u00a0Si nous voulons suivre les \u00e9volutions climatiques et les besoins d&rsquo;une nouvelle agriculture de pr\u00e9cision avec moins d&rsquo;engrais et de pesticides, sans l&rsquo;\u00e9dition g\u00e9nomique, j&rsquo;ai peur que nous ne soyons pas dans la course\u00a0\u00bb, a d\u00e9clar\u00e9 Thierry Langin, pr\u00e9sident de l&rsquo;Association fran\u00e7aise des biotechnologies v\u00e9g\u00e9tales, dans le journal <a href=\"https:\/\/www.youtube.com\/watch?v=437uVXWtT7U\" target=\"_blank\" rel=\"noopener\" data-tooltip-url=\"https:\/\/www.youtube.com\/watch?v=437uVXWtT7U\">L&rsquo;Opinion<\/a>. \u00ab\u00a0Ce n&rsquo;est pas un projet, ce sont des choses que nous sommes en capacit\u00e9 de faire aujourd&rsquo;hui.\u00a0\u00bb<\/p>\n<p>Des plantes critiqu\u00e9es pour leurs \u00e9ventuels risques sur l&rsquo;environnement<\/p>\n<p>Dans <a href=\"https:\/\/www.efsa.europa.eu\/fr\/topics\/new-genomic-techniques\" target=\"_blank\" rel=\"noopener\" data-tooltip-url=\"https:\/\/www.efsa.europa.eu\/fr\/topics\/new-genomic-techniques\">un communiqu\u00e9<\/a>, l&rsquo;Autorit\u00e9 europ\u00e9enne de s\u00e9curit\u00e9 alimentaire (EFSA) s&rsquo;est montr\u00e9e favorable \u00e0 l&rsquo;autorisation d&rsquo;une partie des NGT. L&rsquo;Agence nationale de s\u00e9curit\u00e9 sanitaire (Anses) s&rsquo;est montr\u00e9e plus prudente <a href=\"https:\/\/www.anses.fr\/system\/files\/BIORISK2021SA0019Ra.pdf\" target=\"_blank\" rel=\"noopener\" data-tooltip-url=\"https:\/\/www.anses.fr\/system\/files\/BIORISK2021SA0019Ra.pdf\">dans un avis<\/a> rendu en janvier 2024. Elle souligne que les NGT \u00ab\u00a0peuvent conduire \u00e0 des modifications des fonctions biologiques des plantes\u00a0\u00bb, et potentiellement \u00ab\u00a0induire des risques pour la sant\u00e9 et l&rsquo;environnement\u00a0\u00bb. Elle mentionne le cas d&rsquo;une \u00ab\u00a0pomme de terre r\u00e9sistante \u00e0 un herbicide\u00a0\u00bb, d&rsquo;un \u00ab\u00a0bl\u00e9 \u00e0 teneur r\u00e9duite en gluten\u00a0\u00bb ou encore d&rsquo;un \u00ab\u00a0riz \u00e0 taille r\u00e9duite\u00a0\u00bb. L&rsquo;agence sanitaire fran\u00e7aise pr\u00e9conise donc une \u00e9valuation \u00ab\u00a0au cas par cas\u00a0\u00bb des \u00ab\u00a0risques sanitaires et environnementaux\u00a0\u00bb avant toute mise sur le march\u00e9.<\/p>\n<p>Interrog\u00e9e au micro de franceinfo, Charlotte Labauge, charg\u00e9e de campagne pour l&rsquo;ONG Pollinis, s&rsquo;inqui\u00e8te d&rsquo;un \u00ab\u00a0non-respect du principe de pr\u00e9caution\u00a0\u00bb concernant les NGT. Selon elle, \u00ab\u00a0ils ne seront pas \u00e9valu\u00e9s au pr\u00e9alable, il n&rsquo;y aura pas la possibilit\u00e9 d&rsquo;annuler une autorisation accord\u00e9e et pas de tra\u00e7abilit\u00e9\u00a0\u00bb. Les consommateurs n&rsquo;auront donc \u00ab\u00a0pas acc\u00e8s \u00e0 l&rsquo;information en magasin\u00a0\u00bb, ce qui repr\u00e9sente pour l&rsquo;ONG \u00ab\u00a0une atteinte au droit \u00e0 l&rsquo;information et \u00e0 la libert\u00e9 de choix\u00a0\u00bb. Pollinis recommande, comme l&rsquo;Anses, une \u00e9valuation \u00ab\u00a0au cas par cas\u00a0\u00bb des \u00ab\u00a0risques sanitaires et environnementaux\u00a0\u00bb avant toute mise sur le march\u00e9.<\/p>\n<p>La propagation des vari\u00e9t\u00e9s de NTG dans la nature est aussi un point de vigilance. L&rsquo;Anses recommande de mener une surveillance environnementale pour d\u00e9tecter tout probl\u00e8me li\u00e9 \u00e0 l&rsquo;usage de ces plantes g\u00e9n\u00e9tiquement modifi\u00e9es. Selon les termes de l&rsquo;accord europ\u00e9en, les NGT r\u00e9sistantes aux herbicides ou produisant des insecticides ne seront pas autoris\u00e9es sur le march\u00e9, au nom de la durabilit\u00e9. Et dans l&rsquo;agriculture biologique, aucune NGT ne sera tol\u00e9r\u00e9e.<\/p>\n","protected":false},"excerpt":{"rendered":"Des tomates moins vuln\u00e9rables aux pucerons ? Du bl\u00e9 plus r\u00e9sistant aux s\u00e9cheresses ? L&rsquo;UE a trouv\u00e9 un&hellip;\n","protected":false},"author":2,"featured_media":578107,"comment_status":"","ping_status":"","sticky":false,"template":"","format":"standard","meta":{"footnotes":""},"categories":[1888],"tags":[1111,1928,11,1927,1777,674,1011,27,12,1926,626,1925,25],"class_list":{"0":"post-578106","1":"post","2":"type-post","3":"status-publish","4":"format-standard","5":"has-post-thumbnail","7":"category-paris","8":"tag-actu","9":"tag-actu-paris","10":"tag-actualites","11":"tag-actualites-paris","12":"tag-eu","13":"tag-europe","14":"tag-fr","15":"tag-france","16":"tag-news","17":"tag-news-paris","18":"tag-paris","19":"tag-paris-news","20":"tag-republique-francaise"},"share_on_mastodon":{"url":"https:\/\/pubeurope.com\/@fr\/115662706162371531","error":""},"_links":{"self":[{"href":"https:\/\/www.europesays.com\/fr\/wp-json\/wp\/v2\/posts\/578106","targetHints":{"allow":["GET"]}}],"collection":[{"href":"https:\/\/www.europesays.com\/fr\/wp-json\/wp\/v2\/posts"}],"about":[{"href":"https:\/\/www.europesays.com\/fr\/wp-json\/wp\/v2\/types\/post"}],"author":[{"embeddable":true,"href":"https:\/\/www.europesays.com\/fr\/wp-json\/wp\/v2\/users\/2"}],"replies":[{"embeddable":true,"href":"https:\/\/www.europesays.com\/fr\/wp-json\/wp\/v2\/comments?post=578106"}],"version-history":[{"count":0,"href":"https:\/\/www.europesays.com\/fr\/wp-json\/wp\/v2\/posts\/578106\/revisions"}],"wp:featuredmedia":[{"embeddable":true,"href":"https:\/\/www.europesays.com\/fr\/wp-json\/wp\/v2\/media\/578107"}],"wp:attachment":[{"href":"https:\/\/www.europesays.com\/fr\/wp-json\/wp\/v2\/media?parent=578106"}],"wp:term":[{"taxonomy":"category","embeddable":true,"href":"https:\/\/www.europesays.com\/fr\/wp-json\/wp\/v2\/categories?post=578106"},{"taxonomy":"post_tag","embeddable":true,"href":"https:\/\/www.europesays.com\/fr\/wp-json\/wp\/v2\/tags?post=578106"}],"curies":[{"name":"wp","href":"https:\/\/api.w.org\/{rel}","templated":true}]}}