{"id":578110,"date":"2025-12-04T18:27:16","date_gmt":"2025-12-04T18:27:16","guid":{"rendered":"https:\/\/www.europesays.com\/fr\/578110\/"},"modified":"2025-12-04T18:27:16","modified_gmt":"2025-12-04T18:27:16","slug":"les-marches-de-noel-alternatifs-qui-vont-enflammer-paris","status":"publish","type":"post","link":"https:\/\/www.europesays.com\/fr\/578110\/","title":{"rendered":"Les march\u00e9s de No\u00ebl alternatifs qui vont enflammer Paris !"},"content":{"rendered":"\n<p>Jusqu&rsquo;au 22 d\u00e9cembre par exemple, La Villette s&rsquo;impose comme incontournable avec son march\u00e9 qui pulse au rythme <strong>des DJ sets quotidiens d\u00e8s 19h<\/strong>. Entre deux fondues et quelques verres de vin chaud, les week-ends s&rsquo;animent de performances live qui transforment chaque visite en soir\u00e9e m\u00e9morable.<\/p>\n<p>Pour les amateurs de vinyles et de bonnes vibrations,<strong> direction La Rotonde Stalingrad le 20 d\u00e9cembre<\/strong> pour le Vinyle Village sp\u00e9cial No\u00ebl. Les diggers retrouveront leur paradis entre les bacs de disques rares, le tout accompagn\u00e9 de sets qui feront groover jusqu&rsquo;au bout de la nuit. L&rsquo;occasion parfaite pour d\u00e9nicher le cadeau ultime pour vos potes m\u00e9lomanes.<\/p>\n<p><strong>Le Point Eph\u00e9m\u00e8re<\/strong> frappe fort avec le Scarfair le 29 novembre : ce march\u00e9 d\u00e9di\u00e9 aux cr\u00e9ateurs d&rsquo;\u00e9charpes promet un karaok\u00e9 \u00a0absolument d\u00e9jant\u00e9 et des DJ sets jusqu&rsquo;\u00e0 3h du mat&rsquo;. Parce qu&rsquo;apr\u00e8s tout, pourquoi choisir entre shopping et teuf ?<\/p>\n<p>Du c\u00f4t\u00e9 de Pantin, <strong>La Cit\u00e9 Fertile<\/strong> propose jusqu&rsquo;au 22 d\u00e9cembre un march\u00e9 \u00e9coresponsable o\u00f9 concerts, danse et performances se succ\u00e8dent. L&rsquo;esprit friche culturelle rencontre la magie de No\u00ebl pour un r\u00e9sultat aussi cr\u00e9atif qu&rsquo;engag\u00e9.<\/p>\n<p>Enfin, le 14 d\u00e9cembre, <strong>La Bellevilloise accueille le Tattoo Village<\/strong> pour une \u00e9dition hivernale o\u00f9 tatoueurs, disquaires et DJs se donnent rendez-vous. Pendant ce temps, Le Hasard Ludique (13 et 14 d\u00e9cembre) mixe concerts acoustiques et stands de cr\u00e9ateurs pour une ambiance cosy mais d\u00e9finitivement branch\u00e9e.<\/p>\n<p>\u00a0<\/p>\n","protected":false},"excerpt":{"rendered":"Jusqu&rsquo;au 22 d\u00e9cembre par exemple, La Villette s&rsquo;impose comme incontournable avec son march\u00e9 qui pulse au rythme des&hellip;\n","protected":false},"author":2,"featured_media":578111,"comment_status":"","ping_status":"","sticky":false,"template":"","format":"standard","meta":{"footnotes":""},"categories":[1888],"tags":[11,10804,69236,48787,12666,1777,674,14012,1011,27,69237,63815,12,626,25,953,1669,29729],"class_list":{"0":"post-578110","1":"post","2":"type-post","3":"status-publish","4":"format-standard","5":"has-post-thumbnail","7":"category-paris","8":"tag-actualites","9":"tag-braderies","10":"tag-branches","11":"tag-collectifs","12":"tag-dj","13":"tag-eu","14":"tag-europe","15":"tag-festif","16":"tag-fr","17":"tag-france","18":"tag-la-bellevilloise","19":"tag-marches-de-noel","20":"tag-news","21":"tag-paris","22":"tag-republique-francaise","23":"tag-soiree","24":"tag-sorties","25":"tag-vinyle"},"share_on_mastodon":{"url":"https:\/\/pubeurope.com\/@fr\/115662713323014311","error":""},"_links":{"self":[{"href":"https:\/\/www.europesays.com\/fr\/wp-json\/wp\/v2\/posts\/578110","targetHints":{"allow":["GET"]}}],"collection":[{"href":"https:\/\/www.europesays.com\/fr\/wp-json\/wp\/v2\/posts"}],"about":[{"href":"https:\/\/www.europesays.com\/fr\/wp-json\/wp\/v2\/types\/post"}],"author":[{"embeddable":true,"href":"https:\/\/www.europesays.com\/fr\/wp-json\/wp\/v2\/users\/2"}],"replies":[{"embeddable":true,"href":"https:\/\/www.europesays.com\/fr\/wp-json\/wp\/v2\/comments?post=578110"}],"version-history":[{"count":0,"href":"https:\/\/www.europesays.com\/fr\/wp-json\/wp\/v2\/posts\/578110\/revisions"}],"wp:featuredmedia":[{"embeddable":true,"href":"https:\/\/www.europesays.com\/fr\/wp-json\/wp\/v2\/media\/578111"}],"wp:attachment":[{"href":"https:\/\/www.europesays.com\/fr\/wp-json\/wp\/v2\/media?parent=578110"}],"wp:term":[{"taxonomy":"category","embeddable":true,"href":"https:\/\/www.europesays.com\/fr\/wp-json\/wp\/v2\/categories?post=578110"},{"taxonomy":"post_tag","embeddable":true,"href":"https:\/\/www.europesays.com\/fr\/wp-json\/wp\/v2\/tags?post=578110"}],"curies":[{"name":"wp","href":"https:\/\/api.w.org\/{rel}","templated":true}]}}