{"id":578126,"date":"2025-12-04T18:35:20","date_gmt":"2025-12-04T18:35:20","guid":{"rendered":"https:\/\/www.europesays.com\/fr\/578126\/"},"modified":"2025-12-04T18:35:20","modified_gmt":"2025-12-04T18:35:20","slug":"happee-par-des-accusations-de-corruption-lex-cheffe-de-la-diplomatie-de-lue-federica-mogherini-quitte-ses-fonctions-de-rectrice-du-college-deurope","status":"publish","type":"post","link":"https:\/\/www.europesays.com\/fr\/578126\/","title":{"rendered":"Happ\u00e9e par des accusations de corruption, l\u2019ex-cheffe de la diplomatie de l\u2019UE Federica Mogherini quitte ses fonctions de rectrice du Coll\u00e8ge d\u2019Europe"},"content":{"rendered":"<p>Federica\u00a0Mogherini\u00a0jette l\u2019\u00e9ponge. Au lendemain de sa mise en examen pour des accusations de <a href=\"https:\/\/www.eppo.europa.eu\/en\/media\/news\/belgium-three-individuals-formally-notified-accusation-probe-college-europe-and-european\" rel=\"nofollow noopener\" target=\"_blank\">\u00abfaits de fraude et de corruption dans le cadre de march\u00e9s publics, de conflit d\u2019int\u00e9r\u00eats et de violation du secret professionnel\u00bb<\/a>, l\u2019ancienne cheffe de la diplomatie de l\u2019UE (2014-2019) a annonc\u00e9 quitter ses fonctions de rectrice du Coll\u00e8ge d\u2019Europe. Le scandale a \u00e9clat\u00e9 mardi. Arr\u00eat\u00e9e en m\u00eame temps que son adjoint et qu\u2019un haut fonctionnaire de la Commission europ\u00e9enne, Federica Mogherini avait d\u2019abord annonc\u00e9 dans un <a href=\"https:\/\/coleurope.eu\/statement-mrs-federica-mogherini-rector-college-europe\" rel=\"nofollow noopener\" target=\"_blank\">communiqu\u00e9<\/a> qu\u2019elle continuerait \u00e0 offrir sa \u00abpleine coop\u00e9ration aux autorit\u00e9s\u00bb. Mais le d\u00e9g\u00e2t d\u2019image \u00e9tait trop important. Pour les institutions europ\u00e9ennes et pour le Coll\u00e8ge d\u2019Europe, bas\u00e9 \u00e0 Bruges. Jeudi, elle a d\u00e9cid\u00e9 de renoncer \u00e0 son poste.<\/p>\n<p>\u00abThank you and goodbye\u00bb<\/p>\n","protected":false},"excerpt":{"rendered":"Federica\u00a0Mogherini\u00a0jette l\u2019\u00e9ponge. Au lendemain de sa mise en examen pour des accusations de \u00abfaits de fraude et de&hellip;\n","protected":false},"author":2,"featured_media":578127,"comment_status":"","ping_status":"","sticky":false,"template":"","format":"standard","meta":{"footnotes":""},"categories":[1586],"tags":[11,1777,674,1779,1011,27,452,12,301,25,1778,364],"class_list":{"0":"post-578126","1":"post","2":"type-post","3":"status-publish","4":"format-standard","5":"has-post-thumbnail","7":"category-europe","8":"tag-actualites","9":"tag-eu","10":"tag-europe","11":"tag-european-union","12":"tag-fr","13":"tag-france","14":"tag-italie","15":"tag-news","16":"tag-premium","17":"tag-republique-francaise","18":"tag-ue","19":"tag-union-europeenne"},"share_on_mastodon":{"url":"https:\/\/pubeurope.com\/@fr\/115662744815123381","error":""},"_links":{"self":[{"href":"https:\/\/www.europesays.com\/fr\/wp-json\/wp\/v2\/posts\/578126","targetHints":{"allow":["GET"]}}],"collection":[{"href":"https:\/\/www.europesays.com\/fr\/wp-json\/wp\/v2\/posts"}],"about":[{"href":"https:\/\/www.europesays.com\/fr\/wp-json\/wp\/v2\/types\/post"}],"author":[{"embeddable":true,"href":"https:\/\/www.europesays.com\/fr\/wp-json\/wp\/v2\/users\/2"}],"replies":[{"embeddable":true,"href":"https:\/\/www.europesays.com\/fr\/wp-json\/wp\/v2\/comments?post=578126"}],"version-history":[{"count":0,"href":"https:\/\/www.europesays.com\/fr\/wp-json\/wp\/v2\/posts\/578126\/revisions"}],"wp:featuredmedia":[{"embeddable":true,"href":"https:\/\/www.europesays.com\/fr\/wp-json\/wp\/v2\/media\/578127"}],"wp:attachment":[{"href":"https:\/\/www.europesays.com\/fr\/wp-json\/wp\/v2\/media?parent=578126"}],"wp:term":[{"taxonomy":"category","embeddable":true,"href":"https:\/\/www.europesays.com\/fr\/wp-json\/wp\/v2\/categories?post=578126"},{"taxonomy":"post_tag","embeddable":true,"href":"https:\/\/www.europesays.com\/fr\/wp-json\/wp\/v2\/tags?post=578126"}],"curies":[{"name":"wp","href":"https:\/\/api.w.org\/{rel}","templated":true}]}}