{"id":578132,"date":"2025-12-04T18:38:23","date_gmt":"2025-12-04T18:38:23","guid":{"rendered":"https:\/\/www.europesays.com\/fr\/578132\/"},"modified":"2025-12-04T18:38:23","modified_gmt":"2025-12-04T18:38:23","slug":"france-2030-neuf-entreprises-du-tarn-et-garonne-mises-a-lhonneur-en-prefecture","status":"publish","type":"post","link":"https:\/\/www.europesays.com\/fr\/578132\/","title":{"rendered":"France 2030\u00a0: neuf entreprises du Tarn-et-Garonne mises \u00e0 l\u2019honneur en pr\u00e9fecture"},"content":{"rendered":"<p>\n                                                                    l&rsquo;essentiel<br \/>\n                                                                Port\u00e9 par une enveloppe de 5\u00a0millions d\u2019euros dans le Tarn-et-Garonne, le dispositif France 2030 a c\u00e9l\u00e9br\u00e9 jeudi soir ses entreprises laur\u00e9ates lors d\u2019une c\u00e9r\u00e9monie en pr\u00e9fecture. De l\u2019a\u00e9ronautique \u00e0 l\u2019agroalimentaire, en passant par les mat\u00e9riaux et l\u2019emballage, neuf acteurs industriels ont \u00e9t\u00e9 distingu\u00e9s pour leurs projets innovants, illustrant la mont\u00e9e en puissance d\u2019un territoire engag\u00e9 dans la r\u00e9industrialisation et la transition technologique.\n                            <\/p>\n<p>La pr\u00e9fecture de Tarn-et-Garonne a mis \u00e0 l\u2019honneur, jeudi 4\u00a0d\u00e9cembre, neuf entreprises du d\u00e9partement lors d\u2019une soir\u00e9e de valorisation du dispositif France 2030, organis\u00e9e en salle Jean Moulin. Pr\u00e9sent\u00e9e par le pr\u00e9fet Vincent Roberti, cette c\u00e9r\u00e9monie a illustr\u00e9 de mani\u00e8re concr\u00e8te l\u2019ambition du plan national d\u2019investissement, con\u00e7u pour acc\u00e9l\u00e9rer la transition industrielle et technologique du pays. \u00ab\u00a0Nous avons de belles entreprises dans le d\u00e9partement qui s\u2019illustrent de la terre \u00e0 l\u2019espace, a soulign\u00e9 Vincent Roberti. Les aides de l\u2019\u00c9tat accompagnent ces entreprises innovantes dans un d\u00e9partement plein de promesse et de d\u00e9veloppement sur les dix prochaines ann\u00e9es avec la LGV, le futur h\u00f4pital\u2026\u00a0\u00bb<\/p>\n<p>Depuis son lancement en 2021, France 2030 vise \u00e0 soutenir l\u2019innovation dans les fili\u00e8res d\u2019avenir et \u00e0 renforcer l\u2019ind\u00e9pendance productive de la France. Dans le Tarn-et-Garonne, 5\u00a0millions d\u2019euros ont d\u2019ores et d\u00e9j\u00e0 \u00e9t\u00e9 investis, permettant l\u2019accompagnement de treize projets et la structuration d\u2019\u00e9cosyst\u00e8mes industriels diversifi\u00e9s, de l\u2019agroalimentaire \u00e0 l\u2019a\u00e9ronautique. Les laur\u00e9ats distingu\u00e9s incarnent cette diversit\u00e9 et t\u00e9moignent du dynamisme entrepreneurial du territoire.<\/p>\n<p>Blue Whale, acteur majeur de la fili\u00e8re arboricole, a \u00e9t\u00e9 r\u00e9compens\u00e9 pour son projet \u00ab\u00a0Bonne Pomme\u00a0\u00bb, d\u00e9di\u00e9 \u00e0 l\u2019acc\u00e9l\u00e9ration de la transition agro\u00e9cologique. La soci\u00e9t\u00e9 Liebherr Aerospace Toulouse, implant\u00e9e \u00e0 Campsas, a pr\u00e9sent\u00e9 son projet LIME, consacr\u00e9 au d\u00e9veloppement de briques technologiques pour l\u2019avion r\u00e9gional hybride-\u00e9lectrique. Absoger, PME familiale bas\u00e9e aux Barthes, a \u00e9galement \u00e9t\u00e9 distingu\u00e9e pour l\u2019extension de son unit\u00e9 de production dans le domaine du contr\u00f4le des atmosph\u00e8res et des gaz. \u00ab\u00a0Cette aide de pr\u00e8s de 75\u00a0000\u00a0euros nous permet de d\u00e9velopper notre chiffre d\u2019affaires \u00e0 l\u2019exportation tout en restant fid\u00e8le \u00e0 notre territoire\u00a0\u00bb, a expliqu\u00e9 Sylvain Gerbaud, g\u00e9rant de la soci\u00e9t\u00e9.<\/p>\n<p>Metal Ball, sp\u00e9cialis\u00e9e dans la fabrication de billes de haute pr\u00e9cision, a \u00e9t\u00e9 salu\u00e9e pour son projet relevant de l\u2019appel \u00e0 manifestation d\u2019int\u00e9r\u00eat \u00ab\u00a0Rebond industriel\u00a0\u00bb. La soci\u00e9t\u00e9 a re\u00e7u une aide de l\u2019\u00c9tat de 287\u00a0000\u00a0euros.<\/p>\n<p>Carbonless Tech, \u00e0 Montaigu-de-Quercy, a retenu l\u2019attention avec sa ligne automatis\u00e9e de pr\u00e9fabrication de murs en paille, solution biosourc\u00e9e et faiblement carbon\u00e9e. \u00ab\u00a0Pour une start-up comme la n\u00f4tre, cette aide de l\u2019\u00c9tat de 500\u00a0000\u00a0euros va nous permettre de valider nos premiers prototypes et ainsi confirmer notre premier chiffre d\u2019affaires\u00a0\u00bb, a pr\u00e9cis\u00e9 son pr\u00e9sident Fran\u00e7ois Brenot.<\/p>\n<p>\u00ab\u00a0Une aide de l\u2019\u00c9tat pour nous permettre de nous armer face \u00e0 la concurrence asiatique\u00a0\u00bb<\/p>\n<p>Cellulopack, dont les sites de Campsas et Castelsarrasin produisent des emballages compostables, a \u00e9t\u00e9 mise en avant pour son d\u00e9veloppement d\u2019un emballage alimentaire \u00e9tanche et sans plastique. La soci\u00e9t\u00e9 a re\u00e7u une aide de 100\u00a0000\u00a0euros.<\/p>\n<p>Nobrak, entreprise montalbanaise experte des pi\u00e8ces en composite tiss\u00e9es en fil de carbone, a vu trois de ses projets reconnus ces derni\u00e8res ann\u00e9es et figurait parmi les entreprises distingu\u00e9es ce jeudi. \u00ab\u00a0Cette aide de 635\u00a0000\u00a0euros nous permet de maintenir nos ambitions et notre avance face \u00e0 la concurrence asiatique\u00a0\u00bb, a reconnu son pr\u00e9sident Aymeric Azran.<\/p>\n<p>Gozoki, soci\u00e9t\u00e9 implant\u00e9e \u00e0 Valence-d\u2019Agen, repr\u00e9sent\u00e9e par son directeur\u00a0des achats Nicolas Ofanowski\u00a0a pour sa part re\u00e7u une aide de 364\u00a0000\u00a0euros.<\/p>\n<p>Enfin, Trimet, implant\u00e9e \u00e0 Castelsarrasin et reconnue pour sa ma\u00eetrise de la production d\u2019aluminium primaire, a \u00e9t\u00e9 honor\u00e9e pour son projet de four de pr\u00e9chauffage de nouvelle g\u00e9n\u00e9ration, synonyme de performance \u00e9nerg\u00e9tique et de s\u00e9curit\u00e9 renforc\u00e9e.<\/p>\n<p>En cl\u00f4ture de la c\u00e9r\u00e9monie, le pr\u00e9fet Vincent Roberti a rappel\u00e9 que France 2030 constitue un \u00ab\u00a0levier majeur de r\u00e9industrialisation\u00a0\u00bb et une \u00ab\u00a0opportunit\u00e9 pour les entreprises locales d\u2019investir dans l\u2019innovation tout en renfor\u00e7ant leur comp\u00e9titivit\u00e9\u00a0\u00bb. Cette soir\u00e9e a \u00e9galement rappel\u00e9 l\u2019importance des Septuors de La D\u00e9p\u00eache du Midi, qui mettent chaque ann\u00e9e en lumi\u00e8re les entreprises les plus innovantes et dynamiques du territoire. Plusieurs laur\u00e9ats pr\u00e9sents figuraient d\u00e9j\u00e0 parmi les r\u00e9compens\u00e9s des trois derni\u00e8res \u00e9ditions, signe de la continuit\u00e9 et de la vitalit\u00e9 de l\u2019\u00e9cosyst\u00e8me entrepreneurial tarn-et-garonnais.<\/p>\n<p>En rassemblant entreprises, institutions et partenaires, la pr\u00e9fecture a voulu montrer que le Tarn-et-Garonne s\u2019inscrit pleinement dans la dynamique nationale d\u2019investissement et d\u2019innovation. Les troph\u00e9es remis illustrent la capacit\u00e9 du territoire \u00e0 saisir les opportunit\u00e9s offertes par France 2030 et \u00e0 pr\u00e9parer, d\u00e8s aujourd\u2019hui, les fili\u00e8res industrielles de demain.<\/p>\n","protected":false},"excerpt":{"rendered":"l&rsquo;essentiel Port\u00e9 par une enveloppe de 5\u00a0millions d\u2019euros dans le Tarn-et-Garonne, le dispositif France 2030 a c\u00e9l\u00e9br\u00e9 jeudi&hellip;\n","protected":false},"author":2,"featured_media":578133,"comment_status":"","ping_status":"","sticky":false,"template":"","format":"standard","meta":{"footnotes":""},"categories":[4],"tags":[11,33,1011,27,12,25,36586],"class_list":{"0":"post-578132","1":"post","2":"type-post","3":"status-publish","4":"format-standard","5":"has-post-thumbnail","7":"category-france","8":"tag-actualites","9":"tag-economie","10":"tag-fr","11":"tag-france","12":"tag-news","13":"tag-republique-francaise","14":"tag-tarn-et-garonne"},"share_on_mastodon":{"url":"https:\/\/pubeurope.com\/@fr\/115662756653230288","error":""},"_links":{"self":[{"href":"https:\/\/www.europesays.com\/fr\/wp-json\/wp\/v2\/posts\/578132","targetHints":{"allow":["GET"]}}],"collection":[{"href":"https:\/\/www.europesays.com\/fr\/wp-json\/wp\/v2\/posts"}],"about":[{"href":"https:\/\/www.europesays.com\/fr\/wp-json\/wp\/v2\/types\/post"}],"author":[{"embeddable":true,"href":"https:\/\/www.europesays.com\/fr\/wp-json\/wp\/v2\/users\/2"}],"replies":[{"embeddable":true,"href":"https:\/\/www.europesays.com\/fr\/wp-json\/wp\/v2\/comments?post=578132"}],"version-history":[{"count":0,"href":"https:\/\/www.europesays.com\/fr\/wp-json\/wp\/v2\/posts\/578132\/revisions"}],"wp:featuredmedia":[{"embeddable":true,"href":"https:\/\/www.europesays.com\/fr\/wp-json\/wp\/v2\/media\/578133"}],"wp:attachment":[{"href":"https:\/\/www.europesays.com\/fr\/wp-json\/wp\/v2\/media?parent=578132"}],"wp:term":[{"taxonomy":"category","embeddable":true,"href":"https:\/\/www.europesays.com\/fr\/wp-json\/wp\/v2\/categories?post=578132"},{"taxonomy":"post_tag","embeddable":true,"href":"https:\/\/www.europesays.com\/fr\/wp-json\/wp\/v2\/tags?post=578132"}],"curies":[{"name":"wp","href":"https:\/\/api.w.org\/{rel}","templated":true}]}}