{"id":578134,"date":"2025-12-04T18:39:31","date_gmt":"2025-12-04T18:39:31","guid":{"rendered":"https:\/\/www.europesays.com\/fr\/578134\/"},"modified":"2025-12-04T18:39:31","modified_gmt":"2025-12-04T18:39:31","slug":"le-nouveau-defi-de-tiger-golf-media-info-en-ligne","status":"publish","type":"post","link":"https:\/\/www.europesays.com\/fr\/578134\/","title":{"rendered":"Le nouveau d\u00e9fi de Tiger &#8211; Golf Media-info en Ligne"},"content":{"rendered":"<ol>\n<li><a href=\"https:\/\/news.google.com\/rss\/articles\/CBMicEFVX3lxTFBCUlJrbUpHNXVTdTdjV2pXbVljOTUzdXZVUmdKSkR3czktOWx2YnJudmlva1RKZzZCS3Q4RWpBWmFTYnIzTnctMzJBWjZUMHh2ZjVqVzdVc2N0eXlZY1Zyc3VyZ1dIM1ZnV0F3bVJwWTA?oc=5\" target=\"_blank\" rel=\"noopener\">Le nouveau d\u00e9fi de Tiger<\/a>&nbsp;&nbsp;Golf Media-info en Ligne<\/li>\n<li><a href=\"https:\/\/news.google.com\/rss\/articles\/CBMihAJBVV95cUxNWjBuUTlIcjhzQ2FtaUt2dGxLNGhLMWIxZy1HUkZHcXV6a3Y2Z2E3UGVvSG9fZmR4clhjWlh6M0V3azdhMjcxRmRZb0RFS0hPQm9kNExXdUZPYVhXdTVWTHU0N2ZQX0E2MXVWNVdGSlkwU0pmZjVkNndzU25vY0gzb1REeTFSc3UyNDNNZVBUQWlMN1ZPQlFjQ3A3WC1oY1l6Uy13U1diaWFRQ293MklyN3lBaWVrejBfMUdyWWl3dEVrVzVFQUI3VTdvYUVLalEycjNRbVhWNW5ybXptV0RjNEs5Rms0WTlKeGFvMVZVamtjSnpsYzV3el9xZU5URnhiRURMVg?oc=5\" target=\"_blank\" rel=\"noopener\">Op\u00e9r\u00e9 du dos en octobre, Tiger Woods peut recommencer \u00e0 jouer mais regrette que sa r\u00e9\u00e9ducation n&rsquo;avance \u00ab pas aussi vite \u00bb que pr\u00e9vu<\/a>&nbsp;&nbsp;L&rsquo;\u00c9quipe<\/li>\n<li><a href=\"https:\/\/news.google.com\/rss\/articles\/CBMi-wFBVV95cUxPcFBqbEZUVDlSdFNaQkltNHQtZGQ3LXNPMEplZV9zdjRnY3ljLUlJVUs5SFhfVnA3ZFRuMzhoRi0yT0l2RWQ4N0xFcEVCMVBwNHdUbGw1TmhkU0pCYXJ1RWJXQkF3Zlp0LWJ5UEJpQUxYN2dkZElrTmlkbG00OEx6VTZMRlN2SzNPYURqekR4Vm9UNzB4Y2dCZVpwc09HUENzUmpVU1hCOGpDSTZVczh6am43aF9hNHhRSWtaYnNoQl9MZVJFUVVEaENFNW83eHhiTE9HTEhBR3hyQ1M5Z08wQ2tCLU0tMUFrYmpLeU5iMUZtYnpPRVoxR3hNVQ?oc=5\" target=\"_blank\" rel=\"noopener\">Golf. \u00c9chos des fairways: Tiger Woods, Q-School PGA et LPGA et le Tour Europ\u00e9en sur deux sites<\/a>&nbsp;&nbsp;Ouest-France<\/li>\n<li><a href=\"https:\/\/news.google.com\/rss\/articles\/CBMivwFBVV95cUxPa1dKRWs0cHlMTjAwd1JOMGxSR1pTellzWk5UNlRlN0F4UzdBSmdwalRyS3MzZ0lKM3U1N0JUbENUSjBwdTJpNXUyaDJRbHZDM0tGZTdCb1RmN3ZfMHo5and0R1QzNFpnZk5CSTNrVzNVa2dkTFdVcVotS2FEYXhkU3ZKUU5pMWtkbWF6cTFqeG5KM3J4V0tZOTRCelM0X2JjcWJNTUxFLVhmckZaT0huZ0xsUDdDakhuQjdHY1R4aw?oc=5\" target=\"_blank\" rel=\"noopener\">Golf : Tiger Woods n\u2019est pas apte \u00e0 revenir bient\u00f4t en comp\u00e9tition apr\u00e8s sa nouvelle op\u00e9ration du dos<\/a>&nbsp;&nbsp;Le Figaro Golf<\/li>\n<li><a href=\"https:\/\/news.google.com\/rss\/articles\/CBMitwFBVV95cUxOSnhvbEIweFJzTGxUR3RkYWhTTkViUlo4RDJUTzdrNS1vVFdDWnpXdE5CLTNWWC00dVFBaFViTy1oMm1jNE5tVHpFNjY0X01WZjFYZXVmSkNnLW9YOGZrQ0EyekpwZnBBeVV0NF9MQXVXeTNCdDJ2TjBUNWVBV2phQ0RDREN6clhxOGtKbW8yLTJabnhlbWRGeUt5NXM0bWMyczl3TjI5cmVHdE1GWlh5MG9WRjNrVFE?oc=5\" target=\"_blank\" rel=\"noopener\">Woods, \u00e0 l&rsquo;\u00e9preuve de la patience : \u00ab\u00a0Je suis encore tr\u00e8s loin\u00a0\u00bb de rejouer<\/a>&nbsp;&nbsp;Eurosport<\/li>\n<\/ol>\n","protected":false},"excerpt":{"rendered":"Le nouveau d\u00e9fi de Tiger&nbsp;&nbsp;Golf Media-info en Ligne Op\u00e9r\u00e9 du dos en octobre, Tiger Woods peut recommencer \u00e0&hellip;\n","protected":false},"author":2,"featured_media":528015,"comment_status":"","ping_status":"","sticky":false,"template":"","format":"standard","meta":{"footnotes":""},"categories":[1418],"tags":[1011,27,1472,60],"class_list":{"0":"post-578134","1":"post","2":"type-post","3":"status-publish","4":"format-standard","5":"has-post-thumbnail","7":"category-golf","8":"tag-fr","9":"tag-france","10":"tag-golf","11":"tag-sports"},"share_on_mastodon":{"url":"https:\/\/pubeurope.com\/@fr\/115662760516836575","error":""},"_links":{"self":[{"href":"https:\/\/www.europesays.com\/fr\/wp-json\/wp\/v2\/posts\/578134","targetHints":{"allow":["GET"]}}],"collection":[{"href":"https:\/\/www.europesays.com\/fr\/wp-json\/wp\/v2\/posts"}],"about":[{"href":"https:\/\/www.europesays.com\/fr\/wp-json\/wp\/v2\/types\/post"}],"author":[{"embeddable":true,"href":"https:\/\/www.europesays.com\/fr\/wp-json\/wp\/v2\/users\/2"}],"replies":[{"embeddable":true,"href":"https:\/\/www.europesays.com\/fr\/wp-json\/wp\/v2\/comments?post=578134"}],"version-history":[{"count":0,"href":"https:\/\/www.europesays.com\/fr\/wp-json\/wp\/v2\/posts\/578134\/revisions"}],"wp:featuredmedia":[{"embeddable":true,"href":"https:\/\/www.europesays.com\/fr\/wp-json\/wp\/v2\/media\/528015"}],"wp:attachment":[{"href":"https:\/\/www.europesays.com\/fr\/wp-json\/wp\/v2\/media?parent=578134"}],"wp:term":[{"taxonomy":"category","embeddable":true,"href":"https:\/\/www.europesays.com\/fr\/wp-json\/wp\/v2\/categories?post=578134"},{"taxonomy":"post_tag","embeddable":true,"href":"https:\/\/www.europesays.com\/fr\/wp-json\/wp\/v2\/tags?post=578134"}],"curies":[{"name":"wp","href":"https:\/\/api.w.org\/{rel}","templated":true}]}}