{"id":578142,"date":"2025-12-04T18:48:18","date_gmt":"2025-12-04T18:48:18","guid":{"rendered":"https:\/\/www.europesays.com\/fr\/578142\/"},"modified":"2025-12-04T18:48:18","modified_gmt":"2025-12-04T18:48:18","slug":"une-approche-similaire-de-la-rencontre","status":"publish","type":"post","link":"https:\/\/www.europesays.com\/fr\/578142\/","title":{"rendered":"Une approche similaire de la rencontre"},"content":{"rendered":"<p>              Le point sur l\u2019infirmerie<\/p>\n<p>Lassana Traor\u00e9, Chico Lamba, Lucas Stassin et Djylian N\u2019Guessan sont forfait. Hormis Lucas Stassin, qu\u2019on pourrait r\u00e9cup\u00e9rer pour Bastia et Nice, les trois autres seront indisponibles jusqu\u2019\u00e0 janvier. On a un doute concernant Mahmoud Jaber, qui a une infection \u00e0 un orteil. Jusqu\u2019\u00e0 aujourd\u2019hui, il s\u2019\u00e9tait entra\u00een\u00e9 normalement, mais il n\u2019a pas pu prendre part \u00e0 la s\u00e9ance de ce matin. A\u00efmen Moueffek, qui devait jouer face \u00e0 Ecotay mais avait \u00e9t\u00e9 touch\u00e9 aux adducteurs la veille du match, a effectu\u00e9 sa premi\u00e8re s\u00e9ance collective aujourd\u2019hui apr\u00e8s s\u2019\u00eatre entra\u00een\u00e9 individuellement en d\u00e9but de semaine. On va voir le concernant. Enfin, Paul Eymard a d\u00fb \u00e9courter sa s\u00e9ance du jour. Joshua Duffus est lui de retour !\u00a0<\/p>\n<p>Dunkerque<\/p>\n<p>Dunkerque est une \u00e9quipe tr\u00e8s s\u00e9rieuse, qui a atteint les barrages la saison derni\u00e8re et une demi-finale de Coupe de France. Elle reste sur de tr\u00e8s belles prestations en championnat. Elle a moins de points que ce qu\u2019elle m\u00e9riterait d\u2019avoir. C\u2019est une \u00e9quipe avec un style de jeu offensif et qui est tr\u00e8s bien encadr\u00e9e avec des joueurs impactants.\u00a0<\/p>\n<p>Un match plus ouvert ?<\/p>\n<p>Dunkerque, comme nous, souhaite produire un jeu ouvert, port\u00e9 vers l\u2019avant. L\u2019approche d\u2019une rencontre est assez similaire entre nos deux clubs.\u00a0<\/p>\n<p>Nice, prochain adversaire en Coupe de France\u00a0<\/p>\n<p>Je suis tr\u00e8s heureux de ce tirage. Je souhaitais tomber sur une \u00e9quipe de L1 pour voir o\u00f9 nous en sommes, nous tester et jauger notre d\u00e9veloppement car je pense que mon groupe n\u2019a pas encore montr\u00e9 le meilleur de lui-m\u00eame. Nice est en difficult\u00e9 r\u00e9cemment, mais reste une \u00e9quipe europ\u00e9enne et un gros morceau du championnat fran\u00e7ais. Il y a aussi une certaine revanche \u00e0 prendre par rapport au dernier d\u00e9placement dans ce stade. Je suis juste d\u00e9\u00e7u de savoir que nous ne pourrons compter sur aucun supporter lors de ce rendez-vous. Mais avant \u00e7a, nous avons deux matches int\u00e9ressants en L2, \u00e0 Dunkerque puis face \u00e0 Bastia.\u00a0<\/p>\n","protected":false},"excerpt":{"rendered":"Le point sur l\u2019infirmerie Lassana Traor\u00e9, Chico Lamba, Lucas Stassin et Djylian N\u2019Guessan sont forfait. Hormis Lucas Stassin,&hellip;\n","protected":false},"author":2,"featured_media":578143,"comment_status":"","ping_status":"","sticky":false,"template":"","format":"standard","meta":{"footnotes":""},"categories":[1410],"tags":[63,1011,27,60],"class_list":{"0":"post-578142","1":"post","2":"type-post","3":"status-publish","4":"format-standard","5":"has-post-thumbnail","7":"category-football","8":"tag-football","9":"tag-fr","10":"tag-france","11":"tag-sports"},"share_on_mastodon":{"url":"https:\/\/pubeurope.com\/@fr\/115662795741465656","error":""},"_links":{"self":[{"href":"https:\/\/www.europesays.com\/fr\/wp-json\/wp\/v2\/posts\/578142","targetHints":{"allow":["GET"]}}],"collection":[{"href":"https:\/\/www.europesays.com\/fr\/wp-json\/wp\/v2\/posts"}],"about":[{"href":"https:\/\/www.europesays.com\/fr\/wp-json\/wp\/v2\/types\/post"}],"author":[{"embeddable":true,"href":"https:\/\/www.europesays.com\/fr\/wp-json\/wp\/v2\/users\/2"}],"replies":[{"embeddable":true,"href":"https:\/\/www.europesays.com\/fr\/wp-json\/wp\/v2\/comments?post=578142"}],"version-history":[{"count":0,"href":"https:\/\/www.europesays.com\/fr\/wp-json\/wp\/v2\/posts\/578142\/revisions"}],"wp:featuredmedia":[{"embeddable":true,"href":"https:\/\/www.europesays.com\/fr\/wp-json\/wp\/v2\/media\/578143"}],"wp:attachment":[{"href":"https:\/\/www.europesays.com\/fr\/wp-json\/wp\/v2\/media?parent=578142"}],"wp:term":[{"taxonomy":"category","embeddable":true,"href":"https:\/\/www.europesays.com\/fr\/wp-json\/wp\/v2\/categories?post=578142"},{"taxonomy":"post_tag","embeddable":true,"href":"https:\/\/www.europesays.com\/fr\/wp-json\/wp\/v2\/tags?post=578142"}],"curies":[{"name":"wp","href":"https:\/\/api.w.org\/{rel}","templated":true}]}}