{"id":578144,"date":"2025-12-04T18:50:25","date_gmt":"2025-12-04T18:50:25","guid":{"rendered":"https:\/\/www.europesays.com\/fr\/578144\/"},"modified":"2025-12-04T18:50:25","modified_gmt":"2025-12-04T18:50:25","slug":"les-maisons-des-stars-en-corse","status":"publish","type":"post","link":"https:\/\/www.europesays.com\/fr\/578144\/","title":{"rendered":"Les maisons des stars en Corse"},"content":{"rendered":"<p data-start=\"118\" data-end=\"520\">\u00c9crin privil\u00e9gi\u00e9 des c\u00e9l\u00e9brit\u00e9s,<br \/>\nla Corse a tout \u00e0 offrir : la mer, la montagne, le soleil, des<br \/>\nplages et des paysages \u00e0 couper le souffle. Sans surprise, l\u00a0\u00bb\u00eele de<br \/>\nBeaut\u00e9 est devenu un refuge pour de nombreuses stars, qui y passent<br \/>\nleurs \u00e9t\u00e9s, et parfois plus si affinit\u00e9s.<\/p>\n<p>Laetitia Casta : sa sublime<br \/>\nmaison du XVe si\u00e8cle \u00e0 Lumio<\/p>\n<p data-start=\"118\" data-end=\"520\">Chaque \u00e9t\u00e9, <a href=\"https:\/\/www.lejournaldelamaison.fr\/le-journal-de-la-maison\/reportages-maisons\/maisons-reportages-maisons\/laetitia-casta-en-corse-je-me-ressource-voici-ce-que-va-devenir-sa-maison-de-vacances-en-corse-ancienne-batisse-du-xve-siecle-entierement-renovee-par-son-pere-apres-sa-separation-avec-louis-g-518008.html\" target=\"_blank\" rel=\"noopener\"><br \/>\nLaetitia Casta<\/a> revient sur les terres de son enfance, dans le<br \/>\npetit village de Lumio (Haute-Corse), o\u00f9 elle poss\u00e8de <strong>une<br \/>\nmaison familiale charg\u00e9e d&rsquo;histoire<\/strong>. Cet ancien b\u00e2timent<br \/>\ndu XVe si\u00e8cle appartenait \u00e0 sa famille depuis plusieurs g\u00e9n\u00e9rations<br \/>\n\u2014 son arri\u00e8re-grand-m\u00e8re, Zelinda, y travaillait comme<br \/>\ngouvernante.<\/p>\n<p data-start=\"522\" data-end=\"989\">M\u00eame si l&rsquo;actrice et mannequin<br \/>\nn&rsquo;y vit pas toute l&rsquo;ann\u00e9e, c&rsquo;est l\u00e0 que ses parents r\u00e9sident<br \/>\naujourd&rsquo;hui, et <strong>c\u2019est dans ce lieu impr\u00e9gn\u00e9 de vieux<br \/>\nsouvenirs qu&rsquo;elle aime revenir en famille<\/strong>, poser ses<br \/>\nvalises avec ses enfants, et renouer avec des racines profondes.<br \/>\nSymbole d&rsquo;un patrimoine familial et d&rsquo;un lien intime \u00e0 la Corse,<br \/>\ncette maison est comme une bouff\u00e9e d&rsquo;air frais \u00e0 savourer \u00e0 chaque<br \/>\ninstant.<\/p>\n<p>Muriel Robin : quand la Corse a<br \/>\n\u00e9t\u00e9 son refuge<\/p>\n<p data-start=\"119\" data-end=\"577\">\u00c0 Lumio toujours, <a href=\"https:\/\/www.lejournaldelamaison.fr\/le-journal-de-la-maison\/reportages-maisons\/maisons-reportages-maisons\/muriel-robin-cette-maison-secondaire-quelle-vient-de-soffrir-en-corse-473848.html\" target=\"_blank\" rel=\"noopener\"><br \/>\nMuriel Robin<\/a>, l&rsquo;humoriste et com\u00e9dienne, a un temps choisi la<br \/>\nCorse comme havre de paix. Elle poss\u00e9dait une maison secondaire \u00e0<br \/>\nLumio, dans le nord de l&rsquo;\u00eele, o\u00f9 elle et sa compagne Anne Le Nen<br \/>\nont v\u00e9cu le confinement de 2020. C\u2019est dans ce cadre que Muriel<br \/>\nRobin affirmait avoir besoin de \u00ab s&rsquo;isoler en Corse quatre mois<br \/>\nd\u2019affil\u00e9e pour me nettoyer face \u00e0 la beaut\u00e9 de la nature<br \/>\n\u00bb.<\/p>\n<blockquote class=\"instagram-media\" style=\"background: #ffffff;border: 0;margin: 1px;width: 100%;padding: 0;max-width: 500px;\" data-instgrm-permalink=\"https:\/\/www.instagram.com\/p\/DQMGCc4iCzT\/?img_index=1\" data-instgrm-version=\"14\"\/><p>\nMichel Fugain : la Corse comme<br \/>\nrefuge et horizon<\/p>\n<p data-start=\"1094\" data-end=\"1475\">Apr\u00e8s des ann\u00e9es \u00e0 jongler<br \/>\nentre sc\u00e8ne, voyages et vie parisienne, <a href=\"https:\/\/www.lejournaldelamaison.fr\/le-journal-de-la-maison\/reportages-maisons\/maisons-bord-de-mer\/michel-fugain-refuge-corse-vue-mer-502607.html\" target=\"_blank\" rel=\"noopener\"><br \/>\nMichel Fugain<\/a> a choisi la tranquillit\u00e9 de la Corse pour trouver<br \/>\nla paix. L\u2019ancien chanteur a quitt\u00e9 la vie tr\u00e9pidante de la<br \/>\ncapitale pour poser ses bagages dans une r\u00e9sidence insulaire,<br \/>\nentour\u00e9 de nature, mer et montagnes \u2014 <strong>un cadre qu\u2019il<br \/>\nqualifie lui-m\u00eame de havre de paix<\/strong>.<\/p>\n<p data-start=\"1477\" data-end=\"1924\">Pour Fugain, la Corse n&rsquo;est<br \/>\npas qu&rsquo;une simple destination de vacances : elle incarne un vrai<br \/>\nrefuge, un lieu de ressourcement apr\u00e8s une vie de carri\u00e8re intense<br \/>\net d&rsquo;\u00e9motions. Aupr\u00e8s de Nice-Matin, il savoure l&rsquo;\u00eele de<br \/>\nBeaut\u00e9 : \u00ab J&rsquo;habite en Corse, o\u00f9\u00a0la vie est tout<br \/>\n\u00e0 fait normale, o\u00f9 les gens sont normaux, o\u00f9 il n&rsquo;y a pas de<br \/>\ngesticulation.\u00a0<strong>C&rsquo;est le soleil qu&rsquo;il y a l\u00e0,<br \/>\nquand j&rsquo;ouvre mes volets le matin.<\/strong> \u00bb<\/p>\n<p>Jacques Dutronc : sa villa\u00a0corse \u00e0 Monticello, entre m\u00e9moire<br \/>\net tranquillit\u00e9<\/p>\n<p data-start=\"1116\" data-end=\"1500\">Depuis pr\u00e8s d&rsquo;un demi-si\u00e8cle,<br \/>\n<strong>Jacques Dutronc<\/strong> vit dans <a href=\"https:\/\/www.lejournaldelamaison.fr\/le-journal-de-la-maison\/reportages-maisons\/maisons-bord-de-mer\/qui-a-herite-de-la-maison-corse-de-francoise-hardy-ou-jacques-dutronc-vit-monticello-514645.html\" target=\"_blank\" rel=\"noopener\"><br \/>\nune villa nich\u00e9e sur les collines de<br \/>\nMonticello<\/a><strong>,<\/strong> en Haute-Corse. Cette maison en<br \/>\npierre et cr\u00e9pi a \u00e9t\u00e9 construite en 1966 par <strong>Fran\u00e7oise<br \/>\nHardy<\/strong>, sur un terrain offert par un ami, et elle est<br \/>\ndevenue, au fil du temps, le refuge paisible de l\u2019artiste.<\/p>\n<p data-start=\"1502\" data-end=\"2127\">Malgr\u00e9 la disparition de<br \/>\nFran\u00e7oise Hardy en 2024, la demeure reste <strong>la r\u00e9sidence<br \/>\nprincipale<\/strong> de Jacques Dutronc. Il y a souvent rappel\u00e9 avec<br \/>\nhumour : \u00ab c\u2019est une maison que Fran\u00e7oise a fait construire\u2026 je<br \/>\nsuis arriv\u00e9 ici et j\u2019ai dit : je garde la place \u00bb. Pour lui,<br \/>\ncette maison repr\u00e9sente plus qu\u2019un toit : un cocon charg\u00e9 de<br \/>\nsouvenirs, \u00e9loign\u00e9 de l&rsquo;agitation, un lieu o\u00f9 il peut mener une vie<br \/>\nsimple, rythm\u00e9e par le calme, la mer, les collines corses \u2014 et la<br \/>\ncompagnie nombreuse de ses chats.<\/p>\n<p><script async src=\"\/\/www.instagram.com\/embed.js\"><\/script><\/p>\n","protected":false},"excerpt":{"rendered":"\u00c9crin privil\u00e9gi\u00e9 des c\u00e9l\u00e9brit\u00e9s, la Corse a tout \u00e0 offrir : la mer, la montagne, le soleil, des&hellip;\n","protected":false},"author":2,"featured_media":578145,"comment_status":"","ping_status":"","sticky":false,"template":"","format":"standard","meta":{"footnotes":""},"categories":[1359],"tags":[69239,2517,37115,58,9135,3026,59,1011,27,19023,69238,3591,44810,973,69240,6389,13761],"class_list":{"0":"post-578144","1":"post","2":"type-post","3":"status-publish","4":"format-standard","5":"has-post-thumbnail","7":"category-people","8":"tag-casta","9":"tag-corse","10":"tag-devoiles","11":"tag-divertissement","12":"tag-dutronc","13":"tag-en","14":"tag-entertainment","15":"tag-fr","16":"tag-france","17":"tag-jacques","18":"tag-laetitia","19":"tag-leurs","20":"tag-muriel","21":"tag-people","22":"tag-refuges","23":"tag-robin","24":"tag-secrets"},"share_on_mastodon":{"url":"https:\/\/pubeurope.com\/@fr\/115662803663872045","error":""},"_links":{"self":[{"href":"https:\/\/www.europesays.com\/fr\/wp-json\/wp\/v2\/posts\/578144","targetHints":{"allow":["GET"]}}],"collection":[{"href":"https:\/\/www.europesays.com\/fr\/wp-json\/wp\/v2\/posts"}],"about":[{"href":"https:\/\/www.europesays.com\/fr\/wp-json\/wp\/v2\/types\/post"}],"author":[{"embeddable":true,"href":"https:\/\/www.europesays.com\/fr\/wp-json\/wp\/v2\/users\/2"}],"replies":[{"embeddable":true,"href":"https:\/\/www.europesays.com\/fr\/wp-json\/wp\/v2\/comments?post=578144"}],"version-history":[{"count":0,"href":"https:\/\/www.europesays.com\/fr\/wp-json\/wp\/v2\/posts\/578144\/revisions"}],"wp:featuredmedia":[{"embeddable":true,"href":"https:\/\/www.europesays.com\/fr\/wp-json\/wp\/v2\/media\/578145"}],"wp:attachment":[{"href":"https:\/\/www.europesays.com\/fr\/wp-json\/wp\/v2\/media?parent=578144"}],"wp:term":[{"taxonomy":"category","embeddable":true,"href":"https:\/\/www.europesays.com\/fr\/wp-json\/wp\/v2\/categories?post=578144"},{"taxonomy":"post_tag","embeddable":true,"href":"https:\/\/www.europesays.com\/fr\/wp-json\/wp\/v2\/tags?post=578144"}],"curies":[{"name":"wp","href":"https:\/\/api.w.org\/{rel}","templated":true}]}}