{"id":578146,"date":"2025-12-04T18:52:25","date_gmt":"2025-12-04T18:52:25","guid":{"rendered":"https:\/\/www.europesays.com\/fr\/578146\/"},"modified":"2025-12-04T18:52:25","modified_gmt":"2025-12-04T18:52:25","slug":"lappel-doffres-xxl-du-louvre-pour-renforcer-sa-securite","status":"publish","type":"post","link":"https:\/\/www.europesays.com\/fr\/578146\/","title":{"rendered":"L\u2019appel d\u2019offres XXL du Louvre pour renforcer sa s\u00e9curit\u00e9"},"content":{"rendered":"\n<p>\u00ab\u00a0Ce drame a profond\u00e9ment choqu\u00e9 les agents du Mus\u00e9e du Louvre. Il a profond\u00e9ment choqu\u00e9 nos concitoyens. Il a profond\u00e9ment choqu\u00e9 toutes celles et tous ceux qui aiment le Louvre et admirent nos collections, bien au-del\u00e0 de nos fronti\u00e8res.\u00a0\u00bb Ce 22\u00a0octobre, Laurence des Cars, la pr\u00e9sidente du plus grand mus\u00e9e au monde, est venue s\u2019expliquer devant le S\u00e9nat sur le spectaculaire vol des bijoux et joyaux de la couronne de France intervenu 3 jours plus t\u00f4t.<\/p>\n","protected":false},"excerpt":{"rendered":"\u00ab\u00a0Ce drame a profond\u00e9ment choqu\u00e9 les agents du Mus\u00e9e du Louvre. Il a profond\u00e9ment choqu\u00e9 nos concitoyens. Il&hellip;\n","protected":false},"author":2,"featured_media":578147,"comment_status":"","ping_status":"","sticky":false,"template":"","format":"standard","meta":{"footnotes":""},"categories":[1358],"tags":[1348,1384,1385,1386,58,59,1011,27,316],"class_list":{"0":"post-578146","1":"post","2":"type-post","3":"status-publish","4":"format-standard","5":"has-post-thumbnail","7":"category-arts-et-design","8":"tag-arts","9":"tag-arts-and-design","10":"tag-arts-et-design","11":"tag-design","12":"tag-divertissement","13":"tag-entertainment","14":"tag-fr","15":"tag-france","16":"tag-politique"},"share_on_mastodon":{"url":"https:\/\/pubeurope.com\/@fr\/115662811502504384","error":""},"_links":{"self":[{"href":"https:\/\/www.europesays.com\/fr\/wp-json\/wp\/v2\/posts\/578146","targetHints":{"allow":["GET"]}}],"collection":[{"href":"https:\/\/www.europesays.com\/fr\/wp-json\/wp\/v2\/posts"}],"about":[{"href":"https:\/\/www.europesays.com\/fr\/wp-json\/wp\/v2\/types\/post"}],"author":[{"embeddable":true,"href":"https:\/\/www.europesays.com\/fr\/wp-json\/wp\/v2\/users\/2"}],"replies":[{"embeddable":true,"href":"https:\/\/www.europesays.com\/fr\/wp-json\/wp\/v2\/comments?post=578146"}],"version-history":[{"count":0,"href":"https:\/\/www.europesays.com\/fr\/wp-json\/wp\/v2\/posts\/578146\/revisions"}],"wp:featuredmedia":[{"embeddable":true,"href":"https:\/\/www.europesays.com\/fr\/wp-json\/wp\/v2\/media\/578147"}],"wp:attachment":[{"href":"https:\/\/www.europesays.com\/fr\/wp-json\/wp\/v2\/media?parent=578146"}],"wp:term":[{"taxonomy":"category","embeddable":true,"href":"https:\/\/www.europesays.com\/fr\/wp-json\/wp\/v2\/categories?post=578146"},{"taxonomy":"post_tag","embeddable":true,"href":"https:\/\/www.europesays.com\/fr\/wp-json\/wp\/v2\/tags?post=578146"}],"curies":[{"name":"wp","href":"https:\/\/api.w.org\/{rel}","templated":true}]}}