{"id":578148,"date":"2025-12-04T18:54:23","date_gmt":"2025-12-04T18:54:23","guid":{"rendered":"https:\/\/www.europesays.com\/fr\/578148\/"},"modified":"2025-12-04T18:54:23","modified_gmt":"2025-12-04T18:54:23","slug":"israel-nest-pas-exclu-lespagne-les-pays-bas-et-lirlande-boycotteront","status":"publish","type":"post","link":"https:\/\/www.europesays.com\/fr\/578148\/","title":{"rendered":"Isra\u00ebl n\u2019est pas exclu, l\u2019Espagne, les Pays-Bas et l\u2019Irlande boycotteront"},"content":{"rendered":"<p>La d\u00e9cision est enfin tomb\u00e9e. Isra\u00ebl participera \u00e0 la prochaine \u00e9dition du concours <a href=\"https:\/\/www.20minutes.fr\/arts-stars\/culture\/eurovision\/\" class=\"c-link c-link--is-underlined\" target=\"_blank\" rel=\"noopener\">Eurovision<\/a> de la chanson qui se tiendra du 12 au 16\u00a0mai \u00e0 Vienne (Autriche). Ainsi en ont diffus\u00e9 les diffuseurs membres de l\u2019Union europ\u00e9enne de radiot\u00e9l\u00e9vision (UER) r\u00e9unis ces jeudi et vendredi \u00e0 Gen\u00e8ve (Suisse) pour l\u2019assembl\u00e9e g\u00e9n\u00e9rale de l\u2019organisation.<\/p>\n<p>L\u2019UER a soumis \u00e0 un vote \u00e0 bulletin secret l\u2019approbation <a href=\"https:\/\/www.20minutes.fr\/arts-stars\/culture\/4187075-20251121-eurovision-2026-organisateurs-changent-regles-vote-apres-controverse-autour-israel\" class=\"c-link c-link--is-underlined\" target=\"_blank\" rel=\"noopener\">du nouveau r\u00e8glement propos\u00e9 le mois dernier<\/a>. Celui-ci a \u00e9t\u00e9 valid\u00e9 par 738 voix pour, 264 contre et 120 abstentions, sur un total de 1.122 votants <a href=\"https:\/\/www.20minutos.es\/television\/israel-si-participara-eurovision-uer-elude-una-votacion-directa-solo-se-han-aprobado-las-nuevas-medidas_6906652_0.html\" rel=\"nofollow noopener\" target=\"_blank\" class=\"c-link c-link--is-underlined\">rapporte le site 20minutos.es<\/a>. La question du maintien d\u2019<a href=\"https:\/\/www.20minutes.fr\/monde\/israel\/\" class=\"c-link c-link--is-underlined\" target=\"_blank\" rel=\"noopener\">Isra\u00ebl <\/a>dans la comp\u00e9tition n\u2019a pas donn\u00e9 lieu \u00e0 un nouveau scrutin.<\/p>\n<p>Cit\u00e9e <a href=\"https:\/\/www.ebu.ch\/news\/2025\/12\/ebu-members-show-clear-support-for-eurovision-reforms\" rel=\"nofollow noopener\" target=\"_blank\" class=\"c-link c-link--is-underlined\">dans un communiqu\u00e9<\/a>, Delphine Ernotte, actuelle pr\u00e9sidente de l\u2019UER, a d\u00e9clar\u00e9 que \u00ab\u00a0le r\u00e9sultat de ce vote d\u00e9montre que nos membres partagent cet engagement en faveur de la transparence et de la confiance dans le concours\u00a0\u00bb.<\/p>\n<p>L\u2019Europe divis\u00e9e<\/p>\n<p>Avant l\u2019annonce de l\u2019accord de cessez-le-feu entre Isra\u00ebl et le Hamas, la participation d\u2019Isra\u00ebl \u00e0 la comp\u00e9tition avait divis\u00e9 les diffuseurs europ\u00e9ens. Plusieurs pays tels que <a href=\"https:\/\/www.20minutes.fr\/arts-stars\/culture\/4173390-20250916-eurovision-2026-pourquoi-menace-boycott-espagne-si-israel-participe-anecdotique\" class=\"c-link c-link--is-underlined\" target=\"_blank\" rel=\"noopener\">l\u2019Espagne<\/a>, l\u2019Irlande, la Slov\u00e9nie, l\u2019Islande et les Pays-Bas avaient ainsi fait part de leur intention de se retirer du concours si l\u2019\u00c9tat h\u00e9breu y concourait l\u2019an prochain. L\u2019Allemagne et l\u2019Autriche, pays organisateur de l\u2019\u00e9dition 2026, s\u2019\u00e9taient de leur c\u00f4t\u00e9 prononc\u00e9es <a href=\"https:\/\/www.20minutes.fr\/arts-stars\/culture\/eurovision\/4186417-20251118-eurovision-2026-diffuseur-autrichien-espere-parvenir-compromis-participation-israel\" class=\"c-link c-link--is-underlined\" target=\"_blank\" rel=\"noopener\">en faveur de la participation isra\u00e9lienne<\/a>.<\/p>\n<p>La cha\u00eene n\u00e9erlandaise AVROTROS avait notamment justifi\u00e9 sa position en mettant en avant les \u00ab\u00a0s\u00e9rieuses violations de la libert\u00e9 de la presse\u00a0\u00bb commises par les Isra\u00e9liens \u00e0 Gaza. Elle accusait Isra\u00ebl d\u2019avoir commis \u00ab\u00a0des interf\u00e9rences prouv\u00e9es lors de la derni\u00e8re \u00e9dition, se livrant \u00e0 une instrumentalisation politique de l\u2019\u00e9v\u00e9nement\u00a0\u00bb. Raison pour laquelle l\u2019UER a d\u00e9cid\u00e9 de faire \u00e9voluer son r\u00e8glement.<\/p>\n<p>Pour les Pays-Bas, des valeurs universelles \u00ab\u00a0ont \u00e9t\u00e9 compromises\u00a0\u00bb<\/p>\n<p>Jeudi soir, apr\u00e8s l\u2019officialisation des r\u00e9sultats du vote, AVROTROS a annonc\u00e9 que les Pays-Bas ne participeraient pas \u00e0 l\u2019Eurovision 2026. \u00ab\u00a0Cela n\u2019a pas \u00e9t\u00e9 une d\u00e9cision facile, et elle n\u2019a pas \u00e9t\u00e9 prise \u00e0 la l\u00e9g\u00e8re. Le concours Eurovision de la chanson est tr\u00e8s important pour nous. La culture unit, mais pas a n\u2019importe quel prix. Ce qu\u2019il s\u2019est pass\u00e9 lors de l\u2019ann\u00e9e \u00e9coul\u00e9e a mis \u00e0 l\u2019\u00e9preuve nos principes. Des valeurs universelles telles que l\u2019humanit\u00e9 et la libert\u00e9 de la presse ont \u00e9t\u00e9 gravement compromises, et, pour nous, ces valeurs sont non n\u00e9gociables. En tant que cha\u00eene de service public, nous avons la responsabilit\u00e9 de rester fid\u00e8les \u00e0 nos valeurs fondamentales, m\u00eame lorsque cela s\u2019av\u00e8re difficile ou d\u00e9licat\u00a0\u00bb, <a href=\"https:\/\/www.avrotros.nl\/article\/avrotros-neemt-in-2026-niet-deel-aan-het-eurovisie-songfestival~1314\/\" rel=\"nofollow noopener\" target=\"_blank\" class=\"c-link c-link--is-underlined\">a r\u00e9agi, dans un communiqu\u00e9 Taco Zimmerman<\/a>, le directeur g\u00e9n\u00e9ral d\u2019AVROTROS.<\/p>\n<\/p>\n<p>La cha\u00eene espagnole RTVE et son homologue irlandaise RTE ont \u00e9galement annonc\u00e9, via un communiqu\u00e9, le retrait de l\u2019Espagne et de l\u2019Irlande suite au r\u00e9sultat du vote de ce jeudi.<\/p>\n<p>Au tour de la Slov\u00e9nie\u00a0?<\/p>\n<p>La Slov\u00e9nie serait en passe de boycotter \u00e9galement l\u2019Eurovision. Natalija Gor\u0161\u010dak, la pr\u00e9sidente du conseil d\u2019administration de RTV Slov\u00e9nie a d\u00e9clar\u00e9, lors de son discours devant les autres membres\u00a0: \u00ab\u00a0Nos journalistes n\u2019\u00e9taient pas, et ne sont toujours pas, autoris\u00e9s \u00e0 entrer \u00e0 Gaza, o\u00f9 plus de 200 journalistes ont \u00e9t\u00e9 tu\u00e9s. L\u2019ann\u00e9e derni\u00e8re, nous avons constat\u00e9 que la prestation isra\u00e9lienne \u00e9tait politique\u00a0\u00bb, relaye le site de la cha\u00eene publique slov\u00e8ne.<\/p>\n<p><a href=\"https:\/\/www.20minutes.fr\/arts-stars\/culture\/eurovision\/\" class=\"c-link c-btn c-btn--primary\" target=\"_blank\" rel=\"noopener\">Nos articles sur l&rsquo;Eurovision<\/a><\/p>\n<p>Natalija Gor\u0161\u010dak a ajout\u00e9\u00a0: \u00ab\u00a0N\u2019oublions pas que <a href=\"https:\/\/www.20minutes.fr\/culture\/2049783-20170413-eurovision-2017-russie-participera-concours-ukraine\" class=\"c-link c-link--is-underlined\" target=\"_blank\" rel=\"noopener\">nous avons interdit une prestation similaire d\u2019une chanteuse russe en Ukraine<\/a>. En\u00a02017, nous avons ouvert la bo\u00eete de Pandore \u00e0 Stockholm <a href=\"https:\/\/www.20minutes.fr\/culture\/1845731-20160514-direct-eurovision-2016-suivez-grande-finale-victoire-france\" class=\"c-link c-link--is-underlined\" target=\"_blank\" rel=\"noopener\">lorsqu\u2019une chanson politique a remport\u00e9 le concours<\/a> [1944 de <a href=\"https:\/\/www.20minutes.fr\/arts-stars\/culture\/3248779-20220308-guerre-ukraine-jamala-star-eurovision-devenue-porte-voix-tragedie-pays\" class=\"c-link c-link--is-underlined\" target=\"_blank\" rel=\"noopener\">Jamala<\/a> pour l\u2019Ukraine], et depuis, nous luttons contre la politisation de l\u2019Eurovision.\u00a0\u00bb<\/p>\n<p>Les diffuseurs ont jusqu\u2019au 10\u00a0d\u00e9cembre pour confirmer leur participation au concours Eurovision de la chanson 2026.<\/p>\n","protected":false},"excerpt":{"rendered":"La d\u00e9cision est enfin tomb\u00e9e. Isra\u00ebl participera \u00e0 la prochaine \u00e9dition du concours Eurovision de la chanson qui&hellip;\n","protected":false},"author":2,"featured_media":578149,"comment_status":"","ping_status":"","sticky":false,"template":"","format":"standard","meta":{"footnotes":""},"categories":[1356],"tags":[251,58,59,123,51844,1011,27,665,664,934,21170,252,1364],"class_list":{"0":"post-578148","1":"post","2":"type-post","3":"status-publish","4":"format-standard","5":"has-post-thumbnail","7":"category-television","8":"tag-culture","9":"tag-divertissement","10":"tag-entertainment","11":"tag-espagne","12":"tag-eurovision-2026","13":"tag-fr","14":"tag-france","15":"tag-gaza","16":"tag-israel","17":"tag-pays-bas","18":"tag-slovenie","19":"tag-television","20":"tag-tv"},"share_on_mastodon":{"url":"https:\/\/pubeurope.com\/@fr\/115662819485235786","error":""},"_links":{"self":[{"href":"https:\/\/www.europesays.com\/fr\/wp-json\/wp\/v2\/posts\/578148","targetHints":{"allow":["GET"]}}],"collection":[{"href":"https:\/\/www.europesays.com\/fr\/wp-json\/wp\/v2\/posts"}],"about":[{"href":"https:\/\/www.europesays.com\/fr\/wp-json\/wp\/v2\/types\/post"}],"author":[{"embeddable":true,"href":"https:\/\/www.europesays.com\/fr\/wp-json\/wp\/v2\/users\/2"}],"replies":[{"embeddable":true,"href":"https:\/\/www.europesays.com\/fr\/wp-json\/wp\/v2\/comments?post=578148"}],"version-history":[{"count":0,"href":"https:\/\/www.europesays.com\/fr\/wp-json\/wp\/v2\/posts\/578148\/revisions"}],"wp:featuredmedia":[{"embeddable":true,"href":"https:\/\/www.europesays.com\/fr\/wp-json\/wp\/v2\/media\/578149"}],"wp:attachment":[{"href":"https:\/\/www.europesays.com\/fr\/wp-json\/wp\/v2\/media?parent=578148"}],"wp:term":[{"taxonomy":"category","embeddable":true,"href":"https:\/\/www.europesays.com\/fr\/wp-json\/wp\/v2\/categories?post=578148"},{"taxonomy":"post_tag","embeddable":true,"href":"https:\/\/www.europesays.com\/fr\/wp-json\/wp\/v2\/tags?post=578148"}],"curies":[{"name":"wp","href":"https:\/\/api.w.org\/{rel}","templated":true}]}}